{"id":33781,"date":"2023-06-27T19:49:40","date_gmt":"2023-06-27T19:49:40","guid":{"rendered":"https:\/\/puntoapunto.com.ar\/?p=347258"},"modified":"2023-06-27T19:49:40","modified_gmt":"2023-06-27T19:49:40","slug":"llaryora-vamos-a-recuperar-la-legislatura-y-el-tribunal-de-cuentas","status":"publish","type":"post","link":"http:\/\/nuevacordoba.net\/index.php\/2023\/06\/27\/llaryora-vamos-a-recuperar-la-legislatura-y-el-tribunal-de-cuentas\/","title":{"rendered":"Llaryora: \u00abvamos a recuperar la Legislatura y el Tribunal de Cuentas\u00bb"},"content":{"rendered":"<div class=\"g g-37\">\n<div class=\"g-single a-29\"><a class=\"gofollow\" data-track=\"MjksMzcsMSw2MA==\" href=\"https:\/\/www.harmoniechateau.com.ar\/\" target=\"_blank\" rel=\"noopener\"><img class=\"lazyload\" src=\"http:\/\/nuevacordoba.net\/wp-content\/uploads\/2023\/06\/llaryora-vamos-a-recuperar-la-legislatura-y-el-tribunal-de-cuentas.jpg\"><\/a><\/div>\n<\/div>\n<p>&nbsp;\n<\/p>\n<p>En el marco del ciclo de almuerzo de trabajo con candidatos que organiza la Bolsa de Comercio de C\u00f3rdoba y que comienza a recibir a los candidatos a intendente disert\u00f3 el actual jefe municipal y gobernador electo, Martin Llaryora\n<\/p>\n<h5><strong>Llaryora: \u00abcon estos resultados nosotros no vamos a tener grieta, vamos a dialogar con todo\u00bb<\/strong><\/h5>\n<p>Ante un auditorio repleto de empresarios el mandatario se dedic\u00f3 de lleno a plantear su diagn\u00f3stico sobre lo que pas\u00f3 el domingo 25, d\u00eda de las elecciones.&nbsp;Entre las principales definiciones apunt\u00f3 que en el escrutinio definitivo sumar\u00e1n m\u00e1s votos recuperar\u00e1n la mayor\u00eda en la Legislatura.\n<\/p>\n<p>Molesto y a\u00fan sin respuestas,&nbsp;<strong>para Llaryora \u00ablo que nos ha pasado no nos tendr\u00eda que haber pasado en C\u00f3rdoba<\/strong>, por la calidad institucional que tenemos, por el desarrollo de software que tenemos y por el talento\u00bb.\n<\/p>\n<p>Obligado por la escasa diferencia en su elecci\u00f3n y con una legislatura en contra, el candidato electo ratific\u00f3 que \u201c<strong>con estos resultados nosotros no vamos a tener grieta, vamos a dialogar con todo<\/strong>s\u00bb.\n<\/p>\n<p><img loading=\"lazy\" decoding=\"async\" alt width=\"1599\" height=\"1200\" data-sizes=\"(max-width: 1599px) 100vw, 1599px\" class=\"aligncenter wp-image-347261 size-full lazyload\" src=\"http:\/\/nuevacordoba.net\/wp-content\/uploads\/2023\/06\/llaryora-vamos-a-recuperar-la-legislatura-y-el-tribunal-de-cuentas-1.jpg\" srcset=\"http:\/\/nuevacordoba.net\/wp-content\/uploads\/2023\/06\/llaryora-vamos-a-recuperar-la-legislatura-y-el-tribunal-de-cuentas-1.jpg 1599w, http:\/\/nuevacordoba.net\/wp-content\/uploads\/2023\/06\/llaryora-vamos-a-recuperar-la-legislatura-y-el-tribunal-de-cuentas-2.jpg 300w, http:\/\/nuevacordoba.net\/wp-content\/uploads\/2023\/06\/llaryora-vamos-a-recuperar-la-legislatura-y-el-tribunal-de-cuentas-3.jpg 1024w, http:\/\/nuevacordoba.net\/wp-content\/uploads\/2023\/06\/llaryora-vamos-a-recuperar-la-legislatura-y-el-tribunal-de-cuentas-4.jpg 768w, http:\/\/nuevacordoba.net\/wp-content\/uploads\/2023\/06\/llaryora-vamos-a-recuperar-la-legislatura-y-el-tribunal-de-cuentas-5.jpg 1536w, http:\/\/nuevacordoba.net\/wp-content\/uploads\/2023\/06\/llaryora-vamos-a-recuperar-la-legislatura-y-el-tribunal-de-cuentas-6.jpg 750w, http:\/\/nuevacordoba.net\/wp-content\/uploads\/2023\/06\/llaryora-vamos-a-recuperar-la-legislatura-y-el-tribunal-de-cuentas-7.jpg 1140w\"><\/p>\n<p>Para Hacemos Unidos por C\u00f3rdoba, los datos est\u00e1n y solo falta que sean certificados por la Justicia Electoral. Esos n\u00fameros demostrar\u00edan que a las 21 \u201cya sab\u00edamos que ganamos y elegimos esperar y respetar la institucionalidad. No salimos a anunciar nada en el prime time\u00bb, explic\u00f3 Llaryora.\n<\/p>\n<p>Reconoci\u00f3 que \u201cpor mucho tiempo vamos a sufrir el escarnio por un error del tribunal electoral\u00bb.\n<\/p>\n<p>Pidi\u00f3 paciencia con respecto a la conformaci\u00f3n final de la Unicameral y el Tribunal de Cuentas, \u201cles aseguro que a medida que avance el escrutinio definitivo,&nbsp;<strong>vamos a recuperar el departamento Sobremonte, vamos a recuperar otro legislador<\/strong>. Vamos a recuperar el Tribunal de Cuentas y posiblemente la mayor\u00eda en la Legislatura\u00bb, sentenci\u00f3.\n<\/p>\n<div class=\"g g-38\">\n<div class=\"g-dyn a-12 c-1\"><a class=\"gofollow\" data-track=\"MTIsMzgsMSw2MA==\" href=\"https:\/\/api.whatsapp.com\/send\/?phone=3518562462&amp;text&amp;type=phone_number&amp;app_absent=0\"><img class=\"lazyload\" src=\"http:\/\/nuevacordoba.net\/wp-content\/uploads\/2023\/06\/llaryora-vamos-a-recuperar-la-legislatura-y-el-tribunal-de-cuentas.png\"><\/a><\/div>\n<\/div>\n","protected":false},"excerpt":{"rendered":"<p>&nbsp; En el marco del ciclo de almuerzo de trabajo con candidatos que organiza la Bolsa de Comercio de C\u00f3rdoba y que comienza a recibir a los candidatos a intendente disert\u00f3 el actual jefe municipal y gobernador electo, Martin Llaryora Llaryora: \u00abcon estos resultados nosotros no vamos a tener grieta, vamos a dialogar con todo\u00bb [&hellip;]<\/p>\n","protected":false},"author":1,"featured_media":33782,"comment_status":"open","ping_status":"closed","sticky":false,"template":"","format":"standard","meta":[],"categories":[12,14],"tags":[],"_links":{"self":[{"href":"http:\/\/nuevacordoba.net\/index.php\/wp-json\/wp\/v2\/posts\/33781"}],"collection":[{"href":"http:\/\/nuevacordoba.net\/index.php\/wp-json\/wp\/v2\/posts"}],"about":[{"href":"http:\/\/nuevacordoba.net\/index.php\/wp-json\/wp\/v2\/types\/post"}],"author":[{"embeddable":true,"href":"http:\/\/nuevacordoba.net\/index.php\/wp-json\/wp\/v2\/users\/1"}],"replies":[{"embeddable":true,"href":"http:\/\/nuevacordoba.net\/index.php\/wp-json\/wp\/v2\/comments?post=33781"}],"version-history":[{"count":0,"href":"http:\/\/nuevacordoba.net\/index.php\/wp-json\/wp\/v2\/posts\/33781\/revisions"}],"wp:featuredmedia":[{"embeddable":true,"href":"http:\/\/nuevacordoba.net\/index.php\/wp-json\/wp\/v2\/media\/33782"}],"wp:attachment":[{"href":"http:\/\/nuevacordoba.net\/index.php\/wp-json\/wp\/v2\/media?parent=33781"}],"wp:term":[{"taxonomy":"category","embeddable":true,"href":"http:\/\/nuevacordoba.net\/index.php\/wp-json\/wp\/v2\/categories?post=33781"},{"taxonomy":"post_tag","embeddable":true,"href":"http:\/\/nuevacordoba.net\/index.php\/wp-json\/wp\/v2\/tags?post=33781"}],"curies":[{"name":"wp","href":"https:\/\/api.w.org\/{rel}","templated":true}]}}