{"id":33783,"date":"2023-06-27T18:40:28","date_gmt":"2023-06-27T18:40:28","guid":{"rendered":"http:\/\/cordobanewsnet.wordpress.com\/2023\/06\/27\/con-24-anos-fue-elegido-intendente-de-una-localidad-de-cordoba\/"},"modified":"2023-06-27T18:40:28","modified_gmt":"2023-06-27T18:40:28","slug":"con-24-anos-fue-elegido-intendente-de-una-localidad-de-cordoba","status":"publish","type":"post","link":"http:\/\/nuevacordoba.net\/index.php\/2023\/06\/27\/con-24-anos-fue-elegido-intendente-de-una-localidad-de-cordoba\/","title":{"rendered":"Con 24 a\u00f1os fue elegido intendente de una localidad de C\u00f3rdoba"},"content":{"rendered":"<p><!-- \/featured-media --> <\/p>\n<div class=\"post-content clear\" readability=\"46.054959785523\">\n<p>Santiago Reyneri es el nuevo intendente de Tancacha y sorprendi\u00f3 a muchos por su corta edad.<\/p>\n<figure class=\"wp-block-image size-large\"><img data-attachment-id=\"8043\" data-permalink=\"https:\/\/cordobanewsnet.wordpress.com\/2023\/06\/27\/con-24-anos-fue-elegido-intendente-de-una-localidad-de-cordoba\/img_7586\/\" data-orig-file=\"http:\/\/nuevacordoba.net\/wp-content\/uploads\/2023\/06\/con-24-anos-fue-elegido-intendente-de-una-localidad-de-cordoba.jpg\" data-orig-size=\"791,445\" data-comments-opened=\"1\" data-image-meta=\"{&quot;aperture&quot;:&quot;0&quot;,&quot;credit&quot;:&quot;&quot;,&quot;camera&quot;:&quot;&quot;,&quot;caption&quot;:&quot;&quot;,&quot;created_timestamp&quot;:&quot;0&quot;,&quot;copyright&quot;:&quot;&quot;,&quot;focal_length&quot;:&quot;0&quot;,&quot;iso&quot;:&quot;0&quot;,&quot;shutter_speed&quot;:&quot;0&quot;,&quot;title&quot;:&quot;&quot;,&quot;orientation&quot;:&quot;1&quot;}\" data-image-title=\"img_7586\" data-image-description data-image-caption data-medium-file=\"http:\/\/nuevacordoba.net\/wp-content\/uploads\/2023\/06\/con-24-anos-fue-elegido-intendente-de-una-localidad-de-cordoba.jpg?w=300\" data-large-file=\"http:\/\/nuevacordoba.net\/wp-content\/uploads\/2023\/06\/con-24-anos-fue-elegido-intendente-de-una-localidad-de-cordoba.jpg?w=736\" src=\"http:\/\/nuevacordoba.net\/wp-content\/uploads\/2023\/06\/con-24-anos-fue-elegido-intendente-de-una-localidad-de-cordoba.jpg\" class=\"wp-image-8043\" srcset=\"http:\/\/nuevacordoba.net\/wp-content\/uploads\/2023\/06\/con-24-anos-fue-elegido-intendente-de-una-localidad-de-cordoba.jpg 791w, http:\/\/nuevacordoba.net\/wp-content\/uploads\/2023\/06\/con-24-anos-fue-elegido-intendente-de-una-localidad-de-cordoba.jpg?w=150 150w, http:\/\/nuevacordoba.net\/wp-content\/uploads\/2023\/06\/con-24-anos-fue-elegido-intendente-de-una-localidad-de-cordoba.jpg?w=300 300w, http:\/\/nuevacordoba.net\/wp-content\/uploads\/2023\/06\/con-24-anos-fue-elegido-intendente-de-una-localidad-de-cordoba.jpg?w=768 768w\" sizes=\"(max-width: 791px) 100vw, 791px\"><\/figure>\n<p>Sin embargo, el pol\u00edtico cuenta con el apoyo de su pueblo y se encargar\u00e1 de \u201chacer de Tancacha el pueblo m\u00e1s grande, m\u00e1s lindo y m\u00e1s pujante de todo C\u00f3rdoba\u201d.<\/p>\n<p>Ante el triunfo, el funcionario agradeci\u00f3 a los ciudadanos por haberlo apoyado: \u201cGracias a cada uno de ustedes por ser parte de la renovaci\u00f3n y el cambio\u201d.<\/p>\n<p>Santiago Reyneri es Licenciado en Ciencias Pol\u00edticas y actualmente trabaja en una agencia de marketing, y desde chico se involucr\u00f3 en la pol\u00edtica de la mano su padre. \u201cGracias a mi pap\u00e1 por haberme hecho radical\u201d, dijo el joven en un video. <\/p>\n<div id=\"jp-post-flair\" class=\"sharedaddy sd-like-enabled sd-sharing-enabled\">\n<div class=\"sharedaddy sd-sharing-enabled\">\n<div class=\"robots-nocontent sd-block sd-social sd-social-icon-text sd-sharing\">\n<h3 class=\"sd-title\">Share this:<\/h3>\n<\/div>\n<\/div>\n<div class=\"sharedaddy sd-block sd-like jetpack-likes-widget-wrapper jetpack-likes-widget-unloaded\" id=\"like-post-wrapper-143108178-8044-649b8eb490d85\" data-src=\"\/\/widgets.wp.com\/likes\/index.html?ver=20230309#blog_id=143108178&amp;post_id=8044&amp;origin=cordobanewsnet.wordpress.com&amp;obj_id=143108178-8044-649b8eb490d85\" data-name=\"like-post-frame-143108178-8044-649b8eb490d85\" data-title=\"Me gusta o Compartir\">\n<h3 class=\"sd-title\">Me gusta esto:<\/h3>\n<p><span class=\"button\"><span>Me gusta<\/span><\/span> <span class=\"loading\">Cargando&#8230;<\/span><\/p>\n<p><span class=\"sd-text-color\"><\/span><\/div>\n<p><h3 class=\"jp-relatedposts-headline\"><em>Relacionado<\/em><\/h3>\n<\/p>\n<\/div><\/div>\n<p><!--\/.post-content--> <\/p>\n<footer class=\"post-meta-container clear\" readability=\"0.8993288590604\">\n<div class=\"entry-author author-avatar-show\" readability=\"14.031746031746\">\n<div class=\"author-avatar\"> <img alt src=\"http:\/\/nuevacordoba.net\/wp-content\/uploads\/2023\/06\/con-24-anos-fue-elegido-intendente-de-una-localidad-de-cordoba-1.jpg\" srcset=\"http:\/\/nuevacordoba.net\/wp-content\/uploads\/2023\/06\/con-24-anos-fue-elegido-intendente-de-una-localidad-de-cordoba-1.jpg 1x, http:\/\/nuevacordoba.net\/wp-content\/uploads\/2023\/06\/con-24-anos-fue-elegido-intendente-de-una-localidad-de-cordoba-5.jpg 1.5x, http:\/\/nuevacordoba.net\/wp-content\/uploads\/2023\/06\/con-24-anos-fue-elegido-intendente-de-una-localidad-de-cordoba-6.jpg 2x, http:\/\/nuevacordoba.net\/wp-content\/uploads\/2023\/06\/con-24-anos-fue-elegido-intendente-de-una-localidad-de-cordoba-7.jpg 3x, http:\/\/nuevacordoba.net\/wp-content\/uploads\/2023\/06\/con-24-anos-fue-elegido-intendente-de-una-localidad-de-cordoba-8.jpg 4x\" class=\"avatar avatar-90\" height=\"90\" width=\"90\" loading=\"lazy\" decoding=\"async\"> <\/div>\n<p><!-- .author-avatar --> <\/p>\n<p><h2 class=\"author-title\">Publicado por <span class=\"author-name\">angelaponso<\/span><\/h2>\n<\/p>\n<p><!-- .author-heading --> <\/p>\n<p class=\"author-bio\"> <a class=\"author-link\" href=\"https:\/\/cordobanewsnet.wordpress.com\/author\/angelaponso\/\" rel=\"author\"> Ver todas las entradas de angelaponso <\/a> <\/p>\n<p><!-- .author-bio --> <\/div>\n<p><!-- .entry-auhtor --> <\/footer>\n<p> <!-- \/post-meta-container --> <!-- #respond --> <\/p>\n","protected":false},"excerpt":{"rendered":"<p>Santiago Reyneri es el nuevo intendente de Tancacha y sorprendi\u00f3 a muchos por su corta edad. Sin embargo, el pol\u00edtico cuenta con el apoyo de su pueblo y se encargar\u00e1 de \u201chacer de Tancacha el pueblo m\u00e1s grande, m\u00e1s lindo y m\u00e1s pujante de todo C\u00f3rdoba\u201d. Ante el triunfo, el funcionario agradeci\u00f3 a los ciudadanos [&hellip;]<\/p>\n","protected":false},"author":1,"featured_media":33784,"comment_status":"closed","ping_status":"closed","sticky":false,"template":"","format":"standard","meta":[],"categories":[14],"tags":[],"_links":{"self":[{"href":"http:\/\/nuevacordoba.net\/index.php\/wp-json\/wp\/v2\/posts\/33783"}],"collection":[{"href":"http:\/\/nuevacordoba.net\/index.php\/wp-json\/wp\/v2\/posts"}],"about":[{"href":"http:\/\/nuevacordoba.net\/index.php\/wp-json\/wp\/v2\/types\/post"}],"author":[{"embeddable":true,"href":"http:\/\/nuevacordoba.net\/index.php\/wp-json\/wp\/v2\/users\/1"}],"replies":[{"embeddable":true,"href":"http:\/\/nuevacordoba.net\/index.php\/wp-json\/wp\/v2\/comments?post=33783"}],"version-history":[{"count":0,"href":"http:\/\/nuevacordoba.net\/index.php\/wp-json\/wp\/v2\/posts\/33783\/revisions"}],"wp:featuredmedia":[{"embeddable":true,"href":"http:\/\/nuevacordoba.net\/index.php\/wp-json\/wp\/v2\/media\/33784"}],"wp:attachment":[{"href":"http:\/\/nuevacordoba.net\/index.php\/wp-json\/wp\/v2\/media?parent=33783"}],"wp:term":[{"taxonomy":"category","embeddable":true,"href":"http:\/\/nuevacordoba.net\/index.php\/wp-json\/wp\/v2\/categories?post=33783"},{"taxonomy":"post_tag","embeddable":true,"href":"http:\/\/nuevacordoba.net\/index.php\/wp-json\/wp\/v2\/tags?post=33783"}],"curies":[{"name":"wp","href":"https:\/\/api.w.org\/{rel}","templated":true}]}}