{"id":339,"date":"2021-01-30T02:36:59","date_gmt":"2021-01-30T02:36:59","guid":{"rendered":"http:\/\/nuevacordoba.net\/index.php\/2021\/01\/30\/republica-popular-de-la-boca-con-estreno-nacional-en-la-television-fueguina\/"},"modified":"2021-01-30T02:36:59","modified_gmt":"2021-01-30T02:36:59","slug":"republica-popular-de-la-boca-con-estreno-nacional-en-la-television-fueguina","status":"publish","type":"post","link":"http:\/\/nuevacordoba.net\/index.php\/2021\/01\/30\/republica-popular-de-la-boca-con-estreno-nacional-en-la-television-fueguina\/","title":{"rendered":"\u00abRep\u00fablica Popular de la Boca\u00bb con estreno nacional en la televisi\u00f3n fueguina"},"content":{"rendered":"<p> &nbsp; <\/p>\n<div class=\"image\" id=\"image\"> <img src=\"http:\/\/nuevacordoba.net\/wp-content\/uploads\/2021\/01\/republica-popular-de-la-boca-con-estreno-nacional-en-la-television-fueguina.jpg\" alt title><\/div>\n<p>\u00abRep\u00fablica Popular de la Boca\u00bb, una miniserie de ocho cap\u00edtulos en dos temporadas que retrata las distintas facetas art\u00edsticas y el pensamiento \u00edntimo de los pobladores del m\u00edtico barrio porte\u00f1o, tuvo su estreno nacional a trav\u00e9s de la Televisi\u00f3n P\u00fablica Fueguina (TPF) la cadena de canales estatales de Tierra del Fuego que puede verse en vivo desde las ciudades de Ushuaia y R\u00edo Grande.<\/p>\n<p>El<strong> trabajo producido por el Nudo colectivo audiovisual,<\/strong> un grupo de realizadores integrado por productores, fot\u00f3grafos, directores y guionistas, entre otras especialidades del rubro, <strong>ser\u00e1 presentado en distintas se\u00f1ales del pa\u00eds, pero \u00abuna cuesti\u00f3n de cronogramas\u00bb hizo que su primera exhibici\u00f3n fuera en la provincia m\u00e1s austral del pa\u00eds.<\/strong><\/p>\n<p>\u00abYa se emitieron tres cap\u00edtulos de la primera temporada y este viernes se emite el cuarto. A partir de marzo se ver\u00e1 en La Pampa y en otras provincias. Lo estrenamos en Tierra del Fuego por la predisposici\u00f3n y la apertura a contenidos nacionales que mostraron las autoridades de la TPF\u00bb, explic\u00f3 a T\u00e9lam el director de la miniserie, Cristian Delicia.<\/p>\n<p>\u00abLa Boca es uno de los destinos tur\u00edsticos del pa\u00eds m\u00e1s difundidos en el mundo. Las postales del barrio recorren los aeropuertos de todas partes, en una mezcla de colores y personalidades \u00fanicas forjadas por el genio creativo de sus habitantes. Creemos que la cultura que all\u00ed habita puede despertar el inter\u00e9s de los telespectadores de todo el pa\u00eds\u00bb, observ\u00f3 Delicia.<\/p>\n<p><strong>La serie se enfoca en el territorio boquense como \u00abfaro de las artes\u00bb que confluyeron a partir de la llegada al puerto de Buenos Aires de culturas tan diversas como la africana, la europea y la latinoamericana, entre otras.<\/strong><\/p>\n<p>, tomando nota de esa especie de poci\u00f3n m\u00e1gica y de coctelera art\u00edstica que convirti\u00f3 al lugar en un polo cultural de alcance&nbsp;<strong>Un equipo de filmaci\u00f3n recorri\u00f3 la zona durante cinco a\u00f1os<\/strong>mundial, habitado, seg\u00fan los realizadores, por \u00abun mundo mitol\u00f3gico del arte y la supervivencia\u00bb.<\/p>\n<p>Aunque el marco de ese viaje son los barcos abandonados en el Riachuelo, los conventillos antiqu\u00edsimos, algunos de m\u00e1s de ciento cincuenta a\u00f1os y las construcciones recubiertas de chapa siempre pintadas en colores, el audiovisual no se aleja del objetivo central, consistente en <strong>documentar el desarrollo de los distintos tipos de arte del lugar.<\/strong><\/p>\n<p>Es por eso que<strong> cada cap\u00edtulo se focaliza en una disciplina art\u00edstica en particular, y la aborda desde sus or\u00edgenes hasta su presente, con especial \u00e9nfasis en los personajes que a\u00fan la mantienen viva.<\/strong><\/p>\n<p>As\u00ed, la serie recuerda que <strong>en este barrio portuario llegaron a convivir once teatros<\/strong>, la mayor\u00eda de ellos situados en la avenida Brown, mientras que se aborda la actualidad de las tres salas sobrevivientes con los testimonios del director uruguayo Adhemar Bianchi, Juan Keihayan, quien salvaguard\u00f3 la integridad edilicia de uno de los teatros, y Gustavo Gabriel, un actor transformista, considerado el primero en la zona.<\/p>\n<p><strong>El cap\u00edtulo dedicado a la m\u00fasica<\/strong> se asoma a los tres g\u00e9neros m\u00e1s caracter\u00edsticos del barrio en la actualidad, dos de ellos hist\u00f3ricos -el candombe y el tango- y uno de m\u00e1s reciente raigambre, el hip hop. All\u00ed conviven los testimonios del historiador Osvaldo Bayer, padrino del Festival de Tango de La Boca, y el de Pedro Peligro, referente de la cultura Hip Hop de los noventa, adem\u00e1s del de Facundo Radice, cantor principal de la Orquesta La Vid\u00fa.<\/p>\n<p>Por su parte <strong>otro cap\u00edtulo de la miniserie se dedica al mundo de los t\u00edteres<\/strong>, a partir de la creaci\u00f3n del Festival de T\u00edteres al Sur, donde importantes compa\u00f1\u00edas de t\u00edteres del mundo buscan estrenar sus obras, y all\u00ed se refleja el trabajo de grupos como T\u00edteres de Catalinas y la labor de artistas como In\u00e9s Pasik, nacida en Bosnia y desarrolladora de su propia t\u00e9cnica: los t\u00edteres corporales.<\/p>\n<p><strong>La primera temporada de la miniserie cierra con un cap\u00edtulo sobre los carnavales<\/strong>, y <strong>la segunda se reserva espacios para la fotograf\u00eda, la pintura, el muralismo y la escultura.<\/strong><\/p>\n<p>Seg\u00fan datos de la Oficina de Turismo de la Ciudad de Buenos Aires,<strong> el barrio de La Boca es visitado anualmente por 2 millones de personas que llegan de todas partes del mundo.<\/strong> <\/p>\n","protected":false},"excerpt":{"rendered":"<p>&nbsp; \u00abRep\u00fablica Popular de la Boca\u00bb, una miniserie de ocho cap\u00edtulos en dos temporadas que retrata las distintas facetas art\u00edsticas y el pensamiento \u00edntimo de los pobladores del m\u00edtico barrio porte\u00f1o, tuvo su estreno nacional a trav\u00e9s de la Televisi\u00f3n P\u00fablica Fueguina (TPF) la cadena de canales estatales de Tierra del Fuego que puede verse [&hellip;]<\/p>\n","protected":false},"author":1,"featured_media":340,"comment_status":"closed","ping_status":"closed","sticky":false,"template":"","format":"standard","meta":[],"categories":[9],"tags":[],"_links":{"self":[{"href":"http:\/\/nuevacordoba.net\/index.php\/wp-json\/wp\/v2\/posts\/339"}],"collection":[{"href":"http:\/\/nuevacordoba.net\/index.php\/wp-json\/wp\/v2\/posts"}],"about":[{"href":"http:\/\/nuevacordoba.net\/index.php\/wp-json\/wp\/v2\/types\/post"}],"author":[{"embeddable":true,"href":"http:\/\/nuevacordoba.net\/index.php\/wp-json\/wp\/v2\/users\/1"}],"replies":[{"embeddable":true,"href":"http:\/\/nuevacordoba.net\/index.php\/wp-json\/wp\/v2\/comments?post=339"}],"version-history":[{"count":0,"href":"http:\/\/nuevacordoba.net\/index.php\/wp-json\/wp\/v2\/posts\/339\/revisions"}],"wp:featuredmedia":[{"embeddable":true,"href":"http:\/\/nuevacordoba.net\/index.php\/wp-json\/wp\/v2\/media\/340"}],"wp:attachment":[{"href":"http:\/\/nuevacordoba.net\/index.php\/wp-json\/wp\/v2\/media?parent=339"}],"wp:term":[{"taxonomy":"category","embeddable":true,"href":"http:\/\/nuevacordoba.net\/index.php\/wp-json\/wp\/v2\/categories?post=339"},{"taxonomy":"post_tag","embeddable":true,"href":"http:\/\/nuevacordoba.net\/index.php\/wp-json\/wp\/v2\/tags?post=339"}],"curies":[{"name":"wp","href":"https:\/\/api.w.org\/{rel}","templated":true}]}}