{"id":3394,"date":"2021-04-18T09:17:47","date_gmt":"2021-04-18T09:17:47","guid":{"rendered":"http:\/\/nuevacordoba.net\/index.php\/2021\/04\/18\/trabajadores-de-dioxitek-haran-paro-de-24-horas-por-un-reclamo-salarial\/"},"modified":"2021-04-18T09:17:47","modified_gmt":"2021-04-18T09:17:47","slug":"trabajadores-de-dioxitek-haran-paro-de-24-horas-por-un-reclamo-salarial","status":"publish","type":"post","link":"http:\/\/nuevacordoba.net\/index.php\/2021\/04\/18\/trabajadores-de-dioxitek-haran-paro-de-24-horas-por-un-reclamo-salarial\/","title":{"rendered":"Trabajadores de Dioxitek har\u00e1n paro de 24 horas por un reclamo salarial"},"content":{"rendered":"<section readability=\"28\">\n<p>Los trabajadores de la empresa estatal Dioxitek iniciar\u00e1n un paro de 24 horas este viernes en reclamo por deudas salariales y por la reapertura de la paritaria 2021.<\/p>\n<p>El gremio Asociaci\u00f3n Trabajadores del Estado (ATE) particip\u00f3 ayer de la asamblea que tom\u00f3 la decisi\u00f3n de llevar adelante la medida de fuerza.<\/p>\n<p>La empresa Dioxitek es una sociedad an\u00f3nima con participaci\u00f3n mayoritaria del estado nacional que provee de materia prima a las centrales nucleares para la generaci\u00f3n de energ\u00eda.<\/p>\n<p>El reclamo de los empleados de la firma es \u00abla actualizaci\u00f3n inmediata de las categor\u00edas adeudadas bajo el escalaf\u00f3n aplicado hasta el momento\u00bb.<\/p>\n<p>Desde ATE aclararon que \u00ablas \u00faltimas recategorizaciones fueron aplicadas en los a\u00f1os 2013 y 2015, habiendo trabajadores hoy con 11 a\u00f1os de retraso en las actualizaciones correspondientes\u00bb.<\/p>\n<figure><img alt class=\"lazyload block \" data-sizes=\"auto\" data-src=\"http:\/\/nuevacordoba.net\/wp-content\/uploads\/2021\/04\/trabajadores-de-dioxitek-haran-paro-de-24-horas-por-un-reclamo-salarial.jpg\" width=\"565px\" height=\"318px\"><figcaption class>La planta que est\u00e1 en Alta C\u00f3rdoba y depende del Ministerio de Energ\u00eda. (ATE)<\/figcaption><\/figure>\n<p>Tambi\u00e9n exigen la reapertura de la mesa paritaria.<\/p>\n<p>Seg\u00fan adelantaron, el paro comenzar\u00e1 este viernes a las 6 y culminar\u00e1 el s\u00e1bado 17 a las 6. La modalidad ser\u00e1 \u00abcon asistencia a los lugares de trabajo y asamblea\u00bb.<\/p>\n<p>La Asamblea de Dioxitek resolvi\u00f3 #PARO para este viernes.<\/p>\n<p>El paro ser\u00e1 por 24 horas desde el viernes 13 a las 6 am hasta s\u00e1bado 14 a las 6 am, con asistencia a los lugares de trabajo y asambleas.<\/p>\n<\/section>\n<h2>Temas Relacionados<\/h2>\n","protected":false},"excerpt":{"rendered":"<p>Los trabajadores de la empresa estatal Dioxitek iniciar\u00e1n un paro de 24 horas este viernes en reclamo por deudas salariales y por la reapertura de la paritaria 2021. El gremio Asociaci\u00f3n Trabajadores del Estado (ATE) particip\u00f3 ayer de la asamblea que tom\u00f3 la decisi\u00f3n de llevar adelante la medida de fuerza. La empresa Dioxitek es [&hellip;]<\/p>\n","protected":false},"author":1,"featured_media":3395,"comment_status":"closed","ping_status":"closed","sticky":false,"template":"","format":"standard","meta":[],"categories":[12],"tags":[],"_links":{"self":[{"href":"http:\/\/nuevacordoba.net\/index.php\/wp-json\/wp\/v2\/posts\/3394"}],"collection":[{"href":"http:\/\/nuevacordoba.net\/index.php\/wp-json\/wp\/v2\/posts"}],"about":[{"href":"http:\/\/nuevacordoba.net\/index.php\/wp-json\/wp\/v2\/types\/post"}],"author":[{"embeddable":true,"href":"http:\/\/nuevacordoba.net\/index.php\/wp-json\/wp\/v2\/users\/1"}],"replies":[{"embeddable":true,"href":"http:\/\/nuevacordoba.net\/index.php\/wp-json\/wp\/v2\/comments?post=3394"}],"version-history":[{"count":0,"href":"http:\/\/nuevacordoba.net\/index.php\/wp-json\/wp\/v2\/posts\/3394\/revisions"}],"wp:featuredmedia":[{"embeddable":true,"href":"http:\/\/nuevacordoba.net\/index.php\/wp-json\/wp\/v2\/media\/3395"}],"wp:attachment":[{"href":"http:\/\/nuevacordoba.net\/index.php\/wp-json\/wp\/v2\/media?parent=3394"}],"wp:term":[{"taxonomy":"category","embeddable":true,"href":"http:\/\/nuevacordoba.net\/index.php\/wp-json\/wp\/v2\/categories?post=3394"},{"taxonomy":"post_tag","embeddable":true,"href":"http:\/\/nuevacordoba.net\/index.php\/wp-json\/wp\/v2\/tags?post=3394"}],"curies":[{"name":"wp","href":"https:\/\/api.w.org\/{rel}","templated":true}]}}