{"id":33997,"date":"2023-07-04T01:50:10","date_gmt":"2023-07-04T01:50:10","guid":{"rendered":"http:\/\/cordobanewsnet.wordpress.com\/2023\/07\/04\/se-incendio-un-departamento-en-villa-maria-y-murio-una-joven\/"},"modified":"2023-07-04T01:50:10","modified_gmt":"2023-07-04T01:50:10","slug":"se-incendio-un-departamento-en-villa-maria-y-murio-una-joven","status":"publish","type":"post","link":"http:\/\/nuevacordoba.net\/index.php\/2023\/07\/04\/se-incendio-un-departamento-en-villa-maria-y-murio-una-joven\/","title":{"rendered":"Se incendi\u00f3 un departamento en Villa Maria y muri\u00f3 una joven"},"content":{"rendered":"<p><!-- \/featured-media --> <\/p>\n<div class=\"post-content clear\" readability=\"40.886925795053\">\n<p>Una joven de 25 a\u00f1os muri\u00f3 en Villa Mar\u00eda luego de que se incendiara su departamento, en barrio Almirante Brown.<\/p>\n<p>El siniestro sucedi\u00f3 el domingo a la noche y la v\u00edctima falleci\u00f3 el lunes tras permanecer en terapia intensiva en el Hospital Pasteur.<\/p>\n<figure class=\"wp-block-image size-large\"><img data-attachment-id=\"8055\" data-permalink=\"https:\/\/cordobanewsnet.wordpress.com\/2023\/07\/04\/se-incendio-un-departamento-en-villa-maria-y-murio-una-joven\/img_7726\/\" data-orig-file=\"http:\/\/nuevacordoba.net\/wp-content\/uploads\/2023\/07\/se-incendio-un-departamento-en-villa-maria-y-murio-una-joven-2.jpg\" data-orig-size=\"803,452\" data-comments-opened=\"1\" data-image-meta=\"{&quot;aperture&quot;:&quot;0&quot;,&quot;credit&quot;:&quot;&quot;,&quot;camera&quot;:&quot;&quot;,&quot;caption&quot;:&quot;&quot;,&quot;created_timestamp&quot;:&quot;1688416493&quot;,&quot;copyright&quot;:&quot;&quot;,&quot;focal_length&quot;:&quot;0&quot;,&quot;iso&quot;:&quot;0&quot;,&quot;shutter_speed&quot;:&quot;0&quot;,&quot;title&quot;:&quot;&quot;,&quot;orientation&quot;:&quot;1&quot;}\" data-image-title=\"img_7726\" data-image-description data-image-caption data-medium-file=\"http:\/\/nuevacordoba.net\/wp-content\/uploads\/2023\/07\/se-incendio-un-departamento-en-villa-maria-y-murio-una-joven-2.jpg?w=300\" data-large-file=\"http:\/\/nuevacordoba.net\/wp-content\/uploads\/2023\/07\/se-incendio-un-departamento-en-villa-maria-y-murio-una-joven-2.jpg?w=736\" src=\"http:\/\/nuevacordoba.net\/wp-content\/uploads\/2023\/07\/se-incendio-un-departamento-en-villa-maria-y-murio-una-joven.jpg\" class=\"wp-image-8055\" srcset=\"http:\/\/nuevacordoba.net\/wp-content\/uploads\/2023\/07\/se-incendio-un-departamento-en-villa-maria-y-murio-una-joven-2.jpg 803w, http:\/\/nuevacordoba.net\/wp-content\/uploads\/2023\/07\/se-incendio-un-departamento-en-villa-maria-y-murio-una-joven-2.jpg?w=150 150w, http:\/\/nuevacordoba.net\/wp-content\/uploads\/2023\/07\/se-incendio-un-departamento-en-villa-maria-y-murio-una-joven-2.jpg?w=300 300w, http:\/\/nuevacordoba.net\/wp-content\/uploads\/2023\/07\/se-incendio-un-departamento-en-villa-maria-y-murio-una-joven-2.jpg?w=768 768w\" sizes=\"(max-width: 803px) 100vw, 803px\"><\/figure>\n<p>El hecho ocurri\u00f3 en un edificio ubicado en calle&nbsp;Ramiro Su\u00e1rez 1145. Los bomberos llegaron al lugar y se encontraron con mucho humo en el departamento.<\/p>\n<p>A la joven la asistieron primero unos vecinos y despu\u00e9s un servicio de emergencias.<\/p>\n<div id=\"jp-post-flair\" class=\"sharedaddy sd-like-enabled sd-sharing-enabled\">\n<div class=\"sharedaddy sd-sharing-enabled\">\n<div class=\"robots-nocontent sd-block sd-social sd-social-icon-text sd-sharing\">\n<h3 class=\"sd-title\">Share this:<\/h3>\n<\/div>\n<\/div>\n<div class=\"sharedaddy sd-block sd-like jetpack-likes-widget-wrapper jetpack-likes-widget-unloaded\" id=\"like-post-wrapper-143108178-8056-64a3b1d6de2c3\" data-src=\"\/\/widgets.wp.com\/likes\/index.html?ver=20230309#blog_id=143108178&amp;post_id=8056&amp;origin=cordobanewsnet.wordpress.com&amp;obj_id=143108178-8056-64a3b1d6de2c3\" data-name=\"like-post-frame-143108178-8056-64a3b1d6de2c3\" data-title=\"Me gusta o Compartir\">\n<h3 class=\"sd-title\">Me gusta esto:<\/h3>\n<p><span class=\"button\"><span>Me gusta<\/span><\/span> <span class=\"loading\">Cargando&#8230;<\/span><\/p>\n<p><span class=\"sd-text-color\"><\/span><\/div>\n<p><h3 class=\"jp-relatedposts-headline\"><em>Relacionado<\/em><\/h3>\n<\/p>\n<\/div><\/div>\n<p><!--\/.post-content--> <\/p>\n<footer class=\"post-meta-container clear\" readability=\"0.81987577639752\">\n<div class=\"entry-author author-avatar-show\" readability=\"14.031746031746\">\n<div class=\"author-avatar\"> <img alt src=\"http:\/\/nuevacordoba.net\/wp-content\/uploads\/2023\/07\/se-incendio-un-departamento-en-villa-maria-y-murio-una-joven-1.jpg\" srcset=\"http:\/\/nuevacordoba.net\/wp-content\/uploads\/2023\/07\/se-incendio-un-departamento-en-villa-maria-y-murio-una-joven-1.jpg 1x, http:\/\/nuevacordoba.net\/wp-content\/uploads\/2023\/07\/se-incendio-un-departamento-en-villa-maria-y-murio-una-joven-6.jpg 1.5x, http:\/\/nuevacordoba.net\/wp-content\/uploads\/2023\/07\/se-incendio-un-departamento-en-villa-maria-y-murio-una-joven-7.jpg 2x, http:\/\/nuevacordoba.net\/wp-content\/uploads\/2023\/07\/se-incendio-un-departamento-en-villa-maria-y-murio-una-joven-8.jpg 3x, http:\/\/nuevacordoba.net\/wp-content\/uploads\/2023\/07\/se-incendio-un-departamento-en-villa-maria-y-murio-una-joven-9.jpg 4x\" class=\"avatar avatar-90\" height=\"90\" width=\"90\" loading=\"lazy\" decoding=\"async\"> <\/div>\n<p><!-- .author-avatar --> <\/p>\n<p><h2 class=\"author-title\">Publicado por <span class=\"author-name\">angelaponso<\/span><\/h2>\n<\/p>\n<p><!-- .author-heading --> <\/p>\n<p class=\"author-bio\"> <a class=\"author-link\" href=\"https:\/\/cordobanewsnet.wordpress.com\/author\/angelaponso\/\" rel=\"author\"> Ver todas las entradas de angelaponso <\/a> <\/p>\n<p><!-- .author-bio --> <\/div>\n<p><!-- .entry-auhtor --> <\/footer>\n<p> <!-- \/post-meta-container --> <!-- #respond --> <\/p>\n","protected":false},"excerpt":{"rendered":"<p>Una joven de 25 a\u00f1os muri\u00f3 en Villa Mar\u00eda luego de que se incendiara su departamento, en barrio Almirante Brown. El siniestro sucedi\u00f3 el domingo a la noche y la v\u00edctima falleci\u00f3 el lunes tras permanecer en terapia intensiva en el Hospital Pasteur. El hecho ocurri\u00f3 en un edificio ubicado en calle&nbsp;Ramiro Su\u00e1rez 1145. Los [&hellip;]<\/p>\n","protected":false},"author":1,"featured_media":33998,"comment_status":"closed","ping_status":"closed","sticky":false,"template":"","format":"standard","meta":[],"categories":[14],"tags":[],"_links":{"self":[{"href":"http:\/\/nuevacordoba.net\/index.php\/wp-json\/wp\/v2\/posts\/33997"}],"collection":[{"href":"http:\/\/nuevacordoba.net\/index.php\/wp-json\/wp\/v2\/posts"}],"about":[{"href":"http:\/\/nuevacordoba.net\/index.php\/wp-json\/wp\/v2\/types\/post"}],"author":[{"embeddable":true,"href":"http:\/\/nuevacordoba.net\/index.php\/wp-json\/wp\/v2\/users\/1"}],"replies":[{"embeddable":true,"href":"http:\/\/nuevacordoba.net\/index.php\/wp-json\/wp\/v2\/comments?post=33997"}],"version-history":[{"count":0,"href":"http:\/\/nuevacordoba.net\/index.php\/wp-json\/wp\/v2\/posts\/33997\/revisions"}],"wp:featuredmedia":[{"embeddable":true,"href":"http:\/\/nuevacordoba.net\/index.php\/wp-json\/wp\/v2\/media\/33998"}],"wp:attachment":[{"href":"http:\/\/nuevacordoba.net\/index.php\/wp-json\/wp\/v2\/media?parent=33997"}],"wp:term":[{"taxonomy":"category","embeddable":true,"href":"http:\/\/nuevacordoba.net\/index.php\/wp-json\/wp\/v2\/categories?post=33997"},{"taxonomy":"post_tag","embeddable":true,"href":"http:\/\/nuevacordoba.net\/index.php\/wp-json\/wp\/v2\/tags?post=33997"}],"curies":[{"name":"wp","href":"https:\/\/api.w.org\/{rel}","templated":true}]}}