{"id":34012,"date":"2023-07-04T19:17:40","date_gmt":"2023-07-04T19:17:40","guid":{"rendered":"http:\/\/nuevacordoba.net\/index.php\/2023\/07\/04\/choco-una-camioneta-contra-una-parada-de-colectivos-en-respuesta-al-ataque-israeli\/"},"modified":"2023-07-04T19:17:40","modified_gmt":"2023-07-04T19:17:40","slug":"choco-una-camioneta-contra-una-parada-de-colectivos-en-respuesta-al-ataque-israeli","status":"publish","type":"post","link":"http:\/\/nuevacordoba.net\/index.php\/2023\/07\/04\/choco-una-camioneta-contra-una-parada-de-colectivos-en-respuesta-al-ataque-israeli\/","title":{"rendered":"Choc\u00f3 una camioneta contra una parada de colectivos en respuesta al ataque israel\u00ed"},"content":{"rendered":"<figure class=\"mb-3\"><img loading=\"lazy\" data-src=\"http:\/\/nuevacordoba.net\/wp-content\/uploads\/2023\/07\/choco-una-camioneta-contra-una-parada-de-colectivos-en-respuesta-al-ataque-israeli.jpg\" src=\"https:\/\/www.telam.com.ar\/assets\/img\/not_image.png\" class=\" lazy \" width=\"100%\" height=\"100%\" alt=\"Foto Archivo\"><figcaption> Foto: Archivo. <\/figcaption><\/figure>\n<p>Un palestino afiliado al movimiento Hamas choc\u00f3 este martes con una camioneta a varias personas <strong>en una parada de colectivos de la ciudad israel\u00ed de Tel Aviv y luego se baj\u00f3 y apu\u00f1al\u00f3 a algunas de ellas<\/strong>, antes de ser abatido, informaron autoridades, que reportaron siete heridos.<\/p>\n<p>Hamas y otros grupos armados palestinos elogiaron el ataque y dijeron que fue en respuesta a la mayor incursi\u00f3n militar en casi 20 a\u00f1os lanzada por Israel en los territorios que ocupa a Palestina en la regi\u00f3n de Cisjordania, que <strong>entr\u00f3 en su segundo d\u00eda y ya dej\u00f3 10 muertos y 100 heridos<\/strong>.<\/p>\n<p>La Polic\u00eda dijo que el atentado vespertino en Tel Aviv ocurri\u00f3 en una parada de colectivos frente a un centro comercial del norte de la ciudad y que un civil armado logr\u00f3 \u00abneutralizar\u00bb al agresor, una f\u00f3rmula que las autoridades israel\u00edes usan para indicar que el atacante cay\u00f3 muerto.<\/p>\n<p>Las autoridades<strong> dijeron tambi\u00e9n que siete personas resultaron heridas<\/strong>, cuatro de ellas en estado \u00abserio a moderado\u00bb y tres \u00abmoderado a bueno\u00bb.<\/p>\n<p>M\u00e1s temprano, en Cisjordania, <a href=\"https:\/\/www.telam.com.ar\/notas\/202307\/632882-cisjordania-palestinos-muertos.html\" target=\"_blank\" rel=\"noopener\">tropas israel\u00edes mataron a un d\u00e9cimo palestino en el marco del gran operativo militar<\/a> que tiene lugar en el campamento de refugiados&nbsp;ubicado dentro de la norte\u00f1a ciudad de Jen\u00edn.<\/p>\n<p>Cientos de soldados, drones, veh\u00edculos blindados, aplanadoras y retroexcavadoras <strong>fueron desplegados por el Ej\u00e9rcito para la incursi\u00f3n<\/strong>.<\/p>\n<figure class=\"mb-3\"><img loading=\"lazy\" data-src=\"http:\/\/nuevacordoba.net\/wp-content\/uploads\/2023\/07\/choco-una-camioneta-contra-una-parada-de-colectivos-en-respuesta-al-ataque-israeli-1.jpg\" src=\"https:\/\/www.telam.com.ar\/assets\/img\/not_image.png\" class=\" lazy \" width=\"100%\" height=\"100%\" alt=\"Foto Archivo\"><figcaption> Foto: Archivo. <\/figcaption><\/figure>\n<p><\/p>\n<h2 class>Una camioneta gris<\/h2>\n<p>En Tel Aviv, la polic\u00eda acordon\u00f3 la camioneta gris usada por el atacante palestino, que qued\u00f3 atravesada sobre una vereda con su parrilla completamente destruida.<\/p>\n<p>Hamas elogi\u00f3 al palestino muerto <strong>como un \u00abcombatiente m\u00e1rtir\u00bb <\/strong>y dijo que su acci\u00f3n fue \u00abuna venganza heroica por la operaci\u00f3n militar en Jen\u00edn\u00bb.<\/p>\n<p>El movimiento islamista dijo que el agresor era uno de sus miembros, pero no dijo si hab\u00eda mandado a cometer el ataque, como suele hacer, o si hab\u00eda actuado por cuenta propia. Yihad Isl\u00e1mica, otro grupo armado palestino, tambi\u00e9n elogi\u00f3 al atacante.<\/p>\n<p>Medios publicaron im\u00e1genes de c\u00e1maras de seguridad en las que se ve el momento<strong> en que el hombre estrella la camioneta contra los transe\u00fantes<\/strong>, luego baja del veh\u00edculo y empieza a perseguir y a apu\u00f1alar a varias de las personas.<\/p>\n<div class=\"jumbotron pt-4 mt-3\" readability=\"32\">\n<h3 class=\"module-title\"> Netanyahu<\/h3>\n<p>El ataque israel\u00ed record\u00f3 los grandes operativos de principios de la d\u00e9cada de 2000, durante el segundo levantamiento general palestino, o \u00abIntifada\u00bb, convirti\u00e9ndose as\u00ed<strong> <\/strong>en el periodo m\u00e1s violento que se registra desde ese entonces en la regi\u00f3n, <strong>con m\u00e1s de 200 muertos en lo que va de 2023<\/strong>.<\/p>\n<p>La violencia ya se hab\u00eda desbocado en 2022, pero se agrav\u00f3 con la llegada al poder, en diciembre, del nuevo gobierno del primer ministro Benjamin Netanyahu, una alianza de partidos nacionalistas y religiosos que <strong>es la administraci\u00f3n m\u00e1s derechista de los 75 a\u00f1os de historia de Israel<\/strong>.<\/p>\n<p>La mayor\u00eda de los muertos de este a\u00f1o eran palestinos, pero Netanyahu estaba bajo presi\u00f3n interna tras m\u00faltiples ataques contra habitantes de las colonias que Israel tiene en Cisjordania desde hace d\u00e9cadas,<strong> incluyendo uno que dej\u00f3 cuatro israel\u00edes muertos el mes pasado<\/strong>.<\/p>\n<p>\u00abNuestras fuerzas entraron en el nido de terroristas en Jen\u00edn (&#8230;), est\u00e1n destruyendo centros de mando y capturando una cantidad considerables de armas\u00bb, dijo hoy Netanyahu.<\/p>\n<\/p><\/div>\n<p>Un video subido a redes sociales mostr\u00f3 a un hombre con un casco de motociclista que efect\u00faa varios tiros al atacante con un pistola, y que tambi\u00e9n le arrebata de una patada un cuchillo que llevaba en su manos.<\/p>\n<p>El servicio de seguridad interna de Israel, el Shin Bet,<strong> identific\u00f3 al autor del ataque como un palestino oriundo de Cisjordania<\/strong>.<\/p>\n<p>El jefe de la Polic\u00eda de Israel, Kobi Shabtai, dijo a periodistas en la escena del crimen que siete personas relacionadas con el atacante hab\u00edan sido detenidas, pero no dio m\u00e1s detalles.<\/p>\n<figure class=\"mb-3\"><img loading=\"lazy\" data-src=\"http:\/\/nuevacordoba.net\/wp-content\/uploads\/2023\/07\/choco-una-camioneta-contra-una-parada-de-colectivos-en-respuesta-al-ataque-israeli-2.jpg\" src=\"https:\/\/www.telam.com.ar\/assets\/img\/not_image.png\" class=\" lazy \" width=\"100%\" height=\"100%\" alt=\"Foto Archivo\"><figcaption> Foto: Archivo. <\/figcaption><\/figure>\n<p><\/p>\n<h2 class>El ataque sobre Jen\u00edn<\/h2>\n<p>El ataque coincidi\u00f3 con <strong>el segundo d\u00eda del gran operativo militar israel\u00ed en Jen\u00edn<\/strong>, que comenz\u00f3 despu\u00e9s de la medianoche del domingo.<\/p>\n<p>Israel dijo que ten\u00eda como blanco a milicianos de un grupo armado local poco conocido llamado Brigadas Jen\u00edn.<\/p>\n<p>El Ej\u00e9rcito israel\u00ed dijo en un comunicado<strong> que hab\u00eda \u00abneutralizado\u00bb un pozo subterr\u00e1neo para almacenar explosivos <\/strong>en la ciudad palestina.<\/p>\n<p>\u00abLos soldados localizaron y desmantelaron dos salas de operaciones que pertenecen a organizaciones terroristas de la zona\u00bb, agreg\u00f3 la nota.<\/p>\n<div class=\"jumbotron pt-4 mt-3\" readability=\"42\">\n<h3 class=\"module-title\">Ocupaci\u00f3n<\/h3>\n<p>Israel ocup\u00f3 Cisjordania y Jerusal\u00e9n este en una guerra pa\u00edses \u00e1rabes en 1967. Con el tiempo, levant\u00f3 all\u00ed decenas de colonias donde hoy viven unos 400.000 israel\u00edes, entre unos 2 millones de palestinos.<\/p>\n<p>Los palestinos reclaman todos esos territorios para fundar un Estado independiente, pero Israel de niega a descolonizarlos.Israel <strong>ocup\u00f3 Cisjordania y Jerusal\u00e9n este en una guerra pa\u00edses \u00e1rabes en 1967<\/strong>. Con el tiempo, levant\u00f3 all\u00ed decenas de colonias donde hoy viven unos 400.000 israel\u00edes, entre unos 2 millones de palestinos.<\/p>\n<p>Los palestinos reclaman todos esos territorios<strong> para fundar un Estado independiente<\/strong>, pero Israel de niega a descolonizarlos.<\/p>\n<p>El campamento de refugiados de la ciudad Jen\u00edn es una especie de gran barrio densamente poblado donde viven unas 14.000 personas.<\/p>\n<p>Los refugiados son aquellos<strong> palestinos y sus descendientes que decidieron quedarse en sus casas <\/strong>dentro de lo que hoy es Israel cuando se fund\u00f3 el Estado jud\u00edo, en 1948, y no hacerse israel\u00edes. Sus propiedades fueron confiscadas y ellos, expulsados.<\/p>\n<p>Unos 4.000 palestinos abandonaron el campamento de refugiados tras la operaci\u00f3n israel\u00ed, dijeron las autoridades locales, que a\u00f1adieron que se tomaron medidas para recibirlos en escuelas y otros lugares de la ciudad.<\/p>\n<p>Israel dijo que<strong> la incursi\u00f3n seguir\u00e1 hasta lograr sus objetivos<\/strong>, que no precis\u00f3.<\/p>\n<\/p><\/div>\n<p>Jen\u00edn y su campamento de refugiados<strong> son bastiones de grupos de la resistencia armada palestina a la ocupaci\u00f3n israel\u00ed<\/strong>, y son escenarios de redadas israel\u00edes desde hace meses.<\/p>\n<p>El Ministerio de Salud palestino dijo hoy en un nuevo balance que 10 palestinos murieron y 100 resultaron heridos, 20 de ellos de gravedad, en la operaci\u00f3n en Jen\u00edn. Hasta ayer, los muertos eran nueve.<\/p>\n<p>El Gobierno aut\u00f3nomo palestino del presidente Mahmud Abbas, a trav\u00e9s de su Ministerio de Relaciones Exteriores, denunci\u00f3 <strong>\u00abuna guerra abierta contra la poblaci\u00f3n en Jen\u00edn\u00bb<\/strong>.<\/p>\n<p>Las calles de la localidad estaban hoy desiertas, llenas de escombros, piedras y barricadas improvisadas, inform\u00f3 la agencia de noticias AFP.<\/p>\n<figure class=\"mb-3\"><img loading=\"lazy\" data-src=\"http:\/\/nuevacordoba.net\/wp-content\/uploads\/2023\/07\/choco-una-camioneta-contra-una-parada-de-colectivos-en-respuesta-al-ataque-israeli-3.jpg\" src=\"https:\/\/www.telam.com.ar\/assets\/img\/not_image.png\" class=\" lazy \" width=\"100%\" height=\"100%\" alt=\"Foto Archivo\"><figcaption> Foto: Archivo. <\/figcaption><\/figure>\n<p><\/p>\n<h2 class>Repercusiones<\/h2>\n<p>En el plano diplom\u00e1tico, la Liga \u00c1rabe, que re\u00fane a los pa\u00edses donde se habla \u00e1rabe, <strong>convoc\u00f3 una reuni\u00f3n de urgencia para este martes<\/strong>.<\/p>\n<p>Jordania, Egipto y Emiratos \u00c1rabes Unidos, pa\u00edses que mantienen relaciones diplom\u00e1ticas con Israel, denunciaron la incursi\u00f3n.<\/p>\n<p>Estados Unidos dijo por su parte <strong>que hay que apoyar \u00abla seguridad de Israel y su derecho a defender a su poblaci\u00f3n\u00bb<\/strong>.<\/p>\n<p>En lo que va de a\u00f1o, la violencia entre israel\u00edes y palestinos ya provoc\u00f3 la muerte de al menos 187 palestinos y 25 israel\u00edes.<\/p>\n","protected":false},"excerpt":{"rendered":"<p>Foto: Archivo. Un palestino afiliado al movimiento Hamas choc\u00f3 este martes con una camioneta a varias personas en una parada de colectivos de la ciudad israel\u00ed de Tel Aviv y luego se baj\u00f3 y apu\u00f1al\u00f3 a algunas de ellas, antes de ser abatido, informaron autoridades, que reportaron siete heridos. Hamas y otros grupos armados palestinos [&hellip;]<\/p>\n","protected":false},"author":1,"featured_media":34013,"comment_status":"closed","ping_status":"closed","sticky":false,"template":"","format":"standard","meta":[],"categories":[13],"tags":[],"_links":{"self":[{"href":"http:\/\/nuevacordoba.net\/index.php\/wp-json\/wp\/v2\/posts\/34012"}],"collection":[{"href":"http:\/\/nuevacordoba.net\/index.php\/wp-json\/wp\/v2\/posts"}],"about":[{"href":"http:\/\/nuevacordoba.net\/index.php\/wp-json\/wp\/v2\/types\/post"}],"author":[{"embeddable":true,"href":"http:\/\/nuevacordoba.net\/index.php\/wp-json\/wp\/v2\/users\/1"}],"replies":[{"embeddable":true,"href":"http:\/\/nuevacordoba.net\/index.php\/wp-json\/wp\/v2\/comments?post=34012"}],"version-history":[{"count":0,"href":"http:\/\/nuevacordoba.net\/index.php\/wp-json\/wp\/v2\/posts\/34012\/revisions"}],"wp:featuredmedia":[{"embeddable":true,"href":"http:\/\/nuevacordoba.net\/index.php\/wp-json\/wp\/v2\/media\/34013"}],"wp:attachment":[{"href":"http:\/\/nuevacordoba.net\/index.php\/wp-json\/wp\/v2\/media?parent=34012"}],"wp:term":[{"taxonomy":"category","embeddable":true,"href":"http:\/\/nuevacordoba.net\/index.php\/wp-json\/wp\/v2\/categories?post=34012"},{"taxonomy":"post_tag","embeddable":true,"href":"http:\/\/nuevacordoba.net\/index.php\/wp-json\/wp\/v2\/tags?post=34012"}],"curies":[{"name":"wp","href":"https:\/\/api.w.org\/{rel}","templated":true}]}}