{"id":34038,"date":"2023-07-05T16:56:59","date_gmt":"2023-07-05T16:56:59","guid":{"rendered":"https:\/\/prensa.cba.gov.ar\/?p=558801"},"modified":"2023-07-05T16:56:59","modified_gmt":"2023-07-05T16:56:59","slug":"mas-departamentos-en-zonas-de-riesgo-de-incendios-suman-capacitacion","status":"publish","type":"post","link":"http:\/\/nuevacordoba.net\/index.php\/2023\/07\/05\/mas-departamentos-en-zonas-de-riesgo-de-incendios-suman-capacitacion\/","title":{"rendered":"M\u00e1s departamentos en zonas de riesgo de incendios suman capacitaci\u00f3n"},"content":{"rendered":"<ul>\n<li><strong>Son 765 ni\u00f1as y ni\u00f1os de seis departamentos los que participaron de estas jornadas.<\/strong><\/li>\n<li><strong>Se realizan en escuelas rurales instaladas en zonas de riesgo de incendios.<\/strong><\/li>\n<\/ul>\n<p>En el marco del abordaje integral al combate de incendios en toda la provincia, desde la Direcci\u00f3n de Gesti\u00f3n Integral de Manejo del Fuego, dependiente del Ministerio de Gobierno y Seguridad, se desarrollan diversas jornadas de prevenci\u00f3n en zonas de riesgo de incendios. Tal es el caso de las jornadas de <strong>\u201cPrevenci\u00f3n de incendios forestales y cuidado del medioambiente\u201d<\/strong>, dirigidas a ni\u00f1as y ni\u00f1os de nivel primario en diversas localidades.<\/p>\n<p>Se inform\u00f3 que <strong>765 ni\u00f1as y ni\u00f1os <\/strong>asistentes a escuelas primarias rurales accedieron a las jornadas que se brindan desde la Secretar\u00eda de Gesti\u00f3n de Riesgo. A su vez, <strong>96 docentes<\/strong> tambi\u00e9n compartieron la experiencia.<\/p>\n<p>Los contenidos impartidos fueron:&nbsp;<\/p>\n<ul>\n<li>Qu\u00e9 es un incendio forestal y en qu\u00e9 \u00e9poca del a\u00f1o se produce la mayor cantidad.<\/li>\n<li>Qu\u00e9 es un incendio de interfase.&nbsp;<\/li>\n<li>C\u00f3mo se forma el fuego.<\/li>\n<li>Ley de Fuego (breve explicaci\u00f3n).<\/li>\n<li>C\u00f3mo es el manejo rural sin fuego: medidas de prevenci\u00f3n para mitigar incendios forestales.&nbsp;<\/li>\n<li>Medidas de prevenci\u00f3n en casa y escuela para protecci\u00f3n en caso de ser alcanzadas por un incendio forestal.&nbsp;<\/li>\n<li>Difusi\u00f3n del n\u00famero de tel\u00e9fono 0800 888 38346 (Fuego) para avisar el avistamiento de una columna de humo, la utilidad y el uso responsable de este canal de comunicaci\u00f3n.<\/li>\n<\/ul>\n<figure class=\"wp-block-gallery has-nested-images columns-default is-cropped has-lightbox wp-block-gallery-1 is-layout-flex\">\n<figure class=\"wp-block-image size-large\"><img decoding=\"async\" loading=\"lazy\" width=\"990\" height=\"661\" data-id=\"558807\" src=\"http:\/\/nuevacordoba.net\/wp-content\/uploads\/2023\/07\/mas-departamentos-en-zonas-de-riesgo-de-incendios-suman-capacitacion.jpg\" alt class=\"wp-image-558807\"><\/figure>\n<figure class=\"wp-block-image size-large\"><img decoding=\"async\" loading=\"lazy\" width=\"990\" height=\"661\" data-id=\"558806\" src=\"http:\/\/nuevacordoba.net\/wp-content\/uploads\/2023\/07\/mas-departamentos-en-zonas-de-riesgo-de-incendios-suman-capacitacion-1.jpg\" alt class=\"wp-image-558806\"><\/figure>\n<figure class=\"wp-block-image size-large\"><img decoding=\"async\" loading=\"lazy\" width=\"990\" height=\"661\" data-id=\"558805\" src=\"http:\/\/nuevacordoba.net\/wp-content\/uploads\/2023\/07\/mas-departamentos-en-zonas-de-riesgo-de-incendios-suman-capacitacion-2.jpg\" alt class=\"wp-image-558805\"><\/figure>\n<\/figure>\n<p><strong>Por departamento, d\u00f3nde se abordaron zonas de riesgo&nbsp;<\/strong><\/p>\n<p>En <strong>Calamuchita<\/strong>, las jornadas tuvieron lugar en las escuelas Belisario Rold\u00e1n, Esther S\u00e1nchez de Rouviere y Rafael Obligado, de Embalse; el colegio Dall Arelina, en Monte Ralo; la escuela Almirante Brown, en Villa del Dique; F\u00e9lix Enrique, de Villa Quillinzo; Hip\u00f3lito Yrigoyen, en R\u00edo de la Cruz Oeste; y Plurigrado Rita Salgado, en Comuna Segunda Usina.<\/p>\n<p>Por el lado del <strong>departamento General San Mart\u00edn, <\/strong>la jornada tuvo lugar en la escuela Rural Ataliva Herrera del paraje Santa Rita, mientras que en <strong>Tercero Arriba<\/strong> tuvo lugar en la Eecuela Carlos Cassaffousth, en Tercera Usina Almafuerte.<\/p>\n<p>En cuanto al <strong>departamento Santa Mar\u00eda,<\/strong> las escuelas participantes fueron: Mariano Moreno, en el Paraje Campo Buena Esperanza, cercano a la localidad de Despe\u00f1aderos; 25 de Mayo de la localidad de Despe\u00f1aderos; y la escuela French y Berutti, de la localidad de Rafael Garc\u00eda.<\/p>\n<p>En el <strong>departamento R\u00edo Primero<\/strong>, la jornada se realiz\u00f3 en la escuela Ricardo Guti\u00e9rrez, en Capilla de los Remedios, mientras que en <strong>Cruz del Eje<\/strong>, ni\u00f1as y ni\u00f1os de la escuela Secundaria Gral. San Mart\u00edn, de la localidad de La Higuera, participaron de la jornada.<\/p>\n<p>Adem\u00e1s, se sum\u00f3 el <strong>departamento Capital<\/strong> con jornadas en las escuelas Independencia Argentina y Libertador General San Mart\u00edn, en Camino 60 Cuadras.&nbsp;<\/p>\n<figure class=\"wp-block-gallery has-nested-images columns-default is-cropped wp-block-gallery-3 is-layout-flex\">\n<figure class=\"wp-block-image size-large\"><img decoding=\"async\" loading=\"lazy\" width=\"990\" height=\"661\" data-id=\"558808\" src=\"http:\/\/nuevacordoba.net\/wp-content\/uploads\/2023\/07\/mas-departamentos-en-zonas-de-riesgo-de-incendios-suman-capacitacion-3.jpg\" alt class=\"wp-image-558808\"><\/figure>\n<\/figure>\n","protected":false},"excerpt":{"rendered":"<p>Son 765 ni\u00f1as y ni\u00f1os de seis departamentos los que participaron de estas jornadas. Se realizan en escuelas rurales instaladas en zonas de riesgo de incendios. En el marco del abordaje integral al combate de incendios en toda la provincia, desde la Direcci\u00f3n de Gesti\u00f3n Integral de Manejo del Fuego, dependiente del Ministerio de Gobierno [&hellip;]<\/p>\n","protected":false},"author":1,"featured_media":34039,"comment_status":"closed","ping_status":"closed","sticky":false,"template":"","format":"standard","meta":[],"categories":[14],"tags":[],"_links":{"self":[{"href":"http:\/\/nuevacordoba.net\/index.php\/wp-json\/wp\/v2\/posts\/34038"}],"collection":[{"href":"http:\/\/nuevacordoba.net\/index.php\/wp-json\/wp\/v2\/posts"}],"about":[{"href":"http:\/\/nuevacordoba.net\/index.php\/wp-json\/wp\/v2\/types\/post"}],"author":[{"embeddable":true,"href":"http:\/\/nuevacordoba.net\/index.php\/wp-json\/wp\/v2\/users\/1"}],"replies":[{"embeddable":true,"href":"http:\/\/nuevacordoba.net\/index.php\/wp-json\/wp\/v2\/comments?post=34038"}],"version-history":[{"count":0,"href":"http:\/\/nuevacordoba.net\/index.php\/wp-json\/wp\/v2\/posts\/34038\/revisions"}],"wp:featuredmedia":[{"embeddable":true,"href":"http:\/\/nuevacordoba.net\/index.php\/wp-json\/wp\/v2\/media\/34039"}],"wp:attachment":[{"href":"http:\/\/nuevacordoba.net\/index.php\/wp-json\/wp\/v2\/media?parent=34038"}],"wp:term":[{"taxonomy":"category","embeddable":true,"href":"http:\/\/nuevacordoba.net\/index.php\/wp-json\/wp\/v2\/categories?post=34038"},{"taxonomy":"post_tag","embeddable":true,"href":"http:\/\/nuevacordoba.net\/index.php\/wp-json\/wp\/v2\/tags?post=34038"}],"curies":[{"name":"wp","href":"https:\/\/api.w.org\/{rel}","templated":true}]}}