{"id":34041,"date":"2023-07-05T19:08:32","date_gmt":"2023-07-05T19:08:32","guid":{"rendered":"https:\/\/cordoba.gob.ar\/?p=47212"},"modified":"2023-07-05T19:08:32","modified_gmt":"2023-07-05T19:08:32","slug":"la-municipalidad-de-cordoba-extiende-el-plan-de-infraestructura-en-escuelas-passerini-inauguro-dos-nuevas-aulas","status":"publish","type":"post","link":"http:\/\/nuevacordoba.net\/index.php\/2023\/07\/05\/la-municipalidad-de-cordoba-extiende-el-plan-de-infraestructura-en-escuelas-passerini-inauguro-dos-nuevas-aulas\/","title":{"rendered":"La Municipalidad de C\u00f3rdoba extiende el plan de infraestructura en escuelas: Passerini inaugur\u00f3 dos nuevas aulas"},"content":{"rendered":"<div><img src=\"http:\/\/nuevacordoba.net\/wp-content\/uploads\/2023\/07\/la-municipalidad-de-cordoba-extiende-el-plan-de-infraestructura-en-escuelas-passerini-inauguro-dos-nuevas-aulas.jpg\" class=\"ff-og-image-inserted\"><\/div>\n<ul>\n<li><strong>Son las primeras del programa Construir Futuro II, implementado por la actual gesti\u00f3n.<\/strong><\/li>\n<li><strong><strong><strong>Ya son 53 las aulas construidas para ampliar y mejorar las condiciones edilicias de las instituciones educativas municipales.<\/strong><\/strong><\/strong><br \/>\n<hr>\n<\/li>\n<\/ul>\n<p>La Municipalidad de C\u00f3rdoba inaugur\u00f3 las dos primeras aulas en el marco del programa \u201cConstruir Futuro II\u201d, dando as\u00ed continuidad a una pol\u00edtica de Estado que inici\u00f3 con la construcci\u00f3n de 51 aulas, creando mejores condiciones de aprendizaje para los 16.000 alumnos que asisten al Sistema Educativo Municipal.<\/p>\n<p>En este marco, el viceintendente, Daniel Passerini, dej\u00f3 habilitadas las aulas n\u00famero 52 y 53 de la actual gesti\u00f3n municipal, correspondientes a la escuela \u00c1ngel Gastaldi, de barrio Colonia Lola.<\/p>\n<p><em>\u201cEstas aulas reflejan el compromiso que hemos asumido con la educaci\u00f3n del sistema municipal. Con el programa Construir Futuro II, estamos demostrando con acciones concretas nuestro compromiso. Comenzamos a construirlo en diciembre de 2022 y hoy ya vemos los primeros resultados con la inauguraci\u00f3n de dos nuevas aulas que se suman a las 51 existentes.\u201d<\/em>, expres\u00f3 el viceintendente, Daniel Passerini.<\/p>\n<p>Adem\u00e1s, agreg\u00f3: <em>\u201cHemos intensificado la inversi\u00f3n en aquellas comunidades que m\u00e1s lo necesitan, porque la igualdad de oportunidades debe ser nuestro lema, bandera y acci\u00f3n. Queremos que todos nuestros estudiantes puedan acceder a una educaci\u00f3n de calidad\u201d<\/em>.<\/p>\n<p>En esta oportunidad, el proceso de construcci\u00f3n incluy\u00f3 la demolici\u00f3n de dos antiguos salones que se encontraban en condiciones precarias y representaban un peligro de derrumbe. En su lugar, se construyeron dos nuevas aulas con fundaci\u00f3n superficial, mamposter\u00eda revocada, carpinter\u00eda de aluminio y cubierta de chapa prepintada tipo panel o s\u00e1ndwich.<\/p>\n<p>Estas nuevas aulas cuentan con instalaci\u00f3n el\u00e9ctrica, calefacci\u00f3n por calefactores tiro balanceados y ventiladores axiales para asegurar un ambiente t\u00e9rmico adecuado. La inversi\u00f3n total super\u00f3 los 30 millones de pesos.<\/p>\n<p>Adem\u00e1s de las aulas, se realizaron mejoras y lecturas en los ba\u00f1os, instalaciones el\u00e9ctricas, mobiliario y sector de juegos infantiles.<\/p>\n<p><em>\u201cNos propusimos generar condiciones y aqu\u00ed estamos avanzando. Nos comprometimos y hemos realizado un total de 53 nuevas aulas en el marco de Construir Futuro I y II. Con estas nuevas inauguraciones, estamos demostrando que podemos ir m\u00e1s all\u00e1 y superar las expectativas iniciales\u201d<\/em>, destac\u00f3 el secretario de Educaci\u00f3n, Horacio Ferreyra.<\/p>\n<p>Construir Futuro I y II tiene por objetivo implementar y desarrollar un plan integral de infraestructura y equipamiento en los establecimientos municipales. Esto tiene como finalidad garantizar condiciones edilicias y de equipamiento adecuado para generar ambientes favorables al aprendizaje y facilitar el desarrollo de las actividades educativas en jardines, escuelas y parques, todo ello en un entorno sostenible.<\/p>\n<p>Con el programa Construir Futuro II, la Municipalidad de C\u00f3rdoba reafirma su compromiso de brindar una educaci\u00f3n de calidad y garantizar espacios adecuados para el desarrollo integral de los estudiantes en el \u00e1mbito municipal<\/p>\n","protected":false},"excerpt":{"rendered":"<p>Son las primeras del programa Construir Futuro II, implementado por la actual gesti\u00f3n. Ya son 53 las aulas construidas para ampliar y mejorar las condiciones edilicias de las instituciones educativas municipales. La Municipalidad de C\u00f3rdoba inaugur\u00f3 las dos primeras aulas en el marco del programa \u201cConstruir Futuro II\u201d, dando as\u00ed continuidad a una pol\u00edtica de [&hellip;]<\/p>\n","protected":false},"author":1,"featured_media":34042,"comment_status":"closed","ping_status":"closed","sticky":false,"template":"","format":"standard","meta":[],"categories":[14],"tags":[],"_links":{"self":[{"href":"http:\/\/nuevacordoba.net\/index.php\/wp-json\/wp\/v2\/posts\/34041"}],"collection":[{"href":"http:\/\/nuevacordoba.net\/index.php\/wp-json\/wp\/v2\/posts"}],"about":[{"href":"http:\/\/nuevacordoba.net\/index.php\/wp-json\/wp\/v2\/types\/post"}],"author":[{"embeddable":true,"href":"http:\/\/nuevacordoba.net\/index.php\/wp-json\/wp\/v2\/users\/1"}],"replies":[{"embeddable":true,"href":"http:\/\/nuevacordoba.net\/index.php\/wp-json\/wp\/v2\/comments?post=34041"}],"version-history":[{"count":0,"href":"http:\/\/nuevacordoba.net\/index.php\/wp-json\/wp\/v2\/posts\/34041\/revisions"}],"wp:featuredmedia":[{"embeddable":true,"href":"http:\/\/nuevacordoba.net\/index.php\/wp-json\/wp\/v2\/media\/34042"}],"wp:attachment":[{"href":"http:\/\/nuevacordoba.net\/index.php\/wp-json\/wp\/v2\/media?parent=34041"}],"wp:term":[{"taxonomy":"category","embeddable":true,"href":"http:\/\/nuevacordoba.net\/index.php\/wp-json\/wp\/v2\/categories?post=34041"},{"taxonomy":"post_tag","embeddable":true,"href":"http:\/\/nuevacordoba.net\/index.php\/wp-json\/wp\/v2\/tags?post=34041"}],"curies":[{"name":"wp","href":"https:\/\/api.w.org\/{rel}","templated":true}]}}