{"id":34051,"date":"2023-07-05T18:58:50","date_gmt":"2023-07-05T18:58:50","guid":{"rendered":"https:\/\/puntoapunto.com.ar\/?p=347772"},"modified":"2023-07-05T18:58:50","modified_gmt":"2023-07-05T18:58:50","slug":"oficial-llaryora-es-el-nuevo-gobernador-de-cordoba-con-el-45","status":"publish","type":"post","link":"http:\/\/nuevacordoba.net\/index.php\/2023\/07\/05\/oficial-llaryora-es-el-nuevo-gobernador-de-cordoba-con-el-45\/","title":{"rendered":"Oficial: Llaryora es el nuevo gobernador de C\u00f3rdoba con\u00a0el\u00a045%"},"content":{"rendered":"<div class=\"g g-37\">\n<div class=\"g-single a-29\"><a class=\"gofollow\" data-track=\"MjksMzcsMSw2MA==\" href=\"https:\/\/www.harmoniechateau.com.ar\/\" target=\"_blank\" rel=\"noopener\"><img class=\"lazyload\" src=\"http:\/\/nuevacordoba.net\/wp-content\/uploads\/2023\/07\/oficial-llaryora-es-el-nuevo-gobernador-de-cordoba-con-el-45.jpg\"><\/a><\/div>\n<\/div>\n<p>&nbsp;\n<\/p>\n<p>Dos semanas m\u00e1s tarde, el Tribunal Electoral de la Provincia de C\u00f3rdoba<b>&nbsp;finaliz\u00f3 el escrutinio&nbsp;<\/b><strong>oficial. <\/strong>As\u00ed, este mi\u00e9rcoles anunciaron que<strong><a href=\"https:\/\/puntoapunto.com.ar\/de-loredo-le-puso-nota-a-llaryora-y-anuncio-plan-de-seguridad\/\"> Mart\u00edn Llaryora<\/a> es el nuevo gobernador electo de C\u00f3rdoba,<\/strong> acompa\u00f1ado de Miryam Prunotto.\n<\/p>\n<p>La f\u00f3rmula de Llaryora logr\u00f3<strong> 870.935 votos (el 45,9%)<\/strong> y se impuso sobre <strong>Luis Juez y Marcos Carasso, quienes consiguieron 806.541 votos (el 41,8%). <\/strong><strong>La diferencia es de 3,33 puntos exactos,<\/strong> con una <strong>ventaja de 64.394 votos.<\/strong> En tanto,<strong> el voto en blanco fue del 5,05%.<\/strong><\/p>\n<div class=\"g g-35\">\n<div class=\"g-dyn a-74 c-1\"><a class=\"gofollow\" data-track=\"NzQsMzUsMSw2MA==\" href=\"https:\/\/www.instagram.com\/rodrigodeloredooficial\/?igshid=MmIzYWVlNDQ5Yg%3D%3D\" target=\"_blank\" rel=\"noopener\"><img class=\"lazyload\" src=\"http:\/\/nuevacordoba.net\/wp-content\/uploads\/2023\/07\/oficial-llaryora-es-el-nuevo-gobernador-de-cordoba-con-el-45.gif\"><\/a><\/div>\n<\/div>\n<p>En ese sentido, los n\u00fameros finales confirmaron que las fuerzas mayoritarias quedar\u00e1n igualados en<strong> 33 miembros: tanto Hacemos Unidos por C\u00f3rdoba como Juntos por el Cambio tendr\u00e1n ese n\u00famero de legisladores,<\/strong> mientras que las cuatro restantes ser\u00e1n repartidas entre Encuentro Vecinal C\u00f3rdoba, el kirchnerismo con Creo en C\u00f3rdoba, la izquierda y los libertarios, que debutan en la Legislatura.\n<\/p>\n<p>En tanto, el <strong><a href=\"https:\/\/puntoapunto.com.ar\/llaryora-vamos-a-recuperar-la-legislatura-y-el-tribunal-de-cuentas\/\">Tribunal de Cuentas<\/a> qued\u00f3 para<a href=\"https:\/\/jxc.com.ar\/\"> Juntos por el Cambio<\/a> por unos 5.000 votos<\/strong>, es decir asumir\u00e1n <strong>dos integrantes de este espacio y uno de Hacemos Unidos por C\u00f3rdoba.&nbsp;<\/strong>\n<\/p>\n<p><strong>Hacemos Unidos por C\u00f3rdoba.&nbsp;<\/strong><\/p>\n<ol>\n<li>Juan Manuel Llamosas.<\/li>\n<li>Claudia Mart\u00ednez.<\/li>\n<li>Manuel Calvo.<\/li>\n<li>Nadia Fern\u00e1ndez.<\/li>\n<li>Leonardo Limia<\/li>\n<li>Laura Jure.<\/li>\n<li>Miguel Siciliano.<\/li>\n<li>Ver\u00f3nica Navarro Alegre.<\/li>\n<li>Ricardo Sosa.<\/li>\n<li>Carmen Su\u00e1rez.<\/li>\n<li>Mat\u00edas Chamorro.<\/li>\n<li>Julieta Rinaldi.<\/li>\n<li>Natalia Qui\u00f1o\u00f1ez.<\/li>\n<li>Ileana Quaglino.<\/li>\n<li>Pablo Ovejeros.<\/li>\n<li>Carlos Knipscheer.<\/li>\n<li>David Consalvi.<\/li>\n<li>Rosario Acevedo<\/li>\n<li>Abraham Galo.<\/li>\n<li>Delia Romero.<\/li>\n<li>Marcelo Eslava.<\/li>\n<li>Paulo Cassinerio (Capital).<\/li>\n<li>Gustavo Brand\u00e1n (Col\u00f3n).<\/li>\n<li>Ra\u00fal Figueroa (Ischil\u00edn).<\/li>\n<li>Cristian Far\u00edas (Minas).<\/li>\n<li>Ernesto Flores (Villa de Mar\u00eda del R\u00edo Seco).<\/li>\n<li>Mariano Ceballos (San Alberto).<\/li>\n<li>Enrique Rebora (San Javier).<\/li>\n<li>Gustavo Tevez (San Justo).<\/li>\n<li>Jorge Heredia (Pocho).<\/li>\n<li>Juan Blangino (R\u00edo Primero).<\/li>\n<li>Victoria Busso (Roque S\u00e1enz Pe\u00f1a).<\/li>\n<\/ol>\n<p><strong>Juntos por el Cambio<\/strong>\n<\/p>\n<ol>\n<li>Gustavo Botasso.<\/li>\n<li>Carmen Pereyra.<\/li>\n<li>Jos\u00e9 Br\u00eda.<\/li>\n<li>Ignacio Sala.<\/li>\n<li>Mat\u00edas Gvozdenovich.<\/li>\n<li>Walter Nostrala.<\/li>\n<li>Nancy Almada.<\/li>\n<li>Daniel Juez.<\/li>\n<li>Viviana Martoccia.<\/li>\n<li>Gregorio Hern\u00e1ndez Maqueda.<\/li>\n<li>Oscar Agost Carre\u00f1o.<\/li>\n<li>Karina Bruno<\/li>\n<li>Patricia Botta.<\/li>\n<li>Brenda Austin.<\/li>\n<li>Miguel Nicol\u00e1s.<\/li>\n<li>Alejandra Ferrero.<\/li>\n<li>Ariela Szpanin.<\/li>\n<li>In\u00e9s Contreras.<\/li>\n<li>Dante Rossi.<\/li>\n<li>Daniela Gudi\u00f1o.<\/li>\n<li>Mauricio Jaimes (Calamuchita).<\/li>\n<li>Fernando Luna&nbsp;(Cruz del Eje).<\/li>\n<li>Oscar Saliba (General Roca).<\/li>\n<li>Ariel Grich (R\u00edo Cuarto).<\/li>\n<li>Lucas Valiente (R\u00edo Segundo).<\/li>\n<li>V\u00edctor Molina (Totoral).<\/li>\n<li>Sebasti\u00e1n Peralta&nbsp;(Tulumba).<\/li>\n<li>Carlos Briner (Uni\u00f3n).<\/li>\n<li>Alfredo Nigro (Gral. San Mart\u00edn).<\/li>\n<li>Graciela Bisotto (Ju\u00e1rez Celman).<\/li>\n<li>Carlos Carignano (Marcos Ju\u00e1rez).<\/li>\n<li>Juan Pablo Peirone (Tercero Arriba).<\/li>\n<li>Walter Gispert (Punilla).<\/li>\n<\/ol>\n<p>Oscar Tamis (*) Todav\u00eda no est\u00e1 confirmado su ingreso a la nueva legislatura.&nbsp;\u200b\n<\/p>\n<p><strong>Creo en C\u00f3rdoba de Todos<\/strong>\n<\/p>\n<ul>\n<li>Federico Alesandri.<\/li>\n<\/ul>\n<p><strong>Encuentro Vecinal<\/strong>\n<\/p>\n<ul>\n<li>Rodrigo Agrelo.<\/li>\n<\/ul>\n<p><strong>Libertarios<\/strong>\n<\/p>\n<ul>\n<li>Agust\u00edn Spaccesi.<\/li>\n<\/ul>\n<p><strong>Movimiento Socialista de los Trabajadores \u2013 Nueva Izquierda<\/strong>\n<\/p>\n<ul>\n<li>Luciana Echevarr\u00eda.<\/li>\n<\/ul>\n<div class=\"g g-38\">\n<div class=\"g-dyn a-73 c-1\"><a class=\"gofollow\" data-track=\"NzMsMzgsMSw2MA==\" href=\"https:\/\/www.ajdg.net\/\" target=\"_blank\" rel=\"noopener\"><img class=\"lazyload\" src=\"http:\/\/nuevacordoba.net\/wp-content\/uploads\/2023\/07\/oficial-llaryora-es-el-nuevo-gobernador-de-cordoba-con-el-45-1.gif\"><\/a><\/div>\n<\/div>\n","protected":false},"excerpt":{"rendered":"<p>&nbsp; Dos semanas m\u00e1s tarde, el Tribunal Electoral de la Provincia de C\u00f3rdoba&nbsp;finaliz\u00f3 el escrutinio&nbsp;oficial. As\u00ed, este mi\u00e9rcoles anunciaron que Mart\u00edn Llaryora es el nuevo gobernador electo de C\u00f3rdoba, acompa\u00f1ado de Miryam Prunotto. La f\u00f3rmula de Llaryora logr\u00f3 870.935 votos (el 45,9%) y se impuso sobre Luis Juez y Marcos Carasso, quienes consiguieron 806.541 votos [&hellip;]<\/p>\n","protected":false},"author":1,"featured_media":34052,"comment_status":"open","ping_status":"closed","sticky":false,"template":"","format":"standard","meta":[],"categories":[12,14],"tags":[],"_links":{"self":[{"href":"http:\/\/nuevacordoba.net\/index.php\/wp-json\/wp\/v2\/posts\/34051"}],"collection":[{"href":"http:\/\/nuevacordoba.net\/index.php\/wp-json\/wp\/v2\/posts"}],"about":[{"href":"http:\/\/nuevacordoba.net\/index.php\/wp-json\/wp\/v2\/types\/post"}],"author":[{"embeddable":true,"href":"http:\/\/nuevacordoba.net\/index.php\/wp-json\/wp\/v2\/users\/1"}],"replies":[{"embeddable":true,"href":"http:\/\/nuevacordoba.net\/index.php\/wp-json\/wp\/v2\/comments?post=34051"}],"version-history":[{"count":0,"href":"http:\/\/nuevacordoba.net\/index.php\/wp-json\/wp\/v2\/posts\/34051\/revisions"}],"wp:featuredmedia":[{"embeddable":true,"href":"http:\/\/nuevacordoba.net\/index.php\/wp-json\/wp\/v2\/media\/34052"}],"wp:attachment":[{"href":"http:\/\/nuevacordoba.net\/index.php\/wp-json\/wp\/v2\/media?parent=34051"}],"wp:term":[{"taxonomy":"category","embeddable":true,"href":"http:\/\/nuevacordoba.net\/index.php\/wp-json\/wp\/v2\/categories?post=34051"},{"taxonomy":"post_tag","embeddable":true,"href":"http:\/\/nuevacordoba.net\/index.php\/wp-json\/wp\/v2\/tags?post=34051"}],"curies":[{"name":"wp","href":"https:\/\/api.w.org\/{rel}","templated":true}]}}