{"id":3408,"date":"2021-04-18T17:21:26","date_gmt":"2021-04-18T17:21:26","guid":{"rendered":"http:\/\/cordobanewsnet.wordpress.com\/?p=5335"},"modified":"2021-04-18T17:21:26","modified_gmt":"2021-04-18T17:21:26","slug":"alberto-fernandez-se-disculpo-por-sus-dichos-sobre-el-personal-sanitario-y-hablo-de-tergiversacion","status":"publish","type":"post","link":"http:\/\/nuevacordoba.net\/index.php\/2021\/04\/18\/alberto-fernandez-se-disculpo-por-sus-dichos-sobre-el-personal-sanitario-y-hablo-de-tergiversacion\/","title":{"rendered":"Alberto Fern\u00e1ndez se disculp\u00f3 por sus dichos sobre el personal sanitario y habl\u00f3 de \u201ctergiversaci\u00f3n\u201d"},"content":{"rendered":"<p><!-- \/featured-media --> <\/p>\n<div class=\"post-content clear\" readability=\"35.74629324547\">\n<p>En la \u00faltima cadena nacional, el presidente comunic\u00f3 las medidas de restricci\u00f3n y dej\u00f3 varias pol\u00e9micas que generaron. Un particular&nbsp;<strong>fastidio de los m\u00e9dicos cuando habl\u00f3 de \u201crelajamiento del sistema sanitario\u201d<\/strong>.<\/p>\n<p>Los d\u00edas siguientes,&nbsp;profesionales de todo el pa\u00eds expresaron el repudio&nbsp;por los dichos del Presidente, quien acus\u00f3 particularmente al sector privado de la salud.&nbsp;<\/p>\n<p>Alberto Fern\u00e1ndez se volvi\u00f3 a referir al tema este domingo a la ma\u00f1ana a trav\u00e9s de sus redes sociales y&nbsp;<strong>asegur\u00f3 que \u201ctergiversaron\u201d sus palabras<\/strong>. \u201cNunca rest\u00e9 valor al compromiso demostrado por el personal de salud.&nbsp;A quienes los tergiversaron para sembrar discordia les pido que dejen de hacer da\u00f1o\u201d, escribi\u00f3 el jefe de Estado en su cuenta de Twitter.<\/p>\n<p><a href=\"https:\/\/platform.twitter.com\/embed\/Tweet.html?creatorScreenName=eldoce&amp;dnt=false&amp;embedId=twitter-widget-0&amp;features=eyJ0ZndfZXhwZXJpbWVudHNfY29va2llX2V4cGlyYXRpb24iOnsiYnVja2V0IjoxMjA5NjAwLCJ2ZXJzaW9uIjpudWxsfSwidGZ3X2hvcml6b25fdHdlZXRfZW1iZWRfOTU1NSI6eyJidWNrZXQiOiJodGUiLCJ2ZXJzaW9uIjpudWxsfX0%3D&amp;frame=false&amp;hideCard=false&amp;hideThread=false&amp;id=1383776888535977991&amp;lang=es&amp;origin=https%3A%2F%2Feldoce.tv%2Fpolitica%2Falberto-fernandez-aseguro-tergiversaron-dichos-sobre-relajamiento-medicos-pidio-disculpas-redes-sociales_112062&amp;sessionId=ebfaab904df43ea17fb22aef70c0fc92ca6d0269&amp;siteScreenName=eldoce&amp;theme=light&amp;widgetsVersion=ff2e7cf%3A1618526400629&amp;width=550px\">https:\/\/platform.twitter.com\/embed\/Tweet.html?creatorScreenName=eldoce&amp;dnt=false&amp;embedId=twitter-widget-0&amp;features=eyJ0ZndfZXhwZXJpbWVudHNfY29va2llX2V4cGlyYXRpb24iOnsiYnVja2V0IjoxMjA5NjAwLCJ2ZXJzaW9uIjpudWxsfSwidGZ3X2hvcml6b25fdHdlZXRfZW1iZWRfOTU1NSI6eyJidWNrZXQiOiJodGUiLCJ2ZXJzaW9uIjpudWxsfX0%3D&amp;frame=false&amp;hideCard=false&amp;hideThread=false&amp;id=1383776888535977991&amp;lang=es&amp;origin=https%3A%2F%2Feldoce.tv%2Fpolitica%2Falberto-fernandez-aseguro-tergiversaron-dichos-sobre-relajamiento-medicos-pidio-disculpas-redes-sociales_112062&amp;sessionId=ebfaab904df43ea17fb22aef70c0fc92ca6d0269&amp;siteScreenName=eldoce&amp;theme=light&amp;widgetsVersion=ff2e7cf%3A1618526400629&amp;width=550px<\/a><\/p>\n<p>En un hilo, el Presidente aclar\u00f3 que \u201cjamas dijo semejante cosa\u201d. Y agreg\u00f3: \u201cEs claro que sectores pol\u00edticos y medios de comunicaci\u00f3n opositores&nbsp;<strong>tergiversaron mis palabras tendenciosamente<\/strong>&nbsp;para colocarme a m\u00ed en una posici\u00f3n de cr\u00edtica hacia el personal de salud cuando solo le guardo reconocimiento\u201d.<\/p>\n<div id=\"jp-post-flair\" class=\"sharedaddy sd-like-enabled sd-sharing-enabled\">\n<div class=\"sharedaddy sd-sharing-enabled\">\n<div class=\"robots-nocontent sd-block sd-social sd-social-icon-text sd-sharing\">\n<h3 class=\"sd-title\">Share this:<\/h3>\n<\/div>\n<\/div>\n<div class=\"sharedaddy sd-block sd-like jetpack-likes-widget-wrapper jetpack-likes-widget-unloaded\" id=\"like-post-wrapper-143108178-5335-607cb02b499e1\" data-src=\"\/\/widgets.wp.com\/likes\/index.html?ver=20210413#blog_id=143108178&amp;post_id=5335&amp;origin=cordobanewsnet.wordpress.com&amp;obj_id=143108178-5335-607cb02b499e1\" data-name=\"like-post-frame-143108178-5335-607cb02b499e1\">\n<h3 class=\"sd-title\">Me gusta esto:<\/h3>\n<p><span class=\"button\"><span>Me gusta<\/span><\/span> <span class=\"loading\">Cargando&#8230;<\/span><\/p>\n<p><span class=\"sd-text-color\"><\/span><\/div>\n<p><h3 class=\"jp-relatedposts-headline\"><em>Relacionado<\/em><\/h3>\n<\/p>\n<\/div><\/div>\n<p><!--\/.post-content--> <\/p>\n<footer class=\"post-meta-container clear\" readability=\"0.30414746543779\">\n<div class=\"entry-author author-avatar-show\" readability=\"13.114754098361\">\n<div class=\"author-avatar\"> <img loading=\"lazy\" alt src=\"http:\/\/nuevacordoba.net\/wp-content\/uploads\/2021\/04\/alberto-fernandez-se-disculpo-por-sus-dichos-sobre-el-personal-sanitario-y-hablo-de-tergiversacion.png\" class=\"avatar avatar-90\" height=\"90\" width=\"90\"> <\/div>\n<p><!-- .author-avatar --> <\/p>\n<p><h2 class=\"author-title\">Publicado por <span class=\"author-name\">Redacci\u00f3n<\/span><\/h2>\n<\/p>\n<p><!-- .author-heading --> <\/p>\n<p class=\"author-bio\"> <a class=\"author-link\" href=\"https:\/\/cordobanewsnet.wordpress.com\/author\/prettomatias\/\" rel=\"author\"> Ver todas las entradas de Redacci\u00f3n <\/a> <\/p>\n<p><!-- .author-bio --> <\/div>\n<p><!-- .entry-auhtor --> <\/footer>\n<p> <!-- \/post-meta-container --> <!-- #respond --> <\/p>\n","protected":false},"excerpt":{"rendered":"<p>En la \u00faltima cadena nacional, el presidente comunic\u00f3 las medidas de restricci\u00f3n y dej\u00f3 varias pol\u00e9micas que generaron. Un particular&nbsp;fastidio de los m\u00e9dicos cuando habl\u00f3 de \u201crelajamiento del sistema sanitario\u201d. Los d\u00edas siguientes,&nbsp;profesionales de todo el pa\u00eds expresaron el repudio&nbsp;por los dichos del Presidente, quien acus\u00f3 particularmente al sector privado de la salud.&nbsp; Alberto Fern\u00e1ndez [&hellip;]<\/p>\n","protected":false},"author":1,"featured_media":3409,"comment_status":"closed","ping_status":"closed","sticky":false,"template":"","format":"standard","meta":[],"categories":[14],"tags":[],"_links":{"self":[{"href":"http:\/\/nuevacordoba.net\/index.php\/wp-json\/wp\/v2\/posts\/3408"}],"collection":[{"href":"http:\/\/nuevacordoba.net\/index.php\/wp-json\/wp\/v2\/posts"}],"about":[{"href":"http:\/\/nuevacordoba.net\/index.php\/wp-json\/wp\/v2\/types\/post"}],"author":[{"embeddable":true,"href":"http:\/\/nuevacordoba.net\/index.php\/wp-json\/wp\/v2\/users\/1"}],"replies":[{"embeddable":true,"href":"http:\/\/nuevacordoba.net\/index.php\/wp-json\/wp\/v2\/comments?post=3408"}],"version-history":[{"count":0,"href":"http:\/\/nuevacordoba.net\/index.php\/wp-json\/wp\/v2\/posts\/3408\/revisions"}],"wp:featuredmedia":[{"embeddable":true,"href":"http:\/\/nuevacordoba.net\/index.php\/wp-json\/wp\/v2\/media\/3409"}],"wp:attachment":[{"href":"http:\/\/nuevacordoba.net\/index.php\/wp-json\/wp\/v2\/media?parent=3408"}],"wp:term":[{"taxonomy":"category","embeddable":true,"href":"http:\/\/nuevacordoba.net\/index.php\/wp-json\/wp\/v2\/categories?post=3408"},{"taxonomy":"post_tag","embeddable":true,"href":"http:\/\/nuevacordoba.net\/index.php\/wp-json\/wp\/v2\/tags?post=3408"}],"curies":[{"name":"wp","href":"https:\/\/api.w.org\/{rel}","templated":true}]}}