{"id":34149,"date":"2023-07-08T13:27:04","date_gmt":"2023-07-08T13:27:04","guid":{"rendered":"http:\/\/nuevacordoba.net\/index.php\/2023\/07\/08\/francisco-recordo-los-10-anos-de-su-viaje-a-lampedusa-y-pidio-por-los-migrantes\/"},"modified":"2023-07-08T13:27:04","modified_gmt":"2023-07-08T13:27:04","slug":"francisco-recordo-los-10-anos-de-su-viaje-a-lampedusa-y-pidio-por-los-migrantes","status":"publish","type":"post","link":"http:\/\/nuevacordoba.net\/index.php\/2023\/07\/08\/francisco-recordo-los-10-anos-de-su-viaje-a-lampedusa-y-pidio-por-los-migrantes\/","title":{"rendered":"Francisco record\u00f3 los 10 a\u00f1os de su viaje a Lampedusa y pidi\u00f3 por los migrantes"},"content":{"rendered":"<figure class=\"mb-3\"><img loading=\"lazy\" data-src=\"http:\/\/nuevacordoba.net\/wp-content\/uploads\/2023\/07\/francisco-recordo-los-10-anos-de-su-viaje-a-lampedusa-y-pidio-por-los-migrantes.jpg\" src=\"https:\/\/www.telam.com.ar\/assets\/img\/not_image.png\" class=\" lazy \" width=\"100%\" height=\"100%\" alt=\"El Papa pidi por los migrantes a diez aos de su visita a Lampedusa\"><figcaption> El Papa pidi\u00f3 por los migrantes a diez a\u00f1os de su visita a Lampedusa. <\/figcaption><\/figure>\n<p>El papa Francisco <strong>record\u00f3 el d\u00e9cimo aniversario del viaje <\/strong>que hizo en julio de 2013 a Lampedusa, un hito en la visibilizaci\u00f3n del drama de los migrantes que buscan llegar a Europa por v\u00eda mar\u00edtima, y lament\u00f3 que a\u00fan contin\u00fae las \u00abmasacres silenciosas\u00bb de las personas que mueren al intentar cruzar el Mar Mediterr\u00e1neo.<\/p>\n<p>\u00abCon motivo de la celebraci\u00f3n en recuerdo del 10 aniversario de la visita a Lampedusa, deseo enviarles, a los fieles de la Arquidi\u00f3cesis, a las Autoridades ya los presentes, mi cordial saludo. Estoy cerca de vosotros con afecto, oraci\u00f3n y aliento\u00bb, plante\u00f3 el pont\u00edfice en una <strong>carta enviada este s\u00e1bado al arzobispo de Agrigento<\/strong>, Alessandro Damiano, organizador de las conmemoraciones.<\/p>\n<p>\u00abQueridos, en estos d\u00edas en que asistimos a la repetici\u00f3n de graves tragedias en el Mediterr\u00e1neo, nos estremecen las masacres silenciosas ante las que a\u00fan permanecemos impotentes y at\u00f3nitos\u00bb, lament\u00f3 Jorge Bergoglio en ese marco al evocar la visita que hizo el 8 de julio de 2013 a la isla italiana, menos de cuatro meses despu\u00e9s de haber sido elegido Papa el 13 de marzo.<\/p>\n<blockquote class><p>\u00abEn estos d\u00edas en que asistimos a la repetici\u00f3n de graves tragedias en el Mediterr\u00e1neo, nos estremecen las masacres silenciosas ante las que a\u00fan permanecemos impotentes y at\u00f3nitos\u00bb<cite class=\"author\">Papa Francisco<\/cite><\/p><\/blockquote>\n<p>Al recordar el que<strong> fue su primer viaje fuera de Roma como pont\u00edfice,<\/strong> le\u00eddo como un signo del apoyo a los migrantes que luego profundizar\u00eda durante su pontificado, Francisco sostuvo que \u00abla muerte de inocentes, principalmente ni\u00f1os, en busca de una existencia m\u00e1s pac\u00edfica, alejada de las guerras y violencia, es un grito doloroso y ensordecedor que no puede dejarnos indiferentes\u00bb.<\/p>\n<p>Esa situaci\u00f3n, para el Papa, \u00abes la verg\u00fcenza de una sociedad que ya no sabe llorar y compadecerse del otro\u00bb.<\/p>\n<p>\u00abHan pasado diez a\u00f1os desde el viaje que quise hacer en la comunidad de Lampedusa para <strong>expresar mi apoyo y paternal <\/strong>cercan\u00eda a quienes, despu\u00e9s de arduos altibajos, a merced del mar, desembarcaron en sus costas\u00bb, agreg\u00f3 luego el Papa.<\/p>\n<p>Para Francisco, en medio de una nueva oleada de tensiones entre los pa\u00edses europeos por el cierre a la llegada de migrantes, \u00abque sucedan tales desastres inhumanos debe sacudir absolutamente las conciencias\u00bb. <\/p>\n","protected":false},"excerpt":{"rendered":"<p>El Papa pidi\u00f3 por los migrantes a diez a\u00f1os de su visita a Lampedusa. El papa Francisco record\u00f3 el d\u00e9cimo aniversario del viaje que hizo en julio de 2013 a Lampedusa, un hito en la visibilizaci\u00f3n del drama de los migrantes que buscan llegar a Europa por v\u00eda mar\u00edtima, y lament\u00f3 que a\u00fan contin\u00fae las [&hellip;]<\/p>\n","protected":false},"author":1,"featured_media":34150,"comment_status":"closed","ping_status":"closed","sticky":false,"template":"","format":"standard","meta":[],"categories":[13],"tags":[],"_links":{"self":[{"href":"http:\/\/nuevacordoba.net\/index.php\/wp-json\/wp\/v2\/posts\/34149"}],"collection":[{"href":"http:\/\/nuevacordoba.net\/index.php\/wp-json\/wp\/v2\/posts"}],"about":[{"href":"http:\/\/nuevacordoba.net\/index.php\/wp-json\/wp\/v2\/types\/post"}],"author":[{"embeddable":true,"href":"http:\/\/nuevacordoba.net\/index.php\/wp-json\/wp\/v2\/users\/1"}],"replies":[{"embeddable":true,"href":"http:\/\/nuevacordoba.net\/index.php\/wp-json\/wp\/v2\/comments?post=34149"}],"version-history":[{"count":0,"href":"http:\/\/nuevacordoba.net\/index.php\/wp-json\/wp\/v2\/posts\/34149\/revisions"}],"wp:featuredmedia":[{"embeddable":true,"href":"http:\/\/nuevacordoba.net\/index.php\/wp-json\/wp\/v2\/media\/34150"}],"wp:attachment":[{"href":"http:\/\/nuevacordoba.net\/index.php\/wp-json\/wp\/v2\/media?parent=34149"}],"wp:term":[{"taxonomy":"category","embeddable":true,"href":"http:\/\/nuevacordoba.net\/index.php\/wp-json\/wp\/v2\/categories?post=34149"},{"taxonomy":"post_tag","embeddable":true,"href":"http:\/\/nuevacordoba.net\/index.php\/wp-json\/wp\/v2\/tags?post=34149"}],"curies":[{"name":"wp","href":"https:\/\/api.w.org\/{rel}","templated":true}]}}