{"id":34158,"date":"2023-07-08T15:49:47","date_gmt":"2023-07-08T15:49:47","guid":{"rendered":"https:\/\/prensa.cba.gov.ar\/?p=559124"},"modified":"2023-07-08T15:49:47","modified_gmt":"2023-07-08T15:49:47","slug":"schiaretti-habilito-dos-nuevos-kilometros-de-la-autovia-ruta-5","status":"publish","type":"post","link":"http:\/\/nuevacordoba.net\/index.php\/2023\/07\/08\/schiaretti-habilito-dos-nuevos-kilometros-de-la-autovia-ruta-5\/","title":{"rendered":"Schiaretti habilit\u00f3 dos nuevos kil\u00f3metros de la Autov\u00eda Ruta 5"},"content":{"rendered":"<ul>\n<li><strong>\u201cEsta autov\u00eda es fundamental para los valles de Paravachasca y de Calamuchita: agilizar\u00e1 el tr\u00e1nsito y desarrollar\u00e1 el turismo\u201d, dijo el gobernador.<\/strong><\/li>\n<li><strong>El nuevo tramo se ubica entre los kil\u00f3metros 50 y 52, y est\u00e1 pr\u00f3ximo a la rotonda de ingreso a Villa Ciudad de Am\u00e9rica.<\/strong><\/li>\n<li><strong>La autov\u00eda, construida por la empresa Caminos de las Sierras, tendr\u00e1 27,8 kil\u00f3metros y estar\u00e1 finalizada antes que concluya este a\u00f1o.<\/strong><\/li>\n<\/ul>\n<p>El gobernador de C\u00f3rdoba, <strong>Juan Schiaretti<\/strong>, habilit\u00f3 hoy <strong>dos nuevos kil\u00f3metros de la Autov\u00eda Ruta 5<\/strong>, que unir\u00e1 Alta Gracia con Villa Ciudad de Am\u00e9rica.<\/p>\n<p>El nuevo tramo finalizado de la obra se ubica <strong>entre los kil\u00f3metros 50 y 52 de la traza actual de la ruta 5<\/strong>, en proximidades de la rotonda de ingreso a Villa Ciudad de Am\u00e9rica. Cuenta con dos carriles por sentido de circulaci\u00f3n y separador central de hormig\u00f3n.<\/p>\n<p>Durante la recorrida por la obra, Schiaretti dijo: <em>\u201cA medida que se va haciendo una parte de la ruta, hay que irla habilitando, ponerla a disposici\u00f3n de la gente; se va terminando y se va habilitando, as\u00ed la gente puede utilizarla, circular con m\u00e1s tranquilidad y seguridad, y con m\u00e1s celeridad llegan al destino\u201d<\/em>.<\/p>\n<p>Luego agreg\u00f3: <strong><em>\u201cEsta autov\u00eda era una necesidad<\/em><\/strong><em> que se not\u00f3 con toda nitidez en los \u00faltimos a\u00f1os; tomamos la decisi\u00f3n de llevarla adelante y ya estamos concret\u00e1ndola\u201d.<\/em><\/p>\n<figure class=\"wp-block-gallery has-nested-images columns-default is-cropped wp-block-gallery-1 is-layout-flex\">\n<figure class=\"wp-block-image size-large\"><img decoding=\"async\" loading=\"lazy\" width=\"1280\" height=\"853\" data-id=\"559125\" src=\"http:\/\/nuevacordoba.net\/wp-content\/uploads\/2023\/07\/schiaretti-habilito-dos-nuevos-kilometros-de-la-autovia-ruta-5.jpg\" alt class=\"wp-image-559125\"><\/figure>\n<figure class=\"wp-block-image size-large\"><img decoding=\"async\" loading=\"lazy\" width=\"990\" height=\"660\" data-id=\"559126\" src=\"http:\/\/nuevacordoba.net\/wp-content\/uploads\/2023\/07\/schiaretti-habilito-dos-nuevos-kilometros-de-la-autovia-ruta-5-1.jpg\" alt class=\"wp-image-559126\"><\/figure>\n<figure class=\"wp-block-image size-large\"><img decoding=\"async\" loading=\"lazy\" width=\"1280\" height=\"853\" data-id=\"559127\" src=\"http:\/\/nuevacordoba.net\/wp-content\/uploads\/2023\/07\/schiaretti-habilito-dos-nuevos-kilometros-de-la-autovia-ruta-5-2.jpg\" alt class=\"wp-image-559127\"><\/figure>\n<\/figure>\n<p>La construcci\u00f3n de la Autov\u00eda Ruta 5 est\u00e1 a cargo de la concesionaria de la Red de Accesos a C\u00f3rdoba (RAC), Caminos de las Sierras, y <strong>se ejecuta a lo largo de<\/strong> <strong>27,8 kil\u00f3metros<\/strong>, dividida en cuatro tramos de obra.<\/p>\n<p>Los nuevos dos kil\u00f3metros se suman a los tres kil\u00f3metros habilitados el 17 de mayo, entre el acceso a La Serranita y el segundo ingreso a La Rancherita.<\/p>\n<p>El gobernador precis\u00f3 luego: <em>\u201cEstamos en un avance del 70 por ciento en toda la autov\u00eda, desde al lado de Oreste Berta, en Alta Gracia, hasta llegar a Villa Ciudad de Am\u00e9rica; en este tramo que va desde La Serranita hasta Villa Ciudad de Am\u00e9rica ya tenemos cinco kil\u00f3metros y poco listos, y nos quedan un par de kil\u00f3metros; antes que finalice agosto o finalizando el mes que viene va a estar concluido el tramo La Serranita-Villa Ciudad de Am\u00e9rica\u201d.<\/em><\/p>\n<figure class=\"wp-block-audio\"><audio controls src=\"https:\/\/prensa.cba.gov.ar\/wp-content\/uploads\/2023\/07\/Schiaretti-autovia-ruta-5.mp3\"><\/audio><\/figure>\n<p>Acompa\u00f1aron al gobernador el ministro de Obras P\u00fablicas provincial, Ricardo Sosa; el presidente de la empresa Caminos de las Sierras, Jorge Alves; los intendentes de Alta Gracia, La Serranita y Villa Ciudad de Am\u00e9rica, Marcos Torres, Carlos Guzm\u00e1n y Jos\u00e9 Luis Colombatti, respectivamente; y el presidente comunal de La Rancherita, Alejandro Sosa.<\/p>\n<p>A su turno, Sosa sostuvo: <em>\u201c<strong>Es una obra magn\u00edfica que va poner en valor a todo el Valle de Paravachasca<\/strong>; para los turistas exist\u00eda Punilla, Traslasierra o Calamuchita, pero no conoc\u00edan nuestro valle; con esta obra, y otras como los gasoductos troncales y la conectividad, nuestros pueblos han mejorado la calidad de vida de los habitantes, y pone en valor tambi\u00e9n los emprendimientos tur\u00edsticos\u201d<\/em>.<\/p>\n<figure class=\"wp-block-gallery has-nested-images columns-default is-cropped wp-block-gallery-3 is-layout-flex\">\n<figure class=\"wp-block-image size-large\"><img decoding=\"async\" loading=\"lazy\" width=\"1280\" height=\"853\" data-id=\"559130\" src=\"http:\/\/nuevacordoba.net\/wp-content\/uploads\/2023\/07\/schiaretti-habilito-dos-nuevos-kilometros-de-la-autovia-ruta-5-3.jpg\" alt class=\"wp-image-559130\"><\/figure>\n<figure class=\"wp-block-image size-large\"><img decoding=\"async\" loading=\"lazy\" width=\"1280\" height=\"853\" data-id=\"559129\" src=\"http:\/\/nuevacordoba.net\/wp-content\/uploads\/2023\/07\/schiaretti-habilito-dos-nuevos-kilometros-de-la-autovia-ruta-5-4.jpg\" alt class=\"wp-image-559129\"><\/figure>\n<\/figure>\n<h2 class=\"wp-block-heading\"><strong>M\u00e1s agilidad vial<\/strong><\/h2>\n<p>La obra de la Autov\u00eda Ruta 5 <strong>tiene vital importancia para los habitantes de Paravachasca y Calamuchita<\/strong>, debido al crecimiento demogr\u00e1fico exponencial de las localidades ubicadas en la zona y el tr\u00e1nsito que se genera, lo cual provoca falta de capacidad en una ruta de dos carriles como la existente.<\/p>\n<p>En la traza actual se mezcla tr\u00e1nsito pasante con traves\u00edas urbanas. Esto demora la circulaci\u00f3n en horarios pico, fines de semana y la temporada de verano.<\/p>\n<p><strong>Schiaretti asegur\u00f3 que la obra agilizar\u00e1 la circulaci\u00f3n vehicular<\/strong>: <em>\u201cEsta era la zona de mayor cantidad de curvas, donde se ralentizaba el tr\u00e1nsito y uno m\u00e1s se demoraba; ahora va a ser una zona que se har\u00e1 con la velocidad adecuada y el tiempo adecuado\u201d<\/em>, expres\u00f3.<\/p>\n<p>Y a\u00f1adi\u00f3 despu\u00e9s: <em>\u201c<strong>Esta autov\u00eda es fundamental para todos los habitantes del Valle de Paravachasca y del Valle de Calamuchita porque va a agilizar el tr\u00e1nsito, la conectividad por tierra; y es fundamental para un mayor desarrollo del turismo<\/strong>, porque con buena conectividad vial los turistas vienen y los turistas les gusta C\u00f3rdoba\u201d<\/em>.<\/p>\n<figure class=\"wp-block-gallery has-nested-images columns-default is-cropped wp-block-gallery-5 is-layout-flex\">\n<figure class=\"wp-block-image size-large\"><img decoding=\"async\" loading=\"lazy\" width=\"990\" height=\"660\" data-id=\"559131\" src=\"http:\/\/nuevacordoba.net\/wp-content\/uploads\/2023\/07\/schiaretti-habilito-dos-nuevos-kilometros-de-la-autovia-ruta-5-5.jpg\" alt class=\"wp-image-559131\"><\/figure>\n<figure class=\"wp-block-image size-large\"><img decoding=\"async\" loading=\"lazy\" width=\"1280\" height=\"853\" data-id=\"559132\" src=\"http:\/\/nuevacordoba.net\/wp-content\/uploads\/2023\/07\/schiaretti-habilito-dos-nuevos-kilometros-de-la-autovia-ruta-5-6.jpg\" alt class=\"wp-image-559132\"><\/figure>\n<figure class=\"wp-block-image size-large\"><img decoding=\"async\" loading=\"lazy\" width=\"1280\" height=\"853\" data-id=\"559133\" src=\"http:\/\/nuevacordoba.net\/wp-content\/uploads\/2023\/07\/schiaretti-habilito-dos-nuevos-kilometros-de-la-autovia-ruta-5-7.jpg\" alt class=\"wp-image-559133\"><\/figure>\n<\/figure>\n<h2 class=\"wp-block-heading\"><strong>Tramos de obra<\/strong><\/h2>\n<p>Los cuatro tramos de la Autov\u00eda Ruta 5 que se encuentran en obra actualmente muestran distintos grados de avance, a saber:<\/p>\n<ul>\n<li>Secci\u00f3n 1, entre Alta Gracia y la ruta provincial S-524 (Camino Costa Azul): 51% de avance.<\/li>\n<li>Secci\u00f3n 2, entre la ruta provincial S-524 (Camino Costa Azul) y la intersecci\u00f3n con la ruta provincial E-56 (Camino a Jos\u00e9 de la Quintana): 90% de avance.<\/li>\n<li>Secci\u00f3n 3, entre la intersecci\u00f3n con la ruta provincial E-56 (Camino a Jos\u00e9 de la Quintana) y La Serranita: 80% de avance.<\/li>\n<li>Secci\u00f3n 4, entre La Serranita y Villa Ciudad Am\u00e9rica: 85% de avance.<\/li>\n<\/ul>\n<p>Se estima que los trabajos en los cuatro frentes finalizar\u00e1n antes de que finalice 2023.<\/p>\n","protected":false},"excerpt":{"rendered":"<p>\u201cEsta autov\u00eda es fundamental para los valles de Paravachasca y de Calamuchita: agilizar\u00e1 el tr\u00e1nsito y desarrollar\u00e1 el turismo\u201d, dijo el gobernador. El nuevo tramo se ubica entre los kil\u00f3metros 50 y 52, y est\u00e1 pr\u00f3ximo a la rotonda de ingreso a Villa Ciudad de Am\u00e9rica. La autov\u00eda, construida por la empresa Caminos de las [&hellip;]<\/p>\n","protected":false},"author":1,"featured_media":34159,"comment_status":"closed","ping_status":"closed","sticky":false,"template":"","format":"standard","meta":[],"categories":[14],"tags":[],"_links":{"self":[{"href":"http:\/\/nuevacordoba.net\/index.php\/wp-json\/wp\/v2\/posts\/34158"}],"collection":[{"href":"http:\/\/nuevacordoba.net\/index.php\/wp-json\/wp\/v2\/posts"}],"about":[{"href":"http:\/\/nuevacordoba.net\/index.php\/wp-json\/wp\/v2\/types\/post"}],"author":[{"embeddable":true,"href":"http:\/\/nuevacordoba.net\/index.php\/wp-json\/wp\/v2\/users\/1"}],"replies":[{"embeddable":true,"href":"http:\/\/nuevacordoba.net\/index.php\/wp-json\/wp\/v2\/comments?post=34158"}],"version-history":[{"count":0,"href":"http:\/\/nuevacordoba.net\/index.php\/wp-json\/wp\/v2\/posts\/34158\/revisions"}],"wp:featuredmedia":[{"embeddable":true,"href":"http:\/\/nuevacordoba.net\/index.php\/wp-json\/wp\/v2\/media\/34159"}],"wp:attachment":[{"href":"http:\/\/nuevacordoba.net\/index.php\/wp-json\/wp\/v2\/media?parent=34158"}],"wp:term":[{"taxonomy":"category","embeddable":true,"href":"http:\/\/nuevacordoba.net\/index.php\/wp-json\/wp\/v2\/categories?post=34158"},{"taxonomy":"post_tag","embeddable":true,"href":"http:\/\/nuevacordoba.net\/index.php\/wp-json\/wp\/v2\/tags?post=34158"}],"curies":[{"name":"wp","href":"https:\/\/api.w.org\/{rel}","templated":true}]}}