{"id":34170,"date":"2023-07-08T15:59:10","date_gmt":"2023-07-08T15:59:10","guid":{"rendered":"http:\/\/cordobanewsnet.wordpress.com\/2023\/07\/08\/el-pronostico-para-el-inicio-de-las-vacaciones\/"},"modified":"2023-07-08T15:59:10","modified_gmt":"2023-07-08T15:59:10","slug":"el-pronostico-para-el-inicio-de-las-vacaciones","status":"publish","type":"post","link":"http:\/\/nuevacordoba.net\/index.php\/2023\/07\/08\/el-pronostico-para-el-inicio-de-las-vacaciones\/","title":{"rendered":"El pron\u00f3stico para el inicio de las vacaciones"},"content":{"rendered":"<p><!-- \/featured-media --> <\/p>\n<div class=\"post-content clear\" readability=\"43.004524886878\">\n<p>En el primer d\u00eda del fin de semana la temperatura ser\u00e1 de 7 grados por la ma\u00f1ana, mientras que por la tarde rondar\u00e1 los 17. El aumento vendr\u00e1 acompa\u00f1ado de viento del nordeste. En tanto, la nubosidad seguir\u00e1 presente con cielo entre parcialmente nublado, disminuci\u00f3n temporaria de la nubosidad y algunos momentos con presencia de sol. <\/p>\n<figure class=\"wp-block-image size-large\"><img data-attachment-id=\"8063\" data-permalink=\"https:\/\/cordobanewsnet.wordpress.com\/2023\/07\/08\/el-pronostico-para-el-inicio-de-las-vacaciones\/img_7789\/\" data-orig-file=\"http:\/\/nuevacordoba.net\/wp-content\/uploads\/2023\/07\/el-pronostico-para-el-inicio-de-las-vacaciones-5.jpg\" data-orig-size=\"1920,941\" data-comments-opened=\"1\" data-image-meta=\"{&quot;aperture&quot;:&quot;0&quot;,&quot;credit&quot;:&quot;&quot;,&quot;camera&quot;:&quot;&quot;,&quot;caption&quot;:&quot;&quot;,&quot;created_timestamp&quot;:&quot;0&quot;,&quot;copyright&quot;:&quot;&quot;,&quot;focal_length&quot;:&quot;0&quot;,&quot;iso&quot;:&quot;0&quot;,&quot;shutter_speed&quot;:&quot;0&quot;,&quot;title&quot;:&quot;&quot;,&quot;orientation&quot;:&quot;1&quot;}\" data-image-title=\"img_7789\" data-image-description data-image-caption data-medium-file=\"http:\/\/nuevacordoba.net\/wp-content\/uploads\/2023\/07\/el-pronostico-para-el-inicio-de-las-vacaciones-3.jpg\" data-large-file=\"http:\/\/nuevacordoba.net\/wp-content\/uploads\/2023\/07\/el-pronostico-para-el-inicio-de-las-vacaciones-5.jpg?w=736\" src=\"http:\/\/nuevacordoba.net\/wp-content\/uploads\/2023\/07\/el-pronostico-para-el-inicio-de-las-vacaciones.jpg\" class=\"wp-image-8063\" srcset=\"http:\/\/nuevacordoba.net\/wp-content\/uploads\/2023\/07\/el-pronostico-para-el-inicio-de-las-vacaciones.jpg 1024w, http:\/\/nuevacordoba.net\/wp-content\/uploads\/2023\/07\/el-pronostico-para-el-inicio-de-las-vacaciones-2.jpg 150w, http:\/\/nuevacordoba.net\/wp-content\/uploads\/2023\/07\/el-pronostico-para-el-inicio-de-las-vacaciones-3.jpg 300w, http:\/\/nuevacordoba.net\/wp-content\/uploads\/2023\/07\/el-pronostico-para-el-inicio-de-las-vacaciones-4.jpg 768w, http:\/\/nuevacordoba.net\/wp-content\/uploads\/2023\/07\/el-pronostico-para-el-inicio-de-las-vacaciones-5.jpg 1920w\" sizes=\"(max-width: 1024px) 100vw, 1024px\"><\/figure>\n<p>El domingo, feriado del 9 de julio, el clima ser\u00e1 perfecto para disfrutar de un buen locro. A la ma\u00f1ana se sentir\u00e1 el aire fresco con una m\u00ednima de 11 grados. Por la tarde la temperatura bajar\u00e1 a\u00fan m\u00e1s con una m\u00e1s y la m\u00e1xima ser\u00e1 de 15. <\/p>\n<p><span id=\"wordads-inline-marker\"><\/span> <\/p>\n<div id=\"jp-post-flair\" class=\"sharedaddy sd-like-enabled sd-sharing-enabled\">\n<div class=\"sharedaddy sd-sharing-enabled\">\n<div class=\"robots-nocontent sd-block sd-social sd-social-icon-text sd-sharing\">\n<h3 class=\"sd-title\">Share this:<\/h3>\n<\/div>\n<\/div>\n<div class=\"sharedaddy sd-block sd-like jetpack-likes-widget-wrapper jetpack-likes-widget-unloaded\" id=\"like-post-wrapper-143108178-8064-64aa0422eeff6\" data-src=\"\/\/widgets.wp.com\/likes\/index.html?ver=20230309#blog_id=143108178&amp;post_id=8064&amp;origin=cordobanewsnet.wordpress.com&amp;obj_id=143108178-8064-64aa0422eeff6\" data-name=\"like-post-frame-143108178-8064-64aa0422eeff6\" data-title=\"Me gusta o Compartir\">\n<h3 class=\"sd-title\">Me gusta esto:<\/h3>\n<p><span class=\"button\"><span>Me gusta<\/span><\/span> <span class=\"loading\">Cargando&#8230;<\/span><\/p>\n<p><span class=\"sd-text-color\"><\/span><\/div>\n<p><h3 class=\"jp-relatedposts-headline\"><em>Relacionado<\/em><\/h3>\n<\/p>\n<\/div><\/div>\n<p><!--\/.post-content--> <\/p>\n<footer class=\"post-meta-container clear\" readability=\"0.55932203389831\">\n<div class=\"entry-author author-avatar-show\" readability=\"14.031746031746\">\n<div class=\"author-avatar\"> <img alt src=\"http:\/\/nuevacordoba.net\/wp-content\/uploads\/2023\/07\/el-pronostico-para-el-inicio-de-las-vacaciones-1.jpg\" srcset=\"http:\/\/nuevacordoba.net\/wp-content\/uploads\/2023\/07\/el-pronostico-para-el-inicio-de-las-vacaciones-1.jpg 1x, http:\/\/nuevacordoba.net\/wp-content\/uploads\/2023\/07\/el-pronostico-para-el-inicio-de-las-vacaciones-6.jpg 1.5x, http:\/\/nuevacordoba.net\/wp-content\/uploads\/2023\/07\/el-pronostico-para-el-inicio-de-las-vacaciones-7.jpg 2x, http:\/\/nuevacordoba.net\/wp-content\/uploads\/2023\/07\/el-pronostico-para-el-inicio-de-las-vacaciones-8.jpg 3x, http:\/\/nuevacordoba.net\/wp-content\/uploads\/2023\/07\/el-pronostico-para-el-inicio-de-las-vacaciones-9.jpg 4x\" class=\"avatar avatar-90\" height=\"90\" width=\"90\" loading=\"lazy\" decoding=\"async\"> <\/div>\n<p><!-- .author-avatar --> <\/p>\n<p><h2 class=\"author-title\">Publicado por <span class=\"author-name\">angelaponso<\/span><\/h2>\n<\/p>\n<p><!-- .author-heading --> <\/p>\n<p class=\"author-bio\"> <a class=\"author-link\" href=\"https:\/\/cordobanewsnet.wordpress.com\/author\/angelaponso\/\" rel=\"author\"> Ver todas las entradas de angelaponso <\/a> <\/p>\n<p><!-- .author-bio --> <\/div>\n<p><!-- .entry-auhtor --> <\/footer>\n<p> <!-- \/post-meta-container --> <!-- #respond --> <\/p>\n","protected":false},"excerpt":{"rendered":"<p>En el primer d\u00eda del fin de semana la temperatura ser\u00e1 de 7 grados por la ma\u00f1ana, mientras que por la tarde rondar\u00e1 los 17. El aumento vendr\u00e1 acompa\u00f1ado de viento del nordeste. En tanto, la nubosidad seguir\u00e1 presente con cielo entre parcialmente nublado, disminuci\u00f3n temporaria de la nubosidad y algunos momentos con presencia de [&hellip;]<\/p>\n","protected":false},"author":1,"featured_media":34171,"comment_status":"closed","ping_status":"closed","sticky":false,"template":"","format":"standard","meta":[],"categories":[14],"tags":[],"_links":{"self":[{"href":"http:\/\/nuevacordoba.net\/index.php\/wp-json\/wp\/v2\/posts\/34170"}],"collection":[{"href":"http:\/\/nuevacordoba.net\/index.php\/wp-json\/wp\/v2\/posts"}],"about":[{"href":"http:\/\/nuevacordoba.net\/index.php\/wp-json\/wp\/v2\/types\/post"}],"author":[{"embeddable":true,"href":"http:\/\/nuevacordoba.net\/index.php\/wp-json\/wp\/v2\/users\/1"}],"replies":[{"embeddable":true,"href":"http:\/\/nuevacordoba.net\/index.php\/wp-json\/wp\/v2\/comments?post=34170"}],"version-history":[{"count":0,"href":"http:\/\/nuevacordoba.net\/index.php\/wp-json\/wp\/v2\/posts\/34170\/revisions"}],"wp:featuredmedia":[{"embeddable":true,"href":"http:\/\/nuevacordoba.net\/index.php\/wp-json\/wp\/v2\/media\/34171"}],"wp:attachment":[{"href":"http:\/\/nuevacordoba.net\/index.php\/wp-json\/wp\/v2\/media?parent=34170"}],"wp:term":[{"taxonomy":"category","embeddable":true,"href":"http:\/\/nuevacordoba.net\/index.php\/wp-json\/wp\/v2\/categories?post=34170"},{"taxonomy":"post_tag","embeddable":true,"href":"http:\/\/nuevacordoba.net\/index.php\/wp-json\/wp\/v2\/tags?post=34170"}],"curies":[{"name":"wp","href":"https:\/\/api.w.org\/{rel}","templated":true}]}}