{"id":34172,"date":"2023-07-09T01:14:57","date_gmt":"2023-07-09T01:14:57","guid":{"rendered":"http:\/\/estaciontrip.com.ar\/?p=7888"},"modified":"2023-07-09T01:14:57","modified_gmt":"2023-07-09T01:14:57","slug":"en-la-ciudad-de-cordoba-largo-la-temporada-de-invierno","status":"publish","type":"post","link":"http:\/\/nuevacordoba.net\/index.php\/2023\/07\/09\/en-la-ciudad-de-cordoba-largo-la-temporada-de-invierno\/","title":{"rendered":"En la ciudad de C\u00f3rdoba larg\u00f3 la temporada de invierno"},"content":{"rendered":"<div><img src=\"http:\/\/nuevacordoba.net\/wp-content\/uploads\/2023\/07\/en-la-ciudad-de-cordoba-largo-la-temporada-de-invierno.jpg\" class=\"ff-og-image-inserted\"><\/div>\n<p><em>Las vacaciones de medio a\u00f1o pueden disfrutarse con paseos y visitas guiadas gratuitas, adem\u00e1s de propuestas gastron\u00f3micas, entre muchas otras actividades.<\/em><\/p>\n<p>En el arranque de las vacaciones, durante el fin de semana se desarrollar\u00e1 la \u201cCarrera de postas de visitas guiadas Especial 450&nbsp; A\u00f1os\u201d.&nbsp;<\/p>\n<p>Adem\u00e1s, el s\u00e1bado 8 a las 19 horas en el Colegio Monserrat habr\u00e1 cita con la m\u00fasica barroca, de la mano del segundo concierto del Festival de M\u00fasica Barroca de Dos Mundos, con la participaci\u00f3n del Tr\u00edo Schreiner-Diehl-Gramaglia.&nbsp;&nbsp;<\/p>\n<p>En el acto de lanzamiento de temporada de invierno 2023, Miguel Siciliano, secretario de Gobierno municipal, destac\u00f3 que en estos 3 a\u00f1os y medio de gesti\u00f3n junto a Mart\u00edn Llaryora y Daniel Passerini, la ciudad hoy se posiciona como destino urbano tur\u00edstico n\u00famero 1 y se logr\u00f3 junto al trabajo en equipo realizado con todo el sector vinculado al turismo. \u201cPorque C\u00f3rdoba Capital no era una ciudad tur\u00edstica y ahora ofrecemos importantes atractivos tur\u00edsticos y una oferta gastron\u00f3mica y hotelera muy competitiva en t\u00e9rminos de precios con el resto del pa\u00eds. Los invitamos a que ingresen a la p\u00e1gina de turismo del municipio: <a href=\"https:\/\/turismo.cordoba.gob.ar\/\" target=\"_blank\" rel=\"noreferrer noopener\">https:\/\/turismo.cordoba.gob.ar\/<\/a> \u00ab<\/p>\n<p>Por su parte, Francisco Marchiaro, director de Turismo y Promoci\u00f3n de la Ciudad, hizo menci\u00f3n a la enorme cantidad de propuestas para estas vacaciones de invierno. \u201cHay de todo en esta ciudad compleja, plural, diversa que ha decidido incorporar a la gastronom\u00eda y al turismo como una prioridad pol\u00edtica, pero tambi\u00e9n de la gente y los trabajadores\u00bb.<\/p>\n<p><strong>Las propuestas<\/strong><\/p>\n<p>Carrera de postas de visitas guiadas Especial 450&nbsp; A\u00f1os: El s\u00e1bado 8, de 10 a 18 horas, habr\u00e1 una gran \u201cCarrera de postas de visitas guiadas\u201d. La actividad invitar\u00e1 a destacar aquellos espacios de valor sobresaliente que fueron forjadores de la identidad cordobesa. A habr\u00e1 visitas tem\u00e1ticas como El paso del cura Brochero por la ciudad, Las huellas del papa Francisco en la Manzana Jesu\u00edtica, la Manzana Franciscana, C\u00f3rdoba Subterr\u00e1nea, Bodegones de Nueva C\u00f3rdoba, G\u00fcemes, Mujeres Destacadas, entre otras.&nbsp;<\/p>\n<p>La programaci\u00f3n con horarios y puntos de salida est\u00e1 disponible en este link: <a href=\"https:\/\/turismo.cordoba.gob.ar\/visitas-guiadas-para-aprovechar-cordoba-en-estas-vacaciones-de-invierno\/\" target=\"_blank\" rel=\"noreferrer noopener\">https:\/\/turismo.cordoba.gob.ar\/visitas-guiadas-para-aprovechar-cordoba-en-estas-vacaciones-de-invierno\/<\/a><\/p>\n<p>Los recorridos guiados gratuitos continuar\u00e1n durante todo el mes de julio, para desandar un centenar de espacios hist\u00f3ricos culturales, naturales, productos, experiencias y colecciones que aportar\u00e1n valor agregado a la hora de disfrutar de la ciudad. De la mano de gu\u00edas profesionales de turismo, ser\u00e1 posible descubrir las historias del R\u00edo Suqu\u00eda y el Parque Elisa, Barrio Alberdi y la Plaza Col\u00f3n.&nbsp;<\/p>\n<p>Para los cercanos a la religi\u00f3n, habr\u00e1 propuestas que llevar\u00e1n a recorrer el patrimonio interreligioso, visitando la Iglesia Catedral, la Mezquita, la Sinagoga y el Templo Evang\u00e9lico, con una guiada especial que incluir\u00e1 el ascenso al Campanario de la Iglesia Catedral.&nbsp;<\/p>\n<p>Tambi\u00e9n habr\u00e1 visitas guiadas por las colecciones de contenidos especiales, como \u201cNuestra Memoria Verdad y Justicia\u201d, \u201cMujeres Destacadas\u201d, Bares y Caf\u00e9s y la \u201cExperiencia Cuarteto\u201d.&nbsp;<\/p>\n<p><strong>Parques y paseos para disfrutar<\/strong><\/p>\n<p>Otro de los atractivos que se suman ser\u00e1n los cientos de espacios p\u00fablicos recuperados. Se podr\u00e1 visitar las Supermanzanas, el Parque de la Biodiversidad, Espacio Cervecer\u00eda C\u00f3rdoba, plaza Espa\u00f1a, Parque las Heras Elisa, Plaza de las Am\u00e9ricas, plaza Alberdi, Jard\u00edn Bot\u00e1nico.<\/p>\n<p>Juegos para ni\u00f1os, canchas de f\u00fatbol y b\u00e1squet, caniles para mascotas, postas para la actividad f\u00edsica, bicisendas, senderos parquizados est\u00e1n disponibles para el uso libre y gratuito de todos.<\/p>\n<p><strong>Recorrer la ciudad en bicicleta<\/strong>:&nbsp;Una novedosa propuesta para estas vacaciones de invierno ser\u00e1n los paseos mediante el sistema de Bicicletas P\u00fablicas gratuito que ofrece la Municipalidad de C\u00f3rdoba.&nbsp;Los cuatro puestos disponibles se reparten entre la intersecci\u00f3n de la Av. Amadeo Sabattini y Rondeau, la Plaza Espa\u00f1a, el Paseo Sobremonte y el Parque de Las Tejas. Los usuarios de Bici CBA reciben un casco de protecci\u00f3n y chaleco refractario, y disponen de una hora de uso, con posibilidad de renovarlo por dos m\u00e1s. Los vecinos que quieran ser usuarios de Bici CBA podr\u00e1n inscribirse trav\u00e9s del portal de Vecino Digital (VeDi: entrando a la plataforma de VeDi en este sitio web, ingresando usuario y contrase\u00f1a y seguir los pasos que marca el sistema; o accediendo al enlace directo de la p\u00e1gina.&nbsp;Si son turistas o no cuentan con VeDi, pueden acceder al servicio a trav\u00e9s de la app. Los menores menores de 12 hasta 17 a\u00f1os deben estar asociados a la tutor\u00eda de un adulto responsable con su usuario.<\/p>\n<p>Gastronom\u00eda<\/p>\n<p>En el marco de los festejos por los 450 a\u00f1os de la capital cordobesa, la Municipalidad presenta el programa gastron\u00f3mico \u201cMen\u00fa 450 Aniversario\u201d. <\/p>\n<p>Del 6 al 23 de julio, los restaurantes y establecimientos m\u00e1s destacados de nuestra ciudad presentar\u00e1n sus propuestas y platos especiales.&nbsp;<\/p>\n<p>El 15 de julio a las 19.30 horas en la Iglesia&nbsp; Santa Teresa (Independencia 148) se desarrollar\u00e1 el tercer concierto del Festival M\u00f9sica Barroca de Dos Mundos. la cita propondr\u00e1 el deleite de \u201cM\u00fasica del Barroco Sudamericano\u201d, con la participaci\u00f3n en vivo del grupo Confluencia Barroca.&nbsp;<\/p>\n<p>Tambi\u00e9n, el 14 de julio en el Hotel Quinto Centenario se realizar\u00e1 la segunda edici\u00f3n de Taninos Wine Fest, un festival enol\u00f3gico \u00fanico en su tipo por tratarse de la mayor reuni\u00f3n de bodegueros boutique del pa\u00eds, a beneficio de la Fundaci\u00f3n Vaso de Leche.&nbsp;<\/p>\n<p>Una de las tantas novedades de este a\u00f1o ser\u00e1 El Matador, el vino de Mario Alberto Kempes. Adem\u00e1s se podr\u00e1 recorrer una galer\u00eda de arte y apreciar la actuaci\u00f3n del reconocido saxofonista Michi Quiroga. El evento se llevar\u00e1 a cabo de 19 a 23.00 horas y las entradas tendr\u00e1n un costo de $6.000 (+ service charge). Ya se pueden obtener en <a href=\"http:\/\/autoentrada.com\" target=\"_blank\" rel=\"noreferrer noopener\">autoentrada.com<\/a><\/p>\n<p>Hasta el 23 de julio, de 11 a 21 horas se desarrolla la edici\u00f3n 77 de la Feria de Sabores y Dulzuras de C\u00f3rdoba, en la Plaza Agust\u00edn Tosco (ex Plaza V\u00e9lez Sarsfield). La feria m\u00e1s antigua de C\u00f3rdoba desde 1984 llevando sabores a los cordobeses y visitantes de nuestra provincia tendr\u00e1 este a\u00f1o m\u00e1s de 30 stands con productores locales y de otras provincias. Un paseo maravilloso que ofrecer\u00e1 degustaci\u00f3n, exposici\u00f3n y venta de productos artesanales para todas las familias, con entrada libre y gratuita.&nbsp;<\/p>\n<p><strong>Actividades para grandes y chicos, y vacaciones de pel\u00edcula<\/strong><\/p>\n<p>\u201cVacaciones de pel\u00edcula\u00bb: Se trata de un beneficio destinado a las personas que tengan DNI con domicilio en ciudades distintas a las de C\u00f3rdoba. Podr\u00e1n disfrutar y acceder a una promoci\u00f3n 2\u00d71 en las cinco sedes de los cines Dinosaurio Mall: Rodr\u00edguez del Busto, Ruta 20, Salsipuedes, 60 Cuadras y Alta Gracia.&nbsp;<\/p>\n<p>La despedida de \u201cCasados con Hijos\u201d en Plaza de la M\u00fasica o el concierto del uruguayo Jaime Ross, el celebrado standapero Luciano Mellera con varias funciones en el Ca\u00f1ada Comedy y una amplia agenda de espect\u00e1culos infantiles se desarrollar\u00e1n en las principales salas de la ciudad, entre los que se destaca la 13\u00b0 Feria Infantil del Libro, y \u201cDE LA COSA NACE LA COSA\u201d, un viaje alrededor de la Obra de Bruno Munari, que se podr\u00e0 visitar hasta el 29 de julio en 220 Cultura Contempor\u00e1nea (Costanera esquina Mendoza. Plaza de la m\u00fasica), de mi\u00e9rcoles a s\u00e1bados de 16 a 20 hs. con entrada libre y gratuita.<\/p>\n<p><strong>Toda esta programaci\u00f3n completa ya est\u00e1 disponible en la web oficial de turismo <a href=\"https:\/\/turismo.cordoba.gob.ar\/\" target=\"_blank\" rel=\"noreferrer noopener\">https:\/\/turismo.cordoba.gob.ar\/<\/a><\/strong><\/p>\n","protected":false},"excerpt":{"rendered":"<p>Las vacaciones de medio a\u00f1o pueden disfrutarse con paseos y visitas guiadas gratuitas, adem\u00e1s de propuestas gastron\u00f3micas, entre muchas otras actividades. En el arranque de las vacaciones, durante el fin de semana se desarrollar\u00e1 la \u201cCarrera de postas de visitas guiadas Especial 450&nbsp; A\u00f1os\u201d.&nbsp; Adem\u00e1s, el s\u00e1bado 8 a las 19 horas en el Colegio [&hellip;]<\/p>\n","protected":false},"author":1,"featured_media":34173,"comment_status":"closed","ping_status":"closed","sticky":false,"template":"","format":"standard","meta":[],"categories":[11],"tags":[],"_links":{"self":[{"href":"http:\/\/nuevacordoba.net\/index.php\/wp-json\/wp\/v2\/posts\/34172"}],"collection":[{"href":"http:\/\/nuevacordoba.net\/index.php\/wp-json\/wp\/v2\/posts"}],"about":[{"href":"http:\/\/nuevacordoba.net\/index.php\/wp-json\/wp\/v2\/types\/post"}],"author":[{"embeddable":true,"href":"http:\/\/nuevacordoba.net\/index.php\/wp-json\/wp\/v2\/users\/1"}],"replies":[{"embeddable":true,"href":"http:\/\/nuevacordoba.net\/index.php\/wp-json\/wp\/v2\/comments?post=34172"}],"version-history":[{"count":0,"href":"http:\/\/nuevacordoba.net\/index.php\/wp-json\/wp\/v2\/posts\/34172\/revisions"}],"wp:featuredmedia":[{"embeddable":true,"href":"http:\/\/nuevacordoba.net\/index.php\/wp-json\/wp\/v2\/media\/34173"}],"wp:attachment":[{"href":"http:\/\/nuevacordoba.net\/index.php\/wp-json\/wp\/v2\/media?parent=34172"}],"wp:term":[{"taxonomy":"category","embeddable":true,"href":"http:\/\/nuevacordoba.net\/index.php\/wp-json\/wp\/v2\/categories?post=34172"},{"taxonomy":"post_tag","embeddable":true,"href":"http:\/\/nuevacordoba.net\/index.php\/wp-json\/wp\/v2\/tags?post=34172"}],"curies":[{"name":"wp","href":"https:\/\/api.w.org\/{rel}","templated":true}]}}