{"id":34187,"date":"2023-07-09T13:50:38","date_gmt":"2023-07-09T13:50:38","guid":{"rendered":"https:\/\/prensa.cba.gov.ar\/?p=559186"},"modified":"2023-07-09T13:50:38","modified_gmt":"2023-07-09T13:50:38","slug":"la-provincia-conmemoro-el-207-aniversario-de-la-declaracion-de-la-independencia-nacional","status":"publish","type":"post","link":"http:\/\/nuevacordoba.net\/index.php\/2023\/07\/09\/la-provincia-conmemoro-el-207-aniversario-de-la-declaracion-de-la-independencia-nacional\/","title":{"rendered":"La Provincia conmemor\u00f3 el 207\u00b0 aniversario de la Declaraci\u00f3n de la Independencia Nacional"},"content":{"rendered":"<div><img src=\"http:\/\/nuevacordoba.net\/wp-content\/uploads\/2023\/07\/la-provincia-conmemoro-el-207-aniversario-de-la-declaracion-de-la-independencia-nacional.jpg\" class=\"ff-og-image-inserted\"><\/div>\n<ul>\n<li><strong>El gobernador Juan Schiaretti encabez\u00f3 hoy el acto por el 9 de Julio en la explanada del Centro C\u00edvico de la ciudad de C\u00f3rdoba.<\/strong><\/li>\n<li><strong>El mandatario provincial brind\u00f3 un saludo protocolar, se izaron banderas y se enton\u00f3 el Himno Nacional Argentino.<\/strong><\/li>\n<li><strong>Anoche arrancaron los festejos oficiales con la Velada Patria en el Teatro San Mart\u00edn.<\/strong><\/li>\n<\/ul>\n<p>El gobernador de C\u00f3rdoba, <strong>Juan Schiaretti<\/strong>, encabez\u00f3 esta ma\u00f1ana el <strong>acto central por el 207\u00b0 aniversario de la Declaraci\u00f3n de la Independencia Nacional<\/strong> en la explanada del Centro C\u00edvico del Bicentenario, en la ciudad de C\u00f3rdoba.<\/p>\n<p>Participaron en la celebraci\u00f3n la senadora nacional, <strong>Alejandra Vigo<\/strong>; el vicegobernador de la Provincia, <strong>Manuel Calvo<\/strong>; el viceintendente cordob\u00e9s, <strong>Daniel Passerini<\/strong>; y la diputada nacional, <strong>Natalia De La Sota.<\/strong><\/p>\n<p>En la oportunidad, Schiaretti brind\u00f3 un saludo con motivo del D\u00eda de la Independencia: <strong><em>\u201cSiempre que festejamos una fecha patria es un momento para profundizar la uni\u00f3n que tenemos que tener los argentinos, la necesidad de caminar juntos, de ratificar el anhelo de un destino com\u00fan, de progreso para todos los habitantes que habitan nuestra patria\u201d<\/em>.<\/strong><\/p>\n<figure class=\"wp-block-audio\"><audio controls src=\"https:\/\/prensa.cba.gov.ar\/wp-content\/uploads\/2023\/07\/Schiaretti-9-de-julio-2023.mp3\"><\/audio><\/figure>\n<p>Estuvieron presentes, adem\u00e1s, autoridades provinciales, municipales, del Tribunal Superior de Justicia, de las fuerzas de seguridad, estudiantes de escuelas, h\u00e9roes de Malvinas y vecinos.<\/p>\n<p>Durante la ceremonia, <strong>se izaron las banderas nacional y de C\u00f3rdoba<\/strong>, con la presencia del Cuerpo de Honor de los Federales de Bustos. La Banda de M\u00fasica del Servicio Penitenciario de C\u00f3rdoba interpret\u00f3 la canci\u00f3n patria \u201cAurora\u201d, mientras integrantes de los Federales de Bustos ayudaron a izar la bandera argentina. Despu\u00e9s, se procedi\u00f3 a izar la bandera de C\u00f3rdoba, al tiempo que la banda ejecut\u00f3 la canci\u00f3n \u201cEntre el cielo y la tierra\u201d.<\/p>\n<p>A continuaci\u00f3n, <strong>los asistentes entonaron el Himno Nacional Argentino<\/strong>. Sobre el cierre de la ceremonia, la banda de m\u00fasica interpret\u00f3 la \u201cMarcha de San Lorenzo\u201d. Tambi\u00e9n <strong>se sirvi\u00f3 el tradicional chocolate patrio<\/strong> dentro del Centro C\u00edvico entre quienes concurrieron al acto conmemorativo.<\/p>\n<h2 class=\"wp-block-heading\"><strong>En la Catedral<\/strong><\/h2>\n<p>Seguidamente, las actividades oficiales se trasladaron al atrio de la iglesia Catedral, en el centro de la Capital, donde <strong>se brind\u00f3 una oraci\u00f3n a la patria<\/strong>.<\/p>\n<p>En este lugar, Schiaretti efectu\u00f3 la revista de tropa, integrada por efectivos de las Fuerzas Armadas y de seguridad.<\/p>\n<h2 class=\"wp-block-heading\"><strong>Velada Patria<\/strong><\/h2>\n<p>Los festejos oficiales por el D\u00eda de la Independencia arrancaron anoche en el Teatro del Libertador San Mart\u00edn, con una Velada Patria encabezada por Schiaretti y el intendente de la Ciudad de C\u00f3rdoba, Mart\u00edn Llaryora, entre otras autoridades provinciales, municipales y de las fuerzas de seguridad.<\/p>\n<p>Ambos actos fueron transmitidos en vivo por los canales oficiales del Gobierno provincial.<\/p>\n<p> <iframe loading=\"lazy\" width=\"560\" height=\"315\" src=\"https:\/\/www.youtube.com\/embed\/xzVW6qvx7pY\" title=\"YouTube video player\" frameborder=\"0\" allow=\"accelerometer; autoplay; clipboard-write; encrypted-media; gyroscope; picture-in-picture; web-share\" allowfullscreen>[embedded content]<\/iframe> <\/p>\n","protected":false},"excerpt":{"rendered":"<p>El gobernador Juan Schiaretti encabez\u00f3 hoy el acto por el 9 de Julio en la explanada del Centro C\u00edvico de la ciudad de C\u00f3rdoba. El mandatario provincial brind\u00f3 un saludo protocolar, se izaron banderas y se enton\u00f3 el Himno Nacional Argentino. Anoche arrancaron los festejos oficiales con la Velada Patria en el Teatro San Mart\u00edn. [&hellip;]<\/p>\n","protected":false},"author":1,"featured_media":34188,"comment_status":"closed","ping_status":"closed","sticky":false,"template":"","format":"standard","meta":[],"categories":[14],"tags":[],"_links":{"self":[{"href":"http:\/\/nuevacordoba.net\/index.php\/wp-json\/wp\/v2\/posts\/34187"}],"collection":[{"href":"http:\/\/nuevacordoba.net\/index.php\/wp-json\/wp\/v2\/posts"}],"about":[{"href":"http:\/\/nuevacordoba.net\/index.php\/wp-json\/wp\/v2\/types\/post"}],"author":[{"embeddable":true,"href":"http:\/\/nuevacordoba.net\/index.php\/wp-json\/wp\/v2\/users\/1"}],"replies":[{"embeddable":true,"href":"http:\/\/nuevacordoba.net\/index.php\/wp-json\/wp\/v2\/comments?post=34187"}],"version-history":[{"count":0,"href":"http:\/\/nuevacordoba.net\/index.php\/wp-json\/wp\/v2\/posts\/34187\/revisions"}],"wp:featuredmedia":[{"embeddable":true,"href":"http:\/\/nuevacordoba.net\/index.php\/wp-json\/wp\/v2\/media\/34188"}],"wp:attachment":[{"href":"http:\/\/nuevacordoba.net\/index.php\/wp-json\/wp\/v2\/media?parent=34187"}],"wp:term":[{"taxonomy":"category","embeddable":true,"href":"http:\/\/nuevacordoba.net\/index.php\/wp-json\/wp\/v2\/categories?post=34187"},{"taxonomy":"post_tag","embeddable":true,"href":"http:\/\/nuevacordoba.net\/index.php\/wp-json\/wp\/v2\/tags?post=34187"}],"curies":[{"name":"wp","href":"https:\/\/api.w.org\/{rel}","templated":true}]}}