{"id":34204,"date":"2023-07-10T02:14:59","date_gmt":"2023-07-10T02:14:59","guid":{"rendered":"http:\/\/nuevacordoba.net\/index.php\/2023\/07\/10\/esto-son-los-ganadores-uno-a-uno-de-la-51a-entrega-de-los-premios-martin-fierro\/"},"modified":"2023-07-10T02:14:59","modified_gmt":"2023-07-10T02:14:59","slug":"esto-son-los-ganadores-uno-a-uno-de-la-51a-entrega-de-los-premios-martin-fierro","status":"publish","type":"post","link":"http:\/\/nuevacordoba.net\/index.php\/2023\/07\/10\/esto-son-los-ganadores-uno-a-uno-de-la-51a-entrega-de-los-premios-martin-fierro\/","title":{"rendered":"Esto son los ganadores, uno a uno de la 51a entrega de los premios Mart\u00edn Fierro"},"content":{"rendered":"<figure class=\"mb-3\"><img loading=\"lazy\" data-src=\"http:\/\/nuevacordoba.net\/wp-content\/uploads\/2023\/07\/esto-son-los-ganadores-uno-a-uno-de-la-51a-entrega-de-los-premios-martin-fierro.jpg\" src=\"https:\/\/www.telam.com.ar\/assets\/img\/not_image.png\" class=\" lazy \" width=\"100%\" height=\"100%\" alt=\"Telam SE\"><figcaption><\/figcaption><\/figure>\n<p>La Asociaci\u00f3n de Periodistas de&nbsp; Televisi\u00f3n y Radiofon\u00eda Argentina entrega este domingo sus premios a la producci\u00f3n de los canales de televisi\u00f3n abiertos en el Hilton de Puerto Madero y estas son las estatuillas entregadas, en orden de la transmisi\u00f3n:<\/p>\n<p><span class=\"badge badge-primary\">Cronista-Movilero<\/span><\/p>\n<p><strong>Gustavo Tubio<\/strong>&nbsp;(Arriba argentinos, eltrece)<\/p>\n<p><span class=\"badge badge-primary\">Mejor Aviso Mundialista<\/span><\/p>\n<p><strong>El clima de la copa<\/strong>&nbsp;(Philco)<\/p>\n<p><span class=\"badge badge-primary\">Musical<\/span><\/p>\n<figure class=\"mb-3\"><img loading=\"lazy\" data-src=\"http:\/\/nuevacordoba.net\/wp-content\/uploads\/2023\/07\/esto-son-los-ganadores-uno-a-uno-de-la-51a-entrega-de-los-premios-martin-fierro-1.jpg\" src=\"https:\/\/www.telam.com.ar\/assets\/img\/not_image.png\" class=\" lazy \" width=\"100%\" height=\"100%\" alt=\"Puente Musical\"><figcaption> \u00abPuente Musical\u00bb <\/figcaption><\/figure>\n<p><strong>Puente Musical<\/strong>&nbsp;(Elnueve)<\/p>\n<p><span class=\"badge badge-primary\">Viajes y Turismo<\/span><\/p>\n<figure class=\"mb-3\"><img loading=\"lazy\" data-src=\"http:\/\/nuevacordoba.net\/wp-content\/uploads\/2023\/07\/esto-son-los-ganadores-uno-a-uno-de-la-51a-entrega-de-los-premios-martin-fierro-2.jpg\" src=\"https:\/\/www.telam.com.ar\/assets\/img\/not_image.png\" class=\" lazy \" width=\"100%\" height=\"100%\" alt=\"Resto del Mundo\"><figcaption> \u00abResto del Mundo\u00bb <\/figcaption><\/figure>\n<p><strong>Resto del mundo&nbsp;<\/strong>(eltrece)<\/p>\n<p><span class=\"badge badge-primary\">Mejor Panelista<\/span><\/p>\n<p><strong>Mariel Di Lenarda<\/strong> (Nosotros a la ma\u00f1ana, eltrece)<\/p>\n<p><span class=\"badge badge-primary\">Noticiero Diurno<\/span><\/p>\n<figure class=\"mb-3\"><img loading=\"lazy\" data-src=\"http:\/\/nuevacordoba.net\/wp-content\/uploads\/2023\/07\/esto-son-los-ganadores-uno-a-uno-de-la-51a-entrega-de-los-premios-martin-fierro-3.jpg\" src=\"https:\/\/www.telam.com.ar\/assets\/img\/not_image.png\" class=\" lazy \" width=\"100%\" height=\"100%\" alt=\"Telam SE\"><figcaption><\/figcaption><\/figure>\n<p><strong>Am\u00e9rica noticias<\/strong>&nbsp;(Am\u00e9rica)<\/p>\n<p><span class=\"badge badge-primary\">Actor de reparto<\/span><\/p>\n<figure class=\"mb-3\"><img loading=\"lazy\" data-src=\"http:\/\/nuevacordoba.net\/wp-content\/uploads\/2023\/07\/esto-son-los-ganadores-uno-a-uno-de-la-51a-entrega-de-los-premios-martin-fierro-4.jpg\" src=\"https:\/\/www.telam.com.ar\/assets\/img\/not_image.png\" class=\" lazy \" width=\"100%\" height=\"100%\" alt=\"Telam SE\"><figcaption><\/figcaption><\/figure>\n<p><strong>Daniel Fanegro<\/strong>&nbsp;(El primero de nosotros, Telefe)<\/p>\n<p><span class=\"badge badge-primary\">Branded Content<\/span><\/p>\n<p><strong>Modo Selfie<\/strong> (Agust\u00edn Neglia &#8211; Am\u00e9rica)<\/p>\n<p><span class=\"badge badge-primary\">Gastronom\u00eda<\/span><\/p>\n<figure class=\"mb-3\"><img loading=\"lazy\" data-src=\"http:\/\/nuevacordoba.net\/wp-content\/uploads\/2023\/07\/esto-son-los-ganadores-uno-a-uno-de-la-51a-entrega-de-los-premios-martin-fierro-5.jpg\" src=\"https:\/\/www.telam.com.ar\/assets\/img\/not_image.png\" class=\" lazy \" width=\"100%\" height=\"100%\" alt=\"Telam SE\"><figcaption><\/figcaption><\/figure>\n<p><strong>Ariel en su salsa&nbsp;<\/strong>(Telefe)<\/p>\n<p><span class=\"badge badge-primary\">Juvenil<\/span><\/p>\n<p><strong>Altavoz<\/strong>&nbsp;(Televisi\u00f3n P\u00fablica)<\/p>\n<p><span class=\"badge badge-primary\">Mejor Panelista<\/span><\/p>\n<p><strong>Liliana Caruso&nbsp;<\/strong>(Am\u00e9rica Noticias, Am\u00e9rica)<\/p>\n<p><span class=\"badge badge-primary\">Actriz de reparto<\/span><\/p>\n<p><strong>Nancy Dupla\u00e1<\/strong>&nbsp;(Supernova, Elnueve)<\/p>\n<p><span class=\"badge badge-primary\">Cultural educativo<\/span><\/p>\n<figure class=\"mb-3\"><img loading=\"lazy\" data-src=\"http:\/\/nuevacordoba.net\/wp-content\/uploads\/2023\/07\/esto-son-los-ganadores-uno-a-uno-de-la-51a-entrega-de-los-premios-martin-fierro-6.jpg\" src=\"https:\/\/www.telam.com.ar\/assets\/img\/not_image.png\" class=\" lazy \" width=\"100%\" height=\"100%\" alt=\"Telam SE\"><figcaption><\/figcaption><\/figure>\n<p><strong>Noche de mente<\/strong> (TV P\u00fablica)<\/p>\n<p><span class=\"badge badge-primary\">Revelaci\u00f3n<\/span><\/p>\n<p><strong>Wanda Nara<\/strong>&nbsp;(\u00bfQui\u00e9n es la m\u00e1scara?, Telefe)<\/p>\n<p><span class=\"badge badge-primary\">Autor-Guionista<\/span> <\/p>\n<p><strong>Ernesto Korovsky y Romina Moretto<\/strong>&nbsp;(El primero de nosotros, Telefe)<\/p>\n<p><span class=\"badge badge-primary\">Reality<\/span><\/p>\n<p><strong>Gran Hermano&nbsp;<\/strong>(Telefe)<\/p>\n<p><span class=\"badge badge-primary\">Direcci\u00f3n de ficci\u00f3n<\/span><\/p>\n<p><strong>Alejandro Ib\u00e1\u00f1ez y Jorge Nisco<\/strong>&nbsp;(La 1-5\/18, eltrece)<\/p>\n<p><span class=\"badge badge-primary\">Entretenimientos-conocimiento<\/span><\/p>\n<p><strong>Los 8 escalones del mill\u00f3n<\/strong>&nbsp;(etrece)<\/p>\n<p><span class=\"badge badge-primary\">Direcci\u00f3n de no ficci\u00f3n<\/span><\/p>\n<p><strong>Eugenio Gorkin&nbsp;<\/strong>(Gran hermano, Telefe)<\/p>\n","protected":false},"excerpt":{"rendered":"<p>La Asociaci\u00f3n de Periodistas de&nbsp; Televisi\u00f3n y Radiofon\u00eda Argentina entrega este domingo sus premios a la producci\u00f3n de los canales de televisi\u00f3n abiertos en el Hilton de Puerto Madero y estas son las estatuillas entregadas, en orden de la transmisi\u00f3n: Cronista-Movilero Gustavo Tubio&nbsp;(Arriba argentinos, eltrece) Mejor Aviso Mundialista El clima de la copa&nbsp;(Philco) Musical \u00abPuente [&hellip;]<\/p>\n","protected":false},"author":1,"featured_media":34205,"comment_status":"closed","ping_status":"closed","sticky":false,"template":"","format":"standard","meta":[],"categories":[9],"tags":[],"_links":{"self":[{"href":"http:\/\/nuevacordoba.net\/index.php\/wp-json\/wp\/v2\/posts\/34204"}],"collection":[{"href":"http:\/\/nuevacordoba.net\/index.php\/wp-json\/wp\/v2\/posts"}],"about":[{"href":"http:\/\/nuevacordoba.net\/index.php\/wp-json\/wp\/v2\/types\/post"}],"author":[{"embeddable":true,"href":"http:\/\/nuevacordoba.net\/index.php\/wp-json\/wp\/v2\/users\/1"}],"replies":[{"embeddable":true,"href":"http:\/\/nuevacordoba.net\/index.php\/wp-json\/wp\/v2\/comments?post=34204"}],"version-history":[{"count":0,"href":"http:\/\/nuevacordoba.net\/index.php\/wp-json\/wp\/v2\/posts\/34204\/revisions"}],"wp:featuredmedia":[{"embeddable":true,"href":"http:\/\/nuevacordoba.net\/index.php\/wp-json\/wp\/v2\/media\/34205"}],"wp:attachment":[{"href":"http:\/\/nuevacordoba.net\/index.php\/wp-json\/wp\/v2\/media?parent=34204"}],"wp:term":[{"taxonomy":"category","embeddable":true,"href":"http:\/\/nuevacordoba.net\/index.php\/wp-json\/wp\/v2\/categories?post=34204"},{"taxonomy":"post_tag","embeddable":true,"href":"http:\/\/nuevacordoba.net\/index.php\/wp-json\/wp\/v2\/tags?post=34204"}],"curies":[{"name":"wp","href":"https:\/\/api.w.org\/{rel}","templated":true}]}}