{"id":34268,"date":"2023-07-11T22:39:43","date_gmt":"2023-07-11T22:39:43","guid":{"rendered":"http:\/\/nuevacordoba.net\/index.php\/2023\/07\/11\/se-estrena-delia-documental-sobre-deseos-pospuestos-de-una-mujer-en-la-dictadura\/"},"modified":"2023-07-11T22:39:43","modified_gmt":"2023-07-11T22:39:43","slug":"se-estrena-delia-documental-sobre-deseos-pospuestos-de-una-mujer-en-la-dictadura","status":"publish","type":"post","link":"http:\/\/nuevacordoba.net\/index.php\/2023\/07\/11\/se-estrena-delia-documental-sobre-deseos-pospuestos-de-una-mujer-en-la-dictadura\/","title":{"rendered":"Se estrena \u00abDelia\u00bb, documental sobre deseos pospuestos de una mujer en la dictadura"},"content":{"rendered":"<figure class=\"mb-3\"><img loading=\"lazy\" data-src=\"http:\/\/nuevacordoba.net\/wp-content\/uploads\/2023\/07\/se-estrena-delia-documental-sobre-deseos-pospuestos-de-una-mujer-en-la-dictadura.jpg\" src=\"https:\/\/www.telam.com.ar\/assets\/img\/not_image.png\" class=\" lazy \" width=\"100%\" height=\"100%\" alt=\"Delia el documental de Mara Victoria Pena acerca de de \"><figcaption> \u00abDelia\u00bb, el documental de Mar\u00eda Victoria Pena, acerca de de <\/figcaption><\/figure>\n<p><strong>\u00abDelia\u00bb,<\/strong> \u00f3pera prima de la cineasta uruguaya <strong>Mar\u00eda Victoria Pena<\/strong>, que cuenta c\u00f3mo una mujer, <strong>Delia H. Gonz\u00e1lez<\/strong>, dej\u00f3 de lado su vida mientras su esposo estaba preso durante la dictadura en Uruguay, puede verse en distintas funciones en la ciudad de Buenos Aires desde el domingo pasado.<\/p>\n<p>Pel\u00edcula accesible para personas sordas e hipoac\u00fasicas, ya que posee subt\u00edtulos descriptivos, podr\u00e1 apreciarse este mi\u00e9rcoles en el Centro Cultural San Mart\u00edn, los jueves 13 y 27 el Centro Cultural Recoleta, y los s\u00e1bados de Agosto en el Museo del Cine.<\/p>\n<div class=\"video_repositive\"> <a class=\"video_sticky\" href=\"javascript:void();\" onclick=\"removeStuckVideo(true);\"><i class=\"far fa-window-close\"><\/i><\/a> <\/p>\n<div id=\"YWJYyJS8Rj0\" class=\"video_telam\">\n<div class=\"feature_article_inner\">\n<p><h2 class=\"text-center\">Trailer \u00abDelia\u00bb<\/h2>\n<\/p><\/div>\n<p>VER VIDEO <i class=\"fas fa-play\"><\/i><\/p>\n<\/p><\/div><\/div>\n<p><strong>\u00abDelia escribe poemas desde que Jorge, su esposo, cay\u00f3 preso en dictadura. Estos textos fueron su refugio, lugar donde expresar lo que no comparti\u00f3 nunca, lo que tuvo que dejar a un lado para sostener a su familia. Al finalizar la dictadura, la libertad pareci\u00f3 llegar para todos, pero ella sigui\u00f3 escribiendo. Hoy, Delia me entrega sus poemas para compartirlos con su familia\u00bb<\/strong>, se describe al largometraje en su rese\u00f1a.<\/p>\n<p>La pel\u00edcula, una coproducci\u00f3n uruguaya-argentina se centra en Delia, que escribi\u00f3 poemas en todo ese per\u00edodo, los guard\u00f3 y nunca se los mostr\u00f3 a nadie. Hoy la directora los rescata, y ese redescubrimiento de todo lo que le pas\u00f3 a esa mujer es en lo que se enfoca el filme.<\/p>\n<p>El trabajo particip\u00f3 en el Festival de M\u00e1laga, donde recibi\u00f3 la Biznaga de Plata a Mejor Direcci\u00f3n y una Menci\u00f3n del Jurado, en el Festival de Cinemateca, donde fue reconocida con el Premio del P\u00fablico y una Menci\u00f3n Especial del Jurado, galardonada&nbsp;como Mejor Largometraje&nbsp;en el Festival Detour&nbsp; y particip\u00f3 en La Semana del Documental \u2013 DocMontevideo. <\/p>\n","protected":false},"excerpt":{"rendered":"<p>\u00abDelia\u00bb, el documental de Mar\u00eda Victoria Pena, acerca de de \u00abDelia\u00bb, \u00f3pera prima de la cineasta uruguaya Mar\u00eda Victoria Pena, que cuenta c\u00f3mo una mujer, Delia H. Gonz\u00e1lez, dej\u00f3 de lado su vida mientras su esposo estaba preso durante la dictadura en Uruguay, puede verse en distintas funciones en la ciudad de Buenos Aires desde [&hellip;]<\/p>\n","protected":false},"author":1,"featured_media":34269,"comment_status":"closed","ping_status":"closed","sticky":false,"template":"","format":"standard","meta":[],"categories":[9],"tags":[],"_links":{"self":[{"href":"http:\/\/nuevacordoba.net\/index.php\/wp-json\/wp\/v2\/posts\/34268"}],"collection":[{"href":"http:\/\/nuevacordoba.net\/index.php\/wp-json\/wp\/v2\/posts"}],"about":[{"href":"http:\/\/nuevacordoba.net\/index.php\/wp-json\/wp\/v2\/types\/post"}],"author":[{"embeddable":true,"href":"http:\/\/nuevacordoba.net\/index.php\/wp-json\/wp\/v2\/users\/1"}],"replies":[{"embeddable":true,"href":"http:\/\/nuevacordoba.net\/index.php\/wp-json\/wp\/v2\/comments?post=34268"}],"version-history":[{"count":0,"href":"http:\/\/nuevacordoba.net\/index.php\/wp-json\/wp\/v2\/posts\/34268\/revisions"}],"wp:featuredmedia":[{"embeddable":true,"href":"http:\/\/nuevacordoba.net\/index.php\/wp-json\/wp\/v2\/media\/34269"}],"wp:attachment":[{"href":"http:\/\/nuevacordoba.net\/index.php\/wp-json\/wp\/v2\/media?parent=34268"}],"wp:term":[{"taxonomy":"category","embeddable":true,"href":"http:\/\/nuevacordoba.net\/index.php\/wp-json\/wp\/v2\/categories?post=34268"},{"taxonomy":"post_tag","embeddable":true,"href":"http:\/\/nuevacordoba.net\/index.php\/wp-json\/wp\/v2\/tags?post=34268"}],"curies":[{"name":"wp","href":"https:\/\/api.w.org\/{rel}","templated":true}]}}