{"id":34270,"date":"2023-07-11T21:37:21","date_gmt":"2023-07-11T21:37:21","guid":{"rendered":"https:\/\/www.ole.com.ar\/futbol-ascenso\/primera-nacional-almirante-brown-sebastian-riquelme_0_HRyPV6Illv.html"},"modified":"2023-07-11T21:37:21","modified_gmt":"2023-07-11T21:37:21","slug":"riquelme-volvera-a-jugar-en-la-primera-nacional","status":"publish","type":"post","link":"http:\/\/nuevacordoba.net\/index.php\/2023\/07\/11\/riquelme-volvera-a-jugar-en-la-primera-nacional\/","title":{"rendered":"\u00bfRiquelme volver\u00e1 a jugar en la Primera Nacional?"},"content":{"rendered":"<div><img src=\"http:\/\/nuevacordoba.net\/wp-content\/uploads\/2023\/07\/riquelme-volvera-a-jugar-en-la-primera-nacional.jpg\" class=\"ff-og-image-inserted\"><\/div>\n<div readability=\"16\">\n<p><strong>Una vez m\u00e1s, el apellido Riquelme vuelve a sonar en la Primera Nacional<\/strong>, al igual que<strong> lo hizo Rom\u00e1n en la temporada 2014 cuando visti\u00f3 la camiseta de Argentinos Juniors. <\/strong>En esta ocasi\u00f3n, se trata de su hermano <strong>Sebasti\u00e1n, <\/strong>quien ya ha vestido la camiseta de un equipo de la categor\u00eda durante la temporada 2021. Ahora, una vez m\u00e1s, lo vinculan con uno de los equipos destacados del torneo en esta temporada.<\/p>\n<\/div>\n<div readability=\"14.619289340102\">\n<p>En los \u00faltimos d\u00edas,<strong> Sebasti\u00e1n se estuvo entrenando en Almirante Brown. <\/strong>La Fragata se encuentra actualmente<u> en el segundo lugar de la Zona A con 38 puntos, a tan solo una unidad de Agropecuario, el l\u00edder. <\/u>De confirmarse su incorporaci\u00f3n, Riquelme volver\u00eda a jugar luego de su paso por<a href=\"https:\/\/www.ole.com.ar\/futbol-ascenso\/primera-b-sebastian-riquelme-andes_0_vJ0wbp52hb.html\" target=\"_blank\" rel=\"noopener\"> Los Andes,<\/a> donde pele\u00f3 con el conjunto de Lomas de Zamora el Torneo Apertura pero no logr\u00f3 obtenerlo.<\/p>\n<\/div>\n<div readability=\"13\">\n<p>Riquelme ya sabe lo que es jugar en la Primera Nacional, ya que pas<strong>\u00f3 por Atlanta y en San Telmo durante la temporada 2021.<\/strong> Con la camiseta del Bohemio fue donde se vio una de sus mejores versiones con Walter Erviti como entrenador, disput\u00f3 11 partidos y marc\u00f3 dos goles, uno de ellos <strong>un hermoso tiro libre contra Tigre en un empate 1 a 1 en cancha del Matador.<\/strong><\/p>\n<\/div>\n","protected":false},"excerpt":{"rendered":"<p>Una vez m\u00e1s, el apellido Riquelme vuelve a sonar en la Primera Nacional, al igual que lo hizo Rom\u00e1n en la temporada 2014 cuando visti\u00f3 la camiseta de Argentinos Juniors. En esta ocasi\u00f3n, se trata de su hermano Sebasti\u00e1n, quien ya ha vestido la camiseta de un equipo de la categor\u00eda durante la temporada 2021. [&hellip;]<\/p>\n","protected":false},"author":1,"featured_media":34271,"comment_status":"closed","ping_status":"closed","sticky":false,"template":"","format":"standard","meta":[],"categories":[10],"tags":[],"_links":{"self":[{"href":"http:\/\/nuevacordoba.net\/index.php\/wp-json\/wp\/v2\/posts\/34270"}],"collection":[{"href":"http:\/\/nuevacordoba.net\/index.php\/wp-json\/wp\/v2\/posts"}],"about":[{"href":"http:\/\/nuevacordoba.net\/index.php\/wp-json\/wp\/v2\/types\/post"}],"author":[{"embeddable":true,"href":"http:\/\/nuevacordoba.net\/index.php\/wp-json\/wp\/v2\/users\/1"}],"replies":[{"embeddable":true,"href":"http:\/\/nuevacordoba.net\/index.php\/wp-json\/wp\/v2\/comments?post=34270"}],"version-history":[{"count":0,"href":"http:\/\/nuevacordoba.net\/index.php\/wp-json\/wp\/v2\/posts\/34270\/revisions"}],"wp:featuredmedia":[{"embeddable":true,"href":"http:\/\/nuevacordoba.net\/index.php\/wp-json\/wp\/v2\/media\/34271"}],"wp:attachment":[{"href":"http:\/\/nuevacordoba.net\/index.php\/wp-json\/wp\/v2\/media?parent=34270"}],"wp:term":[{"taxonomy":"category","embeddable":true,"href":"http:\/\/nuevacordoba.net\/index.php\/wp-json\/wp\/v2\/categories?post=34270"},{"taxonomy":"post_tag","embeddable":true,"href":"http:\/\/nuevacordoba.net\/index.php\/wp-json\/wp\/v2\/tags?post=34270"}],"curies":[{"name":"wp","href":"https:\/\/api.w.org\/{rel}","templated":true}]}}