{"id":34274,"date":"2023-07-12T00:57:43","date_gmt":"2023-07-12T00:57:43","guid":{"rendered":"https:\/\/www.bbc.com\/mundo\/articles\/cn424djvm81o"},"modified":"2023-07-12T00:57:43","modified_gmt":"2023-07-12T00:57:43","slug":"soy-patrimonio-historico-mi-amor-pero-no-puedo-pagar-el-dentista-la-muralla-que-parte-en-dos-a-cartagena-la-ciudad-mas-turistica-de-colombia","status":"publish","type":"post","link":"http:\/\/nuevacordoba.net\/index.php\/2023\/07\/12\/soy-patrimonio-historico-mi-amor-pero-no-puedo-pagar-el-dentista-la-muralla-que-parte-en-dos-a-cartagena-la-ciudad-mas-turistica-de-colombia\/","title":{"rendered":"\u00abSoy patrimonio hist\u00f3rico, mi amor, pero no puedo pagar el dentista\u00bb: la muralla que parte en dos a Cartagena, la ciudad m\u00e1s tur\u00edstica de Colombia"},"content":{"rendered":"<div dir=\"ltr\" class=\"bbc-1ka88fa ebmt73l0\">\n<figure class=\"bbc-1qdcvv9 e1aczekt0\">\n<div dir=\"ltr\" class=\"bbc-172p16q ebmt73l0\">\n<div dir=\"ltr\" class=\"bbc-189y18v ebmt73l0\">\n<div data-e2e=\"image-placeholder\" class=\"bbc-997y1y eihqrxw0\"><img loading=\"lazy\" sizes=\"(min-width: 1008px) 760px, 100vw\" srcset=\"http:\/\/nuevacordoba.net\/wp-content\/uploads\/2023\/07\/soy-patrimonio-historico-mi-amor-pero-no-puedo-pagar-el-dentista-la-muralla-que-parte-en-dos-a-cartagena-la-ciudad-mas-turistica-de-colombia-19.jpg 240w, http:\/\/nuevacordoba.net\/wp-content\/uploads\/2023\/07\/soy-patrimonio-historico-mi-amor-pero-no-puedo-pagar-el-dentista-la-muralla-que-parte-en-dos-a-cartagena-la-ciudad-mas-turistica-de-colombia-20.jpg 320w, http:\/\/nuevacordoba.net\/wp-content\/uploads\/2023\/07\/soy-patrimonio-historico-mi-amor-pero-no-puedo-pagar-el-dentista-la-muralla-que-parte-en-dos-a-cartagena-la-ciudad-mas-turistica-de-colombia-21.jpg 480w, http:\/\/nuevacordoba.net\/wp-content\/uploads\/2023\/07\/soy-patrimonio-historico-mi-amor-pero-no-puedo-pagar-el-dentista-la-muralla-que-parte-en-dos-a-cartagena-la-ciudad-mas-turistica-de-colombia-22.jpg 624w, http:\/\/nuevacordoba.net\/wp-content\/uploads\/2023\/07\/soy-patrimonio-historico-mi-amor-pero-no-puedo-pagar-el-dentista-la-muralla-que-parte-en-dos-a-cartagena-la-ciudad-mas-turistica-de-colombia-23.jpg 800w\" src=\"http:\/\/nuevacordoba.net\/wp-content\/uploads\/2023\/07\/soy-patrimonio-historico-mi-amor-pero-no-puedo-pagar-el-dentista-la-muralla-que-parte-en-dos-a-cartagena-la-ciudad-mas-turistica-de-colombia.jpg\" alt=\"Betty Sargado fue una de las primeras palenqueras en llegar al centro para trabajar con turistas. \" width=\"954\" height=\"537\" class=\"e3vrtyk0 bbc-rb7xa0 e1mo64ex0\"><\/div>\n<\/div>\n<div dir=\"ltr\" class=\"bbc-3edg7g ebmt73l0\" readability=\"6.5\"><figcaption dir=\"ltr\" class=\"bbc-rhuvwm e6i104o0\" readability=\"3\"><span class=\"bbc-m04vo2\">Pie de foto, <\/span><\/p>\n<p>Betty Sargado fue una de las primeras palenqueras en llegar al centro amurallado para trabajar con turistas. <\/p>\n<\/figcaption><\/div>\n<\/div>\n<\/figure>\n<\/div>\n<section role=\"region\" aria-labelledby=\"article-byline\" class=\"bbc-1vjaf6b\"><strong id=\"article-byline\" aria-hidden=\"true\" class=\"bbc-m04vo2\">Article information<\/strong><\/p>\n<ul role=\"list\" class=\"bbc-1rvtlej\">\n<li><span role=\"text\"><span class=\"bbc-m04vo2\">Author, <\/span><span class=\"bbc-1ypcc2\">Daniel Pardo<\/span><\/span><\/li>\n<li><span role=\"text\"><span class=\"bbc-m04vo2\">Role, <!-- --> <\/span><span class=\"bbc-1y5sx98\">Corresponsal de BBC Mundo en Colombia<\/span><\/span><\/li>\n<li class=\"bbc-v8pmqw\">\n<p><time datetime=\"2023-07-11\" class=\"bbc-1dafq0j e1mklfmt0\">11 julio 2023<\/time><\/p>\n<\/li>\n<\/ul>\n<\/section>\n<div dir=\"ltr\" class=\"bbc-19j92fr ebmt73l0\" readability=\"12\">\n<p dir=\"ltr\" class=\"bbc-hhl7in e17g058b0\"><b>El s\u00edmbolo internacional de Cartagena, una de las ciudades m\u00e1s famosas de Colombia, es un cord\u00f3n de murallas que ha separado a la gente desde su construcci\u00f3n en el siglo XVI: primero entre espa\u00f1oles y piratas, luego entre blancos y negros y ahora entre turistas y cartageneros. <\/b><\/p>\n<\/div>\n<div dir=\"ltr\" class=\"bbc-19j92fr ebmt73l0\" readability=\"11\">\n<p dir=\"ltr\" class=\"bbc-hhl7in e17g058b0\">Hay cartageneros que nunca han ido a la ciudad amurallada, y muchos otros pueden llevar a\u00f1os, o d\u00e9cadas, sin haber pisado el barrio que les da reconocimiento mundial.<\/p>\n<\/div>\n<div dir=\"ltr\" class=\"bbc-19j92fr ebmt73l0\" readability=\"11\">\n<p dir=\"ltr\" class=\"bbc-hhl7in e17g058b0\">\u00abEs como los parisinos, que no van a la Torre Eiffel\u00bb, justifican algunos. Con la diferencia de que las murallas rodean el centro de la ciudad: la sede de varias universidades y de un Estado que muchos ac\u00e1 ven como ajeno.<\/p>\n<\/div>\n<div dir=\"ltr\" class=\"bbc-19j92fr ebmt73l0\" readability=\"13\">\n<p dir=\"ltr\" class=\"bbc-hhl7in e17g058b0\">En 1984, estos 11 kil\u00f3metros de muralla al borde del mar Caribe fueron declarados Patrimonio de la Humanidad por la Unesco. En 2005, San Basilio de Palenque, un pueblo a 50 kil\u00f3metros conocido como el primer asentamiento libre de esclavitud de Am\u00e9rica, obtuvo el mismo reconocimiento.<\/p>\n<\/div>\n<div dir=\"ltr\" class=\"bbc-19j92fr ebmt73l0\" readability=\"11\">\n<p dir=\"ltr\" class=\"bbc-hhl7in e17g058b0\">Pero Betty Sargado, una palenquera que vive de tomarse fotos con turistas fascinados por los colores de su vestimenta y las frutas que sostiene en la cabeza, no ve gran atributo en ese \u00abdizque patrimonio\u00bb. <\/p>\n<\/div>\n<div dir=\"ltr\" class=\"bbc-19j92fr ebmt73l0\" readability=\"13\">\n<p dir=\"ltr\" class=\"bbc-hhl7in e17g058b0\">\u00abSomos patrimonio hist\u00f3rico, mi amor, pero no tenemos seguro para pagar al dentista\u00bb, le dice a BBC Mundo. \u00abNo tengo un carn\u00e9 que diga yo soy patrimonio hist\u00f3rico y que por eso me den odontolog\u00eda. Entonces, qu\u00e9 clase de patrimonio hist\u00f3rico es eso\u00bb. <\/p>\n<\/div>\n<div dir=\"ltr\" class=\"bbc-19j92fr ebmt73l0\" readability=\"12\">\n<p dir=\"ltr\" class=\"bbc-hhl7in e17g058b0\">Trabajadora del servicio dom\u00e9stico durante 14 a\u00f1os y luego masajista en las playas, Betty y su madre, Ang\u00e9lica C\u00e1ceres, fueron de las primeras palenqueras que vinieron al centro a sacarle jugo al turismo. <\/p>\n<\/div>\n<div dir=\"ltr\" class=\"bbc-19j92fr ebmt73l0\" readability=\"11\">\n<p dir=\"ltr\" class=\"bbc-hhl7in e17g058b0\">Pasan sus d\u00edas cautivando al extranjero: les ondean su falda, les hacen un chiste, les piden una \u00ab<i class=\"bbc-h1y5j7 eih42320\">picture<\/i>, <i class=\"bbc-h1y5j7 eih42320\">picture<\/i>\u00ab.<\/p>\n<\/div>\n<div dir=\"ltr\" class=\"bbc-1ka88fa ebmt73l0\">\n<figure class=\"bbc-1qdcvv9 e1aczekt0\">\n<div dir=\"ltr\" class=\"bbc-172p16q ebmt73l0\">\n<div dir=\"ltr\" class=\"bbc-189y18v ebmt73l0\" readability=\"6.5\">\n<div data-e2e=\"image-placeholder\" class=\"bbc-997y1y eihqrxw0\" readability=\"8\"><noscript><img loading=\"lazy\" sizes=\"(min-width: 1008px) 760px, 100vw\" srcset=\"http:\/\/nuevacordoba.net\/wp-content\/uploads\/2023\/07\/soy-patrimonio-historico-mi-amor-pero-no-puedo-pagar-el-dentista-la-muralla-que-parte-en-dos-a-cartagena-la-ciudad-mas-turistica-de-colombia-24.jpg 240w, http:\/\/nuevacordoba.net\/wp-content\/uploads\/2023\/07\/soy-patrimonio-historico-mi-amor-pero-no-puedo-pagar-el-dentista-la-muralla-que-parte-en-dos-a-cartagena-la-ciudad-mas-turistica-de-colombia-25.jpg 320w, http:\/\/nuevacordoba.net\/wp-content\/uploads\/2023\/07\/soy-patrimonio-historico-mi-amor-pero-no-puedo-pagar-el-dentista-la-muralla-que-parte-en-dos-a-cartagena-la-ciudad-mas-turistica-de-colombia-26.jpg 480w, http:\/\/nuevacordoba.net\/wp-content\/uploads\/2023\/07\/soy-patrimonio-historico-mi-amor-pero-no-puedo-pagar-el-dentista-la-muralla-que-parte-en-dos-a-cartagena-la-ciudad-mas-turistica-de-colombia-27.jpg 624w, http:\/\/nuevacordoba.net\/wp-content\/uploads\/2023\/07\/soy-patrimonio-historico-mi-amor-pero-no-puedo-pagar-el-dentista-la-muralla-que-parte-en-dos-a-cartagena-la-ciudad-mas-turistica-de-colombia-28.jpg 800w\" src=\"http:\/\/nuevacordoba.net\/wp-content\/uploads\/2023\/07\/soy-patrimonio-historico-mi-amor-pero-no-puedo-pagar-el-dentista-la-muralla-que-parte-en-dos-a-cartagena-la-ciudad-mas-turistica-de-colombia-1.jpg\" alt=\"Cartagena\" width=\"976\" height=\"549\" class=\"e3vrtyk0 bbc-rb7xa0 e1mo64ex0\"><\/noscript><\/p>\n<p role=\"text\" class=\"bbc-1s1cxbv ewbcsnk0\"><span class=\"bbc-m04vo2\">Fuente de la imagen, <\/span><span lang=\"en-GB\">Getty Images<\/span><\/p>\n<\/div>\n<\/div>\n<\/div>\n<\/figure>\n<\/div>\n<div dir=\"ltr\" class=\"bbc-19j92fr ebmt73l0\" readability=\"12\">\n<p dir=\"ltr\" class=\"bbc-hhl7in e17g058b0\">\u00ab<b>Nosotros los negros fue que hicimos estas murallas<\/b>\u00ab, dice Betty, mientras observa el albor que ti\u00f1e la roca coralina. \u00abPero no tenemos muchos derechos a ellas\u00bb, se queja. \u00abDe las murallas para all\u00e1 nadie conoce nada\u00bb. <\/p>\n<\/div>\n<div dir=\"ltr\" class=\"bbc-19j92fr ebmt73l0\" readability=\"18\">\n<p dir=\"ltr\" class=\"bbc-hhl7in e17g058b0\">De las murallas para all\u00e1 est\u00e1 \u00abla otra Cartagena\u00bb, una ciudad de casi dos millones de habitantes donde dos de cada tres personas, seg\u00fan cifras oficiales, no comen tres veces al d\u00eda; donde el 70% trabaja en la informalidad, est\u00e1 la peor calidad educativa del pa\u00eds y se vive bajo la zozobra de una criminalidad que registr\u00f3 360 homicidios en 2022, la cifra m\u00e1s alta de la historia reciente, e introdujo por primera vez a \u00abLa Heroica\u00bb, como se le conoce, en la lista de las 50 ciudades \u2014seis de ellas colombianas\u2014 m\u00e1s peligrosas del mundo. <\/p>\n<\/div>\n<div dir=\"ltr\" class=\"bbc-19j92fr ebmt73l0\" readability=\"12\">\n<p dir=\"ltr\" class=\"bbc-hhl7in e17g058b0\">La idea de las dos Cartagenas, una feliz y otra triste, ha calado. La frase est\u00e1 en medios, en discursos pol\u00edticos, en relatos tur\u00edsticos. <\/p>\n<\/div>\n<div dir=\"ltr\" class=\"bbc-19j92fr ebmt73l0\" readability=\"11\">\n<p dir=\"ltr\" class=\"bbc-hhl7in e17g058b0\">En una Cartagena se oye el galope de los caballos en carroza, los gritos de &#8216;feliz matrimonio&#8217;. En la otra retumban los mototaxis, las bocinas de un tr\u00e1fico ca\u00f3tico y los aviones que aterrizan junto a un barrio de casas hechizas con calles sin pavimentar.<\/p>\n<\/div>\n<div dir=\"ltr\" class=\"bbc-19j92fr ebmt73l0\" readability=\"10\">\n<p dir=\"ltr\" class=\"bbc-hhl7in e17g058b0\">En una hay boutiques de lujo, galer\u00edas de arte, luz y agua de corrido. En la otra los vendedores ambulantes se amontonan en los sem\u00e1foros y esquinas y los servicios b\u00e1sicos son intermitentes. <\/p>\n<\/div>\n<div dir=\"ltr\" class=\"bbc-19j92fr ebmt73l0\" readability=\"18\">\n<p dir=\"ltr\" class=\"bbc-hhl7in e17g058b0\">El cuento de que hay dos ciudades, una buena y otra mala, se convirti\u00f3 en un clich\u00e9 que los mismos cartageneros repiten y que, como todo clich\u00e9, es discutible. Porque las dos Cartagenas se necesitan, se alimentan entre ellas. Porque de las murallas para afuera puede haber caos, pero tambi\u00e9n vida, folclor, idiosincracia Caribe.<\/p>\n<\/div>\n<div dir=\"ltr\" class=\"bbc-1ka88fa ebmt73l0\">\n<figure class=\"bbc-1qdcvv9 e1aczekt0\">\n<div dir=\"ltr\" class=\"bbc-172p16q ebmt73l0\">\n<div dir=\"ltr\" class=\"bbc-189y18v ebmt73l0\">\n<div data-e2e=\"image-placeholder\" class=\"bbc-997y1y eihqrxw0\"><noscript><img loading=\"lazy\" sizes=\"(min-width: 1008px) 760px, 100vw\" srcset=\"http:\/\/nuevacordoba.net\/wp-content\/uploads\/2023\/07\/soy-patrimonio-historico-mi-amor-pero-no-puedo-pagar-el-dentista-la-muralla-que-parte-en-dos-a-cartagena-la-ciudad-mas-turistica-de-colombia-29.jpg 240w, http:\/\/nuevacordoba.net\/wp-content\/uploads\/2023\/07\/soy-patrimonio-historico-mi-amor-pero-no-puedo-pagar-el-dentista-la-muralla-que-parte-en-dos-a-cartagena-la-ciudad-mas-turistica-de-colombia-30.jpg 320w, http:\/\/nuevacordoba.net\/wp-content\/uploads\/2023\/07\/soy-patrimonio-historico-mi-amor-pero-no-puedo-pagar-el-dentista-la-muralla-que-parte-en-dos-a-cartagena-la-ciudad-mas-turistica-de-colombia-31.jpg 480w, http:\/\/nuevacordoba.net\/wp-content\/uploads\/2023\/07\/soy-patrimonio-historico-mi-amor-pero-no-puedo-pagar-el-dentista-la-muralla-que-parte-en-dos-a-cartagena-la-ciudad-mas-turistica-de-colombia-32.jpg 624w, http:\/\/nuevacordoba.net\/wp-content\/uploads\/2023\/07\/soy-patrimonio-historico-mi-amor-pero-no-puedo-pagar-el-dentista-la-muralla-que-parte-en-dos-a-cartagena-la-ciudad-mas-turistica-de-colombia-33.jpg 800w\" src=\"http:\/\/nuevacordoba.net\/wp-content\/uploads\/2023\/07\/soy-patrimonio-historico-mi-amor-pero-no-puedo-pagar-el-dentista-la-muralla-que-parte-en-dos-a-cartagena-la-ciudad-mas-turistica-de-colombia-2.jpg\" alt=\"Palenqueras en Cartagena\" width=\"976\" height=\"549\" class=\"e3vrtyk0 bbc-rb7xa0 e1mo64ex0\"><\/noscript><\/div>\n<\/div>\n<div dir=\"ltr\" class=\"bbc-3edg7g ebmt73l0\" readability=\"6.5\"><figcaption dir=\"ltr\" class=\"bbc-rhuvwm e6i104o0\" readability=\"3\"><span class=\"bbc-m04vo2\">Pie de foto, <\/span><\/p>\n<p>Betty Sargado y sus compa\u00f1eras palenqueras intentan seducir al turista con humor y sonrisas y algo de ingl\u00e9s. <\/p>\n<\/figcaption><\/div>\n<\/div>\n<\/figure>\n<\/div>\n<p><h2 id=\"No-salga-de-su-casa\" tabindex=\"-1\" class=\"bbc-1f03ibc eglt09e0\">\u00abNo salga de su casa\u00bb<\/h2>\n<\/p>\n<div dir=\"ltr\" class=\"bbc-19j92fr ebmt73l0\" readability=\"12\">\n<p dir=\"ltr\" class=\"bbc-hhl7in e17g058b0\">Ariel Valdez es un l\u00edder social en las faldas de la Popa, los barrios informales al pie del \u00fanico cerro de la ciudad, afuera de las murallas. All\u00ed organiza eventos, media entre bandas armadas y apoya a j\u00f3venes artistas.<\/p>\n<\/div>\n<div dir=\"ltr\" class=\"bbc-19j92fr ebmt73l0\" readability=\"15\">\n<p dir=\"ltr\" class=\"bbc-hhl7in e17g058b0\">De 34 a\u00f1os, Valdez gestiona un estudio de grabaci\u00f3n en el que, en 8 a\u00f1os, m\u00e1s de 300 artistas de estos barrios han grabado sus composiciones de rap, reggaet\u00f3n y <b>champeta, el g\u00e9nero distintivo de la ciudad, que mezcla ritmos afrocaribe\u00f1os con arreglos electr\u00f3nicos<\/b>. <\/p>\n<\/div>\n<div dir=\"ltr\" class=\"bbc-19j92fr ebmt73l0\" readability=\"18\">\n<p dir=\"ltr\" class=\"bbc-hhl7in e17g058b0\">Una noche de octubre de 2021 Valdez estaba con su grupo en una de las plazas que colinda con el centro amurallado. Cantaban, bailaban, re\u00edan. Y, como todas las noches, en la zona conflu\u00edan turistas, vendedores ambulantes y trabajadoras sexuales: bullicio y peque\u00f1os focos de tensi\u00f3n al tiempo que fiesta, oportunidad de negocio y un clima caluroso, h\u00famedo, atenuado por la brisa.<\/p>\n<\/div>\n<div dir=\"ltr\" class=\"bbc-19j92fr ebmt73l0\" readability=\"10\">\n<p dir=\"ltr\" class=\"bbc-hhl7in e17g058b0\">\u00abLleg\u00f3 una unidad de polic\u00edas a requisarnos\u00bb, recuerda Valdez, sentado en un peque\u00f1o estudio de paredes rojas en el que un afiche dice \u00abarriba los de abajo\u00bb.<\/p>\n<\/div>\n<div dir=\"ltr\" class=\"bbc-1ka88fa ebmt73l0\">\n<figure class=\"bbc-1qdcvv9 e1aczekt0\">\n<div dir=\"ltr\" class=\"bbc-172p16q ebmt73l0\">\n<div dir=\"ltr\" class=\"bbc-189y18v ebmt73l0\">\n<div data-e2e=\"image-placeholder\" class=\"bbc-997y1y eihqrxw0\"><noscript><img loading=\"lazy\" sizes=\"(min-width: 1008px) 760px, 100vw\" srcset=\"http:\/\/nuevacordoba.net\/wp-content\/uploads\/2023\/07\/soy-patrimonio-historico-mi-amor-pero-no-puedo-pagar-el-dentista-la-muralla-que-parte-en-dos-a-cartagena-la-ciudad-mas-turistica-de-colombia-34.jpg 240w, http:\/\/nuevacordoba.net\/wp-content\/uploads\/2023\/07\/soy-patrimonio-historico-mi-amor-pero-no-puedo-pagar-el-dentista-la-muralla-que-parte-en-dos-a-cartagena-la-ciudad-mas-turistica-de-colombia-35.jpg 320w, http:\/\/nuevacordoba.net\/wp-content\/uploads\/2023\/07\/soy-patrimonio-historico-mi-amor-pero-no-puedo-pagar-el-dentista-la-muralla-que-parte-en-dos-a-cartagena-la-ciudad-mas-turistica-de-colombia-36.jpg 480w, http:\/\/nuevacordoba.net\/wp-content\/uploads\/2023\/07\/soy-patrimonio-historico-mi-amor-pero-no-puedo-pagar-el-dentista-la-muralla-que-parte-en-dos-a-cartagena-la-ciudad-mas-turistica-de-colombia-37.jpg 624w, http:\/\/nuevacordoba.net\/wp-content\/uploads\/2023\/07\/soy-patrimonio-historico-mi-amor-pero-no-puedo-pagar-el-dentista-la-muralla-que-parte-en-dos-a-cartagena-la-ciudad-mas-turistica-de-colombia-38.jpg 800w\" src=\"http:\/\/nuevacordoba.net\/wp-content\/uploads\/2023\/07\/soy-patrimonio-historico-mi-amor-pero-no-puedo-pagar-el-dentista-la-muralla-que-parte-en-dos-a-cartagena-la-ciudad-mas-turistica-de-colombia-3.jpg\" alt=\"Ariel Valdez\" width=\"976\" height=\"549\" class=\"e3vrtyk0 bbc-rb7xa0 e1mo64ex0\"><\/noscript><\/div>\n<\/div>\n<div dir=\"ltr\" class=\"bbc-3edg7g ebmt73l0\" readability=\"6.5\"><figcaption dir=\"ltr\" class=\"bbc-rhuvwm e6i104o0\" readability=\"3\"><span class=\"bbc-m04vo2\">Pie de foto, <\/span><\/p>\n<p>Ariel Valdez en su estudio Barrio Fino Records, situado en las faldas de la Popa. <\/p>\n<\/figcaption><\/div>\n<\/div>\n<\/figure>\n<\/div>\n<div dir=\"ltr\" class=\"bbc-19j92fr ebmt73l0\" readability=\"18\">\n<p dir=\"ltr\" class=\"bbc-hhl7in e17g058b0\">\u00abNo nos encontraron nada, pero la actitud retadora sigui\u00f3, como si estuvieran buscando un pretexto para arrestarnos. Que por qu\u00e9 est\u00e1bamos ah\u00ed, que por qu\u00e9 hac\u00edamos ruido, que de qu\u00e9 est\u00e1bamos escapando. Cosas sin sentido que, claro, finalmente nos empezaron a molestar, porque esta es nuestra ciudad, y terminaron arrestando a uno de nosotros\u00bb.<\/p>\n<\/div>\n<div dir=\"ltr\" class=\"bbc-19j92fr ebmt73l0\" readability=\"13\">\n<p dir=\"ltr\" class=\"bbc-hhl7in e17g058b0\">El grupo de j\u00f3venes se fue para la estaci\u00f3n, dentro del cerco amurallado. All\u00ed se encontraron con otros m\u00fasicos afro arrestados. Descubrieron que no eran una excepci\u00f3n. \u00abQue esto es lo que pasa todos los d\u00edas\u00bb, dice Valdez. Que pisar el centro de la ciudad es, para los afros, un riesgo.<\/p>\n<\/div>\n<div dir=\"ltr\" class=\"bbc-19j92fr ebmt73l0\" readability=\"10\">\n<p dir=\"ltr\" class=\"bbc-hhl7in e17g058b0\">\u00abSi a usted no le gusta que lo requisen, no salga de la casa\u00bb, recuerda Valdez que les dijeron los polic\u00edas.<\/p>\n<\/div>\n<div dir=\"ltr\" class=\"bbc-19j92fr ebmt73l0\" readability=\"10\">\n<p dir=\"ltr\" class=\"bbc-hhl7in e17g058b0\">Su queja es similar a la de Betty, la palenquera: \u00ab<b>En Cartagena tienen m\u00e1s derechos los turistas que nosotros, los cartageneros<\/b>\u00ab. <\/p>\n<\/div>\n<div dir=\"ltr\" class=\"bbc-19j92fr ebmt73l0\" readability=\"15\">\n<p dir=\"ltr\" class=\"bbc-hhl7in e17g058b0\">Entonces la gente que viene de \u00abla otra Cartagena\u00bb impulsa el desarrollo de la Cartagena de las postales: acude a ella durante el d\u00eda para trabajar en los hoteles, las tiendas, los restaurantes, los eventos, pero si quieren utilizarla como espacio p\u00fablico, en su tiempo de ocio, se les complica. <\/p>\n<\/div>\n<div dir=\"ltr\" class=\"bbc-19j92fr ebmt73l0\" readability=\"11\">\n<p dir=\"ltr\" class=\"bbc-hhl7in e17g058b0\">Muchos cartageneros sienten que su tierra est\u00e1 segregada, partida en dos. \u00bfC\u00f3mo es entonces que una id\u00edlica ciudad amurallada termin\u00f3 aislada, en pleno siglo XXI, de la ciudad real que le rodea? <\/p>\n<\/div>\n<div dir=\"ltr\" class=\"bbc-1ka88fa ebmt73l0\">\n<figure class=\"bbc-1qdcvv9 e1aczekt0\">\n<div dir=\"ltr\" class=\"bbc-172p16q ebmt73l0\">\n<div dir=\"ltr\" class=\"bbc-189y18v ebmt73l0\" readability=\"6.5\">\n<div data-e2e=\"image-placeholder\" class=\"bbc-997y1y eihqrxw0\" readability=\"8\"><noscript><img loading=\"lazy\" sizes=\"(min-width: 1008px) 760px, 100vw\" srcset=\"http:\/\/nuevacordoba.net\/wp-content\/uploads\/2023\/07\/soy-patrimonio-historico-mi-amor-pero-no-puedo-pagar-el-dentista-la-muralla-que-parte-en-dos-a-cartagena-la-ciudad-mas-turistica-de-colombia-39.jpg 240w, http:\/\/nuevacordoba.net\/wp-content\/uploads\/2023\/07\/soy-patrimonio-historico-mi-amor-pero-no-puedo-pagar-el-dentista-la-muralla-que-parte-en-dos-a-cartagena-la-ciudad-mas-turistica-de-colombia-40.jpg 320w, http:\/\/nuevacordoba.net\/wp-content\/uploads\/2023\/07\/soy-patrimonio-historico-mi-amor-pero-no-puedo-pagar-el-dentista-la-muralla-que-parte-en-dos-a-cartagena-la-ciudad-mas-turistica-de-colombia-41.jpg 480w, http:\/\/nuevacordoba.net\/wp-content\/uploads\/2023\/07\/soy-patrimonio-historico-mi-amor-pero-no-puedo-pagar-el-dentista-la-muralla-que-parte-en-dos-a-cartagena-la-ciudad-mas-turistica-de-colombia-42.jpg 624w, http:\/\/nuevacordoba.net\/wp-content\/uploads\/2023\/07\/soy-patrimonio-historico-mi-amor-pero-no-puedo-pagar-el-dentista-la-muralla-que-parte-en-dos-a-cartagena-la-ciudad-mas-turistica-de-colombia-43.jpg 800w\" src=\"http:\/\/nuevacordoba.net\/wp-content\/uploads\/2023\/07\/soy-patrimonio-historico-mi-amor-pero-no-puedo-pagar-el-dentista-la-muralla-que-parte-en-dos-a-cartagena-la-ciudad-mas-turistica-de-colombia-4.jpg\" alt=\"Centro de Cartagena\" width=\"976\" height=\"549\" class=\"e3vrtyk0 bbc-rb7xa0 e1mo64ex0\"><\/noscript><\/p>\n<p role=\"text\" class=\"bbc-1s1cxbv ewbcsnk0\"><span class=\"bbc-m04vo2\">Fuente de la imagen, <\/span><span lang=\"en-GB\">Getty Images<\/span><\/p>\n<\/div>\n<\/div>\n<\/div>\n<\/figure>\n<\/div>\n<p><h2 id=\"La-construcci\u00f3n-de-un-destino-tur\u00edstico-\" tabindex=\"-1\" class=\"bbc-1f03ibc eglt09e0\">La construcci\u00f3n de un destino tur\u00edstico <\/h2>\n<\/p>\n<div dir=\"ltr\" class=\"bbc-19j92fr ebmt73l0\" readability=\"12\">\n<p dir=\"ltr\" class=\"bbc-hhl7in e17g058b0\">En 1943 el centro amurallado era una ruina, un vestigio de la principal sede comercial del imperio espa\u00f1ol en esta zona de Am\u00e9rica. Pocos a\u00f1os antes, incluso, algunas partes de las murallas hab\u00edan sido demolidas porque supuestamente eran centros de propagaci\u00f3n de enfermedades.<\/p>\n<\/div>\n<div dir=\"ltr\" class=\"bbc-19j92fr ebmt73l0\" readability=\"13\">\n<p dir=\"ltr\" class=\"bbc-hhl7in e17g058b0\">Por ese entonces las grandes fuentes de recursos de la ciudad eran \u2014como hoy\u2014 las industrias petroqu\u00edmicas y el puerto, uno de los m\u00e1s grandes de Am\u00e9rica Latina. Pero sus ganancias no eran suficientes \u2014o no se quedaban lo suficiente en Cartagena\u2014 para sacar a la ciudad del estancamiento. Colombia, adem\u00e1s, estaba saliendo de una crisis econ\u00f3mica.<\/p>\n<\/div>\n<div dir=\"ltr\" class=\"bbc-19j92fr ebmt73l0\" readability=\"14\">\n<p dir=\"ltr\" class=\"bbc-hhl7in e17g058b0\">Fue entonces que el turismo surgi\u00f3 como una soluci\u00f3n: el gobierno nacional destin\u00f3 recursos para renovar el patrimonio, se filmaron varias pel\u00edculas \u2014incluida <b>Queimada<\/b>, protagonizada por Marlon Brando\u2014 y los asentamientos aleda\u00f1os al centro amurallado, como el emblem\u00e1tico Chambac\u00fa, empezaron a ser desalojados en lo que muchos denominan \u00ablimpieza social\u00bb. <\/p>\n<\/div>\n<div dir=\"ltr\" class=\"bbc-19j92fr ebmt73l0\" readability=\"9\">\n<p dir=\"ltr\" class=\"bbc-hhl7in e17g058b0\">Se creaba, pues, un destino tur\u00edstico.<\/p>\n<\/div>\n<div dir=\"ltr\" class=\"bbc-19j92fr ebmt73l0\" readability=\"15\">\n<p dir=\"ltr\" class=\"bbc-hhl7in e17g058b0\">\u00ab<b>La convicci\u00f3n de que los monumentos eran el bien m\u00e1s preciado de la ciudad, incluso por encima de la dignidad de sus habitantes, cobr\u00f3 cada vez m\u00e1s fuerza<\/b>\u00ab, argumenta el historiador Francisco Fl\u00f3rez en su ensayo \u00abCulto a la piedra, desprecio a la gente\u00bb, donde detalla las diferentes campa\u00f1as publicitarias para \u00abblanquear\u00bb el centro en busca de un destino. <\/p>\n<\/div>\n<div dir=\"ltr\" class=\"bbc-1ka88fa ebmt73l0\">\n<figure class=\"bbc-1qdcvv9 e1aczekt0\">\n<div dir=\"ltr\" class=\"bbc-172p16q ebmt73l0\">\n<div dir=\"ltr\" class=\"bbc-189y18v ebmt73l0\" readability=\"6.5\">\n<div data-e2e=\"image-placeholder\" class=\"bbc-997y1y eihqrxw0\" readability=\"8\"><noscript><img loading=\"lazy\" sizes=\"(min-width: 1008px) 760px, 100vw\" srcset=\"http:\/\/nuevacordoba.net\/wp-content\/uploads\/2023\/07\/soy-patrimonio-historico-mi-amor-pero-no-puedo-pagar-el-dentista-la-muralla-que-parte-en-dos-a-cartagena-la-ciudad-mas-turistica-de-colombia-44.jpg 240w, http:\/\/nuevacordoba.net\/wp-content\/uploads\/2023\/07\/soy-patrimonio-historico-mi-amor-pero-no-puedo-pagar-el-dentista-la-muralla-que-parte-en-dos-a-cartagena-la-ciudad-mas-turistica-de-colombia-45.jpg 320w, http:\/\/nuevacordoba.net\/wp-content\/uploads\/2023\/07\/soy-patrimonio-historico-mi-amor-pero-no-puedo-pagar-el-dentista-la-muralla-que-parte-en-dos-a-cartagena-la-ciudad-mas-turistica-de-colombia-46.jpg 480w, http:\/\/nuevacordoba.net\/wp-content\/uploads\/2023\/07\/soy-patrimonio-historico-mi-amor-pero-no-puedo-pagar-el-dentista-la-muralla-que-parte-en-dos-a-cartagena-la-ciudad-mas-turistica-de-colombia-47.jpg 624w, http:\/\/nuevacordoba.net\/wp-content\/uploads\/2023\/07\/soy-patrimonio-historico-mi-amor-pero-no-puedo-pagar-el-dentista-la-muralla-que-parte-en-dos-a-cartagena-la-ciudad-mas-turistica-de-colombia-48.jpg 800w\" src=\"http:\/\/nuevacordoba.net\/wp-content\/uploads\/2023\/07\/soy-patrimonio-historico-mi-amor-pero-no-puedo-pagar-el-dentista-la-muralla-que-parte-en-dos-a-cartagena-la-ciudad-mas-turistica-de-colombia-5.jpg\" alt=\"Bocagrande\" width=\"976\" height=\"549\" class=\"e3vrtyk0 bbc-rb7xa0 e1mo64ex0\"><\/noscript><\/p>\n<p role=\"text\" class=\"bbc-1s1cxbv ewbcsnk0\"><span class=\"bbc-m04vo2\">Fuente de la imagen, <\/span><span lang=\"en-GB\">Getty Images<\/span><\/p>\n<\/div>\n<\/div>\n<div dir=\"ltr\" class=\"bbc-3edg7g ebmt73l0\" readability=\"6.5\"><figcaption dir=\"ltr\" class=\"bbc-rhuvwm e6i104o0\" readability=\"3\"><span class=\"bbc-m04vo2\">Pie de foto, <\/span><\/p>\n<p>El boom inmobiliario de Cartagena fue impresionante, pero se dio entre irregularidades. <\/p>\n<\/figcaption><\/div>\n<\/div>\n<\/figure>\n<\/div>\n<div dir=\"ltr\" class=\"bbc-19j92fr ebmt73l0\" readability=\"12\">\n<p dir=\"ltr\" class=\"bbc-hhl7in e17g058b0\">Aunque el verdadero empuje tur\u00edstico de Cartagena solo se dio en los a\u00f1os 80, las iniciativas para acondicionar el patrimonio al ojo extranjero, seg\u00fan los expertos, se originaron antes y se mantienen hasta hoy. <\/p>\n<\/div>\n<div dir=\"ltr\" class=\"bbc-19j92fr ebmt73l0\" readability=\"17\">\n<p dir=\"ltr\" class=\"bbc-hhl7in e17g058b0\">Uno de los casos m\u00e1s emblem\u00e1ticos, pero no el \u00fanico, fue <b>el mercado de Getseman\u00ed<\/b>, una plaza p\u00fablica de arraigo cultural y urbano que fue desplazada en los a\u00f1os 70 para construir, en 1982, un centro de convenciones que hoy alberga conferencias, matrimonios y fiestas, en su mayor\u00eda de inter\u00e9s privado. <\/p>\n<\/div>\n<div dir=\"ltr\" class=\"bbc-19j92fr ebmt73l0\" readability=\"13\">\n<p dir=\"ltr\" class=\"bbc-hhl7in e17g058b0\">En los a\u00f1os 80 y 90, importantes conferencias de organizaciones multinacionales y los anuales festivales de cine y m\u00fasica cl\u00e1sica empujaron la renovaci\u00f3n de los claustros, f\u00e1bricas y escuelas, ahora convertidos en hoteles, restaurantes y espacios para eventos. <\/p>\n<\/div>\n<div dir=\"ltr\" class=\"bbc-19j92fr ebmt73l0\" readability=\"12\">\n<p dir=\"ltr\" class=\"bbc-hhl7in e17g058b0\">Hasta las vendedoras de fruta del centro, provenientes de Palenque, modificaron su parafernalia para alinearla con el turismo: su tradici\u00f3n era vestirse de negro para conmemorar a sus antepasados, pero el negocio prim\u00f3 sobre el luto ancestral.<\/p>\n<\/div>\n<div dir=\"ltr\" class=\"bbc-19j92fr ebmt73l0\" readability=\"13\">\n<p dir=\"ltr\" class=\"bbc-hhl7in e17g058b0\">\u00ab<b>Descubrimos que entre m\u00e1s colores nos pusi\u00e9ramos mejor nos \u00edbamos a ver<\/b>\u00ab, dice Betty Sargado, la palenquera, conocedora de su oficio y su producto de venta. \u00abPorque con los colores oscuros nos \u00edbamos a ver m\u00e1s negritas. Y ah\u00ed fue donde vino la bandera de Colombia y la de Cartagena (para decorar los vestidos)\u00bb. <\/p>\n<\/div>\n<div dir=\"ltr\" class=\"bbc-1ka88fa ebmt73l0\">\n<figure class=\"bbc-1qdcvv9 e1aczekt0\">\n<div dir=\"ltr\" class=\"bbc-172p16q ebmt73l0\">\n<div dir=\"ltr\" class=\"bbc-189y18v ebmt73l0\" readability=\"6.5\">\n<div data-e2e=\"image-placeholder\" class=\"bbc-997y1y eihqrxw0\" readability=\"8\"><noscript><img loading=\"lazy\" sizes=\"(min-width: 1008px) 760px, 100vw\" srcset=\"http:\/\/nuevacordoba.net\/wp-content\/uploads\/2023\/07\/soy-patrimonio-historico-mi-amor-pero-no-puedo-pagar-el-dentista-la-muralla-que-parte-en-dos-a-cartagena-la-ciudad-mas-turistica-de-colombia-49.jpg 240w, http:\/\/nuevacordoba.net\/wp-content\/uploads\/2023\/07\/soy-patrimonio-historico-mi-amor-pero-no-puedo-pagar-el-dentista-la-muralla-que-parte-en-dos-a-cartagena-la-ciudad-mas-turistica-de-colombia-50.jpg 320w, http:\/\/nuevacordoba.net\/wp-content\/uploads\/2023\/07\/soy-patrimonio-historico-mi-amor-pero-no-puedo-pagar-el-dentista-la-muralla-que-parte-en-dos-a-cartagena-la-ciudad-mas-turistica-de-colombia-51.jpg 480w, http:\/\/nuevacordoba.net\/wp-content\/uploads\/2023\/07\/soy-patrimonio-historico-mi-amor-pero-no-puedo-pagar-el-dentista-la-muralla-que-parte-en-dos-a-cartagena-la-ciudad-mas-turistica-de-colombia-52.jpg 624w, http:\/\/nuevacordoba.net\/wp-content\/uploads\/2023\/07\/soy-patrimonio-historico-mi-amor-pero-no-puedo-pagar-el-dentista-la-muralla-que-parte-en-dos-a-cartagena-la-ciudad-mas-turistica-de-colombia-53.jpg 800w\" src=\"http:\/\/nuevacordoba.net\/wp-content\/uploads\/2023\/07\/soy-patrimonio-historico-mi-amor-pero-no-puedo-pagar-el-dentista-la-muralla-que-parte-en-dos-a-cartagena-la-ciudad-mas-turistica-de-colombia-6.jpg\" alt=\"Murallas de Cartagena\" width=\"1012\" height=\"569\" class=\"e3vrtyk0 bbc-rb7xa0 e1mo64ex0\"><\/noscript><\/p>\n<p role=\"text\" class=\"bbc-1s1cxbv ewbcsnk0\"><span class=\"bbc-m04vo2\">Fuente de la imagen, <\/span><span lang=\"en-GB\">Getty Images<\/span><\/p>\n<\/div>\n<\/div>\n<div dir=\"ltr\" class=\"bbc-3edg7g ebmt73l0\" readability=\"6\"><figcaption dir=\"ltr\" class=\"bbc-rhuvwm e6i104o0\" readability=\"2\"><span class=\"bbc-m04vo2\">Pie de foto, <\/span><\/p>\n<p>Cartagena es la ciuda m\u00e1s tur\u00edstica de Colombia.<\/p>\n<\/figcaption><\/div>\n<\/div>\n<\/figure>\n<\/div>\n<div dir=\"ltr\" class=\"bbc-19j92fr ebmt73l0\" readability=\"15\">\n<p dir=\"ltr\" class=\"bbc-hhl7in e17g058b0\">Diana Gede\u00f3n, codirectora de la empresa de turismo m\u00e1s grande de la ciudad, Gema Tours, fue, con su familia, una pieza clave de la construcci\u00f3n de este destino. \u00abEl crecimiento de la empresa fue de la mano con el desarrollo de la ciudad\u00bb, asegura. <\/p>\n<\/div>\n<div dir=\"ltr\" class=\"bbc-19j92fr ebmt73l0\" readability=\"13\">\n<p dir=\"ltr\" class=\"bbc-hhl7in e17g058b0\">Un desarrollo que, admite, no incluy\u00f3 a todos los cartageneros, aunque haya empresas, como Gema Tours, que promueven la movilidad social. <\/p>\n<\/div>\n<div dir=\"ltr\" class=\"bbc-19j92fr ebmt73l0\" readability=\"9\">\n<p dir=\"ltr\" class=\"bbc-hhl7in e17g058b0\">La empresaria invita cada mes a centenares de ni\u00f1os de los barrios populares a hacer \u00ab<b>un tour por la Cartagena patrimonial<\/b>\u00ab, la cual poco o nada conocen. <\/p>\n<\/div>\n<div dir=\"ltr\" class=\"bbc-19j92fr ebmt73l0\" readability=\"13\">\n<p dir=\"ltr\" class=\"bbc-hhl7in e17g058b0\">Cuando le pregunto por el desplazamiento de poblaciones y culturas en pro del turismo, asegura que son gajes normales del desarrollo: \u00abHay ciudades que son m\u00e1s celosas que otras, que cuidan mejor su propiedad, pero ac\u00e1 no fue as\u00ed, el desarrollo se fue dando\u00bb. <\/p>\n<\/div>\n<div dir=\"ltr\" class=\"bbc-19j92fr ebmt73l0\" readability=\"10\">\n<p dir=\"ltr\" class=\"bbc-hhl7in e17g058b0\">Para Gede\u00f3n, si bien todos los presidentes \u00abpusieron su grano de arena para impulsar el turismo de Cartagena, hubo un antes y un despu\u00e9s de \u00c1lvaro Uribe\u00bb. <\/p>\n<\/div>\n<div dir=\"ltr\" class=\"bbc-19j92fr ebmt73l0\" readability=\"15\">\n<p dir=\"ltr\" class=\"bbc-hhl7in e17g058b0\">Uribe, que gobern\u00f3 entre 2002 y 2010, cre\u00f3 robustas entidades para promocionar el pa\u00eds, estableci\u00f3 exenciones tributarias \u2014algunas vigentes\u2014 para quienes comparan y renovaran casas el centro de Cartagena e impuls\u00f3, en alianza con Estados Unidos, una ambiciosa pol\u00edtica de seguridad y antiterrorismo que gener\u00f3 la idea de que \u00ab<b>ahora s\u00ed se puede viajar en Colombia<\/b>\u00ab. <\/p>\n<\/div>\n<div dir=\"ltr\" class=\"bbc-19j92fr ebmt73l0\" readability=\"14\">\n<p dir=\"ltr\" class=\"bbc-hhl7in e17g058b0\">Durante esos a\u00f1os, asimismo, se report\u00f3 la llegada de grupos paramilitares a la ciudad que supuestamente buscaban hacer limpieza social. Investigaciones period\u00edsticas reportan que, en 2003, por ejemplo, los homicidios subieron 47% respecto del a\u00f1o anterior por las acciones de paramilitares. <\/p>\n<\/div>\n<div dir=\"ltr\" class=\"bbc-1ka88fa ebmt73l0\">\n<figure class=\"bbc-1qdcvv9 e1aczekt0\">\n<div dir=\"ltr\" class=\"bbc-172p16q ebmt73l0\">\n<div dir=\"ltr\" class=\"bbc-189y18v ebmt73l0\">\n<div data-e2e=\"image-placeholder\" class=\"bbc-997y1y eihqrxw0\"><noscript><img loading=\"lazy\" sizes=\"(min-width: 1008px) 760px, 100vw\" srcset=\"http:\/\/nuevacordoba.net\/wp-content\/uploads\/2023\/07\/soy-patrimonio-historico-mi-amor-pero-no-puedo-pagar-el-dentista-la-muralla-que-parte-en-dos-a-cartagena-la-ciudad-mas-turistica-de-colombia-54.jpg 240w, http:\/\/nuevacordoba.net\/wp-content\/uploads\/2023\/07\/soy-patrimonio-historico-mi-amor-pero-no-puedo-pagar-el-dentista-la-muralla-que-parte-en-dos-a-cartagena-la-ciudad-mas-turistica-de-colombia-55.jpg 320w, http:\/\/nuevacordoba.net\/wp-content\/uploads\/2023\/07\/soy-patrimonio-historico-mi-amor-pero-no-puedo-pagar-el-dentista-la-muralla-que-parte-en-dos-a-cartagena-la-ciudad-mas-turistica-de-colombia-56.jpg 480w, http:\/\/nuevacordoba.net\/wp-content\/uploads\/2023\/07\/soy-patrimonio-historico-mi-amor-pero-no-puedo-pagar-el-dentista-la-muralla-que-parte-en-dos-a-cartagena-la-ciudad-mas-turistica-de-colombia-57.jpg 624w, http:\/\/nuevacordoba.net\/wp-content\/uploads\/2023\/07\/soy-patrimonio-historico-mi-amor-pero-no-puedo-pagar-el-dentista-la-muralla-que-parte-en-dos-a-cartagena-la-ciudad-mas-turistica-de-colombia-58.jpg 800w\" src=\"http:\/\/nuevacordoba.net\/wp-content\/uploads\/2023\/07\/soy-patrimonio-historico-mi-amor-pero-no-puedo-pagar-el-dentista-la-muralla-que-parte-en-dos-a-cartagena-la-ciudad-mas-turistica-de-colombia-7.jpg\" alt=\"Diana Gede\u00f3n\" width=\"976\" height=\"549\" class=\"e3vrtyk0 bbc-rb7xa0 e1mo64ex0\"><\/noscript><\/div>\n<\/div>\n<div dir=\"ltr\" class=\"bbc-3edg7g ebmt73l0\" readability=\"6.5\"><figcaption dir=\"ltr\" class=\"bbc-rhuvwm e6i104o0\" readability=\"3\"><span class=\"bbc-m04vo2\">Pie de foto, <\/span><\/p>\n<p>Diana Gede\u00f3n es una de las empresarias m\u00e1s h\u00e1biles de Cartagena. Se conoce cada etapa de la cadena del turismo. No hay festival que no cuente con su gesti\u00f3n. <\/p>\n<\/figcaption><\/div>\n<\/div>\n<\/figure>\n<\/div>\n<div dir=\"ltr\" class=\"bbc-19j92fr ebmt73l0\" readability=\"10\">\n<p dir=\"ltr\" class=\"bbc-hhl7in e17g058b0\">\u00abDesde la creaci\u00f3n del destino tur\u00edstico toda la pol\u00edtica p\u00fablica en Cartagena se volc\u00f3 al turismo\u00bb, dice Camilo Rey, un ge\u00f3grafo y economista cartagenero. <\/p>\n<\/div>\n<div dir=\"ltr\" class=\"bbc-19j92fr ebmt73l0\" readability=\"9\">\n<p dir=\"ltr\" class=\"bbc-hhl7in e17g058b0\">\u00abY eso no solo gener\u00f3 la idea de que hay dos ciudades, sino que se hizo bajo una premisa que no es cierta: que es la mayor fuente de ingresos\u00bb. <\/p>\n<\/div>\n<div dir=\"ltr\" class=\"bbc-19j92fr ebmt73l0\" readability=\"9\">\n<p dir=\"ltr\" class=\"bbc-hhl7in e17g058b0\">La industria petroqu\u00edmica pag\u00f3 el doble de impuestos y gener\u00f3 el doble de trabajos que el sector hotelero entre 1990 y 2010, seg\u00fan una investigaci\u00f3n del economista Aar\u00f3n Espinosa. <\/p>\n<\/div>\n<div dir=\"ltr\" class=\"bbc-19j92fr ebmt73l0\" readability=\"11\">\n<p dir=\"ltr\" class=\"bbc-hhl7in e17g058b0\">Hoy, seg\u00fan cifras de la C\u00e1mara de Comercio de la ciudad, la petroqu\u00edmica genera un cuarto de los empleos que crea el turismo, pero diez veces m\u00e1s ingresos. <\/p>\n<\/div>\n<div dir=\"ltr\" class=\"bbc-19j92fr ebmt73l0\" readability=\"16\">\n<p dir=\"ltr\" class=\"bbc-hhl7in e17g058b0\">O, dicho de otro modo: <b>de las cinco actividades m\u00e1s pujantes de la ciudad \u2014agricultura, construcci\u00f3n, puerto, petroqu\u00edmica y turismo\u2014, es esta \u00faltima la que menos ganancias, y por ende menos impuestos, genera<\/b>. <\/p>\n<\/div>\n<div dir=\"ltr\" class=\"bbc-19j92fr ebmt73l0\" readability=\"13\">\n<p dir=\"ltr\" class=\"bbc-hhl7in e17g058b0\">Y aunque el turismo es la mayor fuente de trabajo, un 40% del total, m\u00e1s de la mitad de esos empleos, el 60%, son informales, de acuerdo a cifras oficiales.<\/p>\n<\/div>\n<div dir=\"ltr\" class=\"bbc-1ka88fa ebmt73l0\">\n<figure class=\"bbc-1qdcvv9 e1aczekt0\">\n<div dir=\"ltr\" class=\"bbc-172p16q ebmt73l0\">\n<div dir=\"ltr\" class=\"bbc-189y18v ebmt73l0\" readability=\"6.5\">\n<div data-e2e=\"image-placeholder\" class=\"bbc-997y1y eihqrxw0\" readability=\"8\"><noscript><img loading=\"lazy\" sizes=\"(min-width: 1008px) 760px, 100vw\" srcset=\"http:\/\/nuevacordoba.net\/wp-content\/uploads\/2023\/07\/soy-patrimonio-historico-mi-amor-pero-no-puedo-pagar-el-dentista-la-muralla-que-parte-en-dos-a-cartagena-la-ciudad-mas-turistica-de-colombia-59.jpg 240w, http:\/\/nuevacordoba.net\/wp-content\/uploads\/2023\/07\/soy-patrimonio-historico-mi-amor-pero-no-puedo-pagar-el-dentista-la-muralla-que-parte-en-dos-a-cartagena-la-ciudad-mas-turistica-de-colombia-60.jpg 320w, http:\/\/nuevacordoba.net\/wp-content\/uploads\/2023\/07\/soy-patrimonio-historico-mi-amor-pero-no-puedo-pagar-el-dentista-la-muralla-que-parte-en-dos-a-cartagena-la-ciudad-mas-turistica-de-colombia-61.jpg 480w, http:\/\/nuevacordoba.net\/wp-content\/uploads\/2023\/07\/soy-patrimonio-historico-mi-amor-pero-no-puedo-pagar-el-dentista-la-muralla-que-parte-en-dos-a-cartagena-la-ciudad-mas-turistica-de-colombia-62.jpg 624w, http:\/\/nuevacordoba.net\/wp-content\/uploads\/2023\/07\/soy-patrimonio-historico-mi-amor-pero-no-puedo-pagar-el-dentista-la-muralla-que-parte-en-dos-a-cartagena-la-ciudad-mas-turistica-de-colombia-63.jpg 800w\" src=\"http:\/\/nuevacordoba.net\/wp-content\/uploads\/2023\/07\/soy-patrimonio-historico-mi-amor-pero-no-puedo-pagar-el-dentista-la-muralla-que-parte-en-dos-a-cartagena-la-ciudad-mas-turistica-de-colombia-8.jpg\" alt=\"Cartagena\" width=\"976\" height=\"549\" class=\"e3vrtyk0 bbc-rb7xa0 e1mo64ex0\"><\/noscript><\/p>\n<p role=\"text\" class=\"bbc-1s1cxbv ewbcsnk0\"><span class=\"bbc-m04vo2\">Fuente de la imagen, <\/span><span lang=\"en-GB\">Getty Images<\/span><\/p>\n<\/div>\n<\/div>\n<div dir=\"ltr\" class=\"bbc-3edg7g ebmt73l0\" readability=\"6.5\"><figcaption dir=\"ltr\" class=\"bbc-rhuvwm e6i104o0\" readability=\"3\"><span class=\"bbc-m04vo2\">Pie de foto, <\/span><\/p>\n<p>De las grandes capitales de Colombia, Cartagena tiene los \u00ednidices de pobreza m\u00e1s altos. <\/p>\n<\/figcaption><\/div>\n<\/div>\n<\/figure>\n<\/div>\n<p><h2 id=\"Riqueza-para-una-sola-Cartagena\" tabindex=\"-1\" class=\"bbc-1f03ibc eglt09e0\">Riqueza para una sola Cartagena<\/h2>\n<\/p>\n<div dir=\"ltr\" class=\"bbc-19j92fr ebmt73l0\" readability=\"9\">\n<p dir=\"ltr\" class=\"bbc-hhl7in e17g058b0\">Adem\u00e1s del atributo hist\u00f3rico y est\u00e9tico del llamado \u00abCorralito de Piedra\u00bb, el atractivo de Cartagena es su naturaleza.<\/p>\n<\/div>\n<div dir=\"ltr\" class=\"bbc-19j92fr ebmt73l0\" readability=\"10\">\n<p dir=\"ltr\" class=\"bbc-hhl7in e17g058b0\">Rodeada por ci\u00e9nagas, canales y una esplendorosa bah\u00eda, ac\u00e1 confluyen varios complejos de agua que permiten la \u00e1gil interacci\u00f3n del interior del pa\u00eds con el mar Caribe. <\/p>\n<\/div>\n<div dir=\"ltr\" class=\"bbc-19j92fr ebmt73l0\" readability=\"7\">\n<p dir=\"ltr\" class=\"bbc-hhl7in e17g058b0\">Tambi\u00e9n hay una luminosidad que hace de <b>cualquier pedazo de piedra una imagen fotog\u00e9nica<\/b>. <\/p>\n<\/div>\n<div dir=\"ltr\" class=\"bbc-19j92fr ebmt73l0\" readability=\"9\">\n<p dir=\"ltr\" class=\"bbc-hhl7in e17g058b0\">Su lugar estrat\u00e9gico la convirti\u00f3 en uno de los puertos \u2014comercial, pero tambi\u00e9n de esclavos\u2014 m\u00e1s din\u00e1micos de las Am\u00e9ricas. <\/p>\n<\/div>\n<div dir=\"ltr\" class=\"bbc-19j92fr ebmt73l0\" readability=\"10\">\n<p dir=\"ltr\" class=\"bbc-hhl7in e17g058b0\">Al ser un conjunto de pen\u00ednsulas, la ciudad parece anclada en mar abierto, lo que genera una concurrencia de vientos que refrescan los 30 y 40 grados cent\u00edgrados.<\/p>\n<\/div>\n<div dir=\"ltr\" class=\"bbc-1ka88fa ebmt73l0\">\n<figure class=\"bbc-1qdcvv9 e1aczekt0\">\n<div dir=\"ltr\" class=\"bbc-172p16q ebmt73l0\">\n<div dir=\"ltr\" class=\"bbc-189y18v ebmt73l0\" readability=\"6.5\">\n<div data-e2e=\"image-placeholder\" class=\"bbc-997y1y eihqrxw0\" readability=\"8\"><noscript><img loading=\"lazy\" sizes=\"(min-width: 1008px) 760px, 100vw\" srcset=\"http:\/\/nuevacordoba.net\/wp-content\/uploads\/2023\/07\/soy-patrimonio-historico-mi-amor-pero-no-puedo-pagar-el-dentista-la-muralla-que-parte-en-dos-a-cartagena-la-ciudad-mas-turistica-de-colombia-64.jpg 240w, http:\/\/nuevacordoba.net\/wp-content\/uploads\/2023\/07\/soy-patrimonio-historico-mi-amor-pero-no-puedo-pagar-el-dentista-la-muralla-que-parte-en-dos-a-cartagena-la-ciudad-mas-turistica-de-colombia-65.jpg 320w, http:\/\/nuevacordoba.net\/wp-content\/uploads\/2023\/07\/soy-patrimonio-historico-mi-amor-pero-no-puedo-pagar-el-dentista-la-muralla-que-parte-en-dos-a-cartagena-la-ciudad-mas-turistica-de-colombia-66.jpg 480w, http:\/\/nuevacordoba.net\/wp-content\/uploads\/2023\/07\/soy-patrimonio-historico-mi-amor-pero-no-puedo-pagar-el-dentista-la-muralla-que-parte-en-dos-a-cartagena-la-ciudad-mas-turistica-de-colombia-67.jpg 624w, http:\/\/nuevacordoba.net\/wp-content\/uploads\/2023\/07\/soy-patrimonio-historico-mi-amor-pero-no-puedo-pagar-el-dentista-la-muralla-que-parte-en-dos-a-cartagena-la-ciudad-mas-turistica-de-colombia-68.jpg 800w\" src=\"http:\/\/nuevacordoba.net\/wp-content\/uploads\/2023\/07\/soy-patrimonio-historico-mi-amor-pero-no-puedo-pagar-el-dentista-la-muralla-que-parte-en-dos-a-cartagena-la-ciudad-mas-turistica-de-colombia-9.jpg\" alt=\"Cartagena\" width=\"976\" height=\"549\" class=\"e3vrtyk0 bbc-rb7xa0 e1mo64ex0\"><\/noscript><\/p>\n<p role=\"text\" class=\"bbc-1s1cxbv ewbcsnk0\"><span class=\"bbc-m04vo2\">Fuente de la imagen, <\/span><span lang=\"en-GB\">Getty Images<\/span><\/p>\n<\/div>\n<\/div>\n<div dir=\"ltr\" class=\"bbc-3edg7g ebmt73l0\" readability=\"8\"><figcaption dir=\"ltr\" class=\"bbc-rhuvwm e6i104o0\" readability=\"6\"><span class=\"bbc-m04vo2\">Pie de foto, <\/span><\/p>\n<p>\u00abMe bast\u00f3 con dar un paso dentro de la muralla para verla en toda su grandeza a la luz malva de las 6 de la tarde, y no pude reprimir el sentimiento de haber vuelto a nacer\u00bb, escribi\u00f3 Gabriel Garc\u00eda M\u00e1rquez. <\/p>\n<\/figcaption><\/div>\n<\/div>\n<\/figure>\n<\/div>\n<div dir=\"ltr\" class=\"bbc-19j92fr ebmt73l0\" readability=\"7\">\n<p dir=\"ltr\" class=\"bbc-hhl7in e17g058b0\">Pero esa geograf\u00eda que trae cientos de miles de turistas al a\u00f1o tambi\u00e9n es un desaf\u00edo.<\/p>\n<\/div>\n<div dir=\"ltr\" class=\"bbc-19j92fr ebmt73l0\" readability=\"12\">\n<p dir=\"ltr\" class=\"bbc-hhl7in e17g058b0\">La mayor\u00eda de sus suelos est\u00e1n por debajo del nivel del mar y muchos de ellos son construcciones del hombre, que, artesanal o industrialmente, ha ido poniendo escombros en las orillas para expandir la tierra con la acumulaci\u00f3n de sedimentos. <\/p>\n<\/div>\n<div dir=\"ltr\" class=\"bbc-19j92fr ebmt73l0\" readability=\"13\">\n<p dir=\"ltr\" class=\"bbc-hhl7in e17g058b0\">Hoy el 60% de las costas de la ciudad est\u00e1n amenazadas por la erosi\u00f3n, que solo promete aumentar por el cambio clim\u00e1tico. <b>Cada vez que llueve, las calles se inundan, el tr\u00e1fico colapsa, las alcantarillas se rebosan<\/b>.<\/p>\n<\/div>\n<div dir=\"ltr\" class=\"bbc-19j92fr ebmt73l0\" readability=\"10\">\n<p dir=\"ltr\" class=\"bbc-hhl7in e17g058b0\">La infraestructura de Cartagena es quiz\u00e1 la mayor queja de sus habitantes, que tienen una de las tasas de parques por persona m\u00e1s bajas del pa\u00eds y pocos espacios para practicar sus deportes tradicionales: el b\u00e9isbol y el patinaje de velocidad. <\/p>\n<\/div>\n<div dir=\"ltr\" class=\"bbc-19j92fr ebmt73l0\" readability=\"15\">\n<p dir=\"ltr\" class=\"bbc-hhl7in e17g058b0\">A la zona dedicada para la recreaci\u00f3n, el centro amurallado, no pueden entrar en moto, el veh\u00edculo m\u00e1s usado, y son escasos, por no decir ninguno, los restaurantes de comida puramente cartagenera que en el mismo se encuentran. <\/p>\n<\/div>\n<div dir=\"ltr\" class=\"bbc-1ka88fa ebmt73l0\">\n<figure class=\"bbc-1qdcvv9 e1aczekt0\">\n<div dir=\"ltr\" class=\"bbc-172p16q ebmt73l0\">\n<div dir=\"ltr\" class=\"bbc-189y18v ebmt73l0\" readability=\"6.5\">\n<div data-e2e=\"image-placeholder\" class=\"bbc-997y1y eihqrxw0\" readability=\"8\"><noscript><img loading=\"lazy\" sizes=\"(min-width: 1008px) 760px, 100vw\" srcset=\"http:\/\/nuevacordoba.net\/wp-content\/uploads\/2023\/07\/soy-patrimonio-historico-mi-amor-pero-no-puedo-pagar-el-dentista-la-muralla-que-parte-en-dos-a-cartagena-la-ciudad-mas-turistica-de-colombia-69.jpg 240w, http:\/\/nuevacordoba.net\/wp-content\/uploads\/2023\/07\/soy-patrimonio-historico-mi-amor-pero-no-puedo-pagar-el-dentista-la-muralla-que-parte-en-dos-a-cartagena-la-ciudad-mas-turistica-de-colombia-70.jpg 320w, http:\/\/nuevacordoba.net\/wp-content\/uploads\/2023\/07\/soy-patrimonio-historico-mi-amor-pero-no-puedo-pagar-el-dentista-la-muralla-que-parte-en-dos-a-cartagena-la-ciudad-mas-turistica-de-colombia-71.jpg 480w, http:\/\/nuevacordoba.net\/wp-content\/uploads\/2023\/07\/soy-patrimonio-historico-mi-amor-pero-no-puedo-pagar-el-dentista-la-muralla-que-parte-en-dos-a-cartagena-la-ciudad-mas-turistica-de-colombia-72.jpg 624w, http:\/\/nuevacordoba.net\/wp-content\/uploads\/2023\/07\/soy-patrimonio-historico-mi-amor-pero-no-puedo-pagar-el-dentista-la-muralla-que-parte-en-dos-a-cartagena-la-ciudad-mas-turistica-de-colombia-73.jpg 800w\" src=\"http:\/\/nuevacordoba.net\/wp-content\/uploads\/2023\/07\/soy-patrimonio-historico-mi-amor-pero-no-puedo-pagar-el-dentista-la-muralla-que-parte-en-dos-a-cartagena-la-ciudad-mas-turistica-de-colombia-10.jpg\" alt=\"Cartagena\" width=\"976\" height=\"549\" class=\"e3vrtyk0 bbc-rb7xa0 e1mo64ex0\"><\/noscript><\/p>\n<p role=\"text\" class=\"bbc-1s1cxbv ewbcsnk0\"><span class=\"bbc-m04vo2\">Fuente de la imagen, <\/span><span lang=\"en-GB\">Getty Images<\/span><\/p>\n<\/div>\n<\/div>\n<div dir=\"ltr\" class=\"bbc-3edg7g ebmt73l0\" readability=\"6.5\"><figcaption dir=\"ltr\" class=\"bbc-rhuvwm e6i104o0\" readability=\"3\"><span class=\"bbc-m04vo2\">Pie de foto, <\/span><\/p>\n<p>Adem\u00e1s de la pobreza, a Cartagena en los \u00faltimos a\u00f1os la ha azotado una ola de violencia. <\/p>\n<\/figcaption><\/div>\n<\/div>\n<\/figure>\n<\/div>\n<div dir=\"ltr\" class=\"bbc-19j92fr ebmt73l0\" readability=\"16\">\n<p dir=\"ltr\" class=\"bbc-hhl7in e17g058b0\">El boom inmobiliario que gener\u00f3 el turismo en los a\u00f1os 90, con altos edificios blancos en zonas aleda\u00f1as al centro, fue parcialmente impulsado por inversionistas extranjeros y, seg\u00fan expedientes judiciales, por la econom\u00eda del narcotr\u00e1fico, interesada en lavar capitales. Decenas de edificios se hicieron sin licencia, generando derrumbes que costaron vidas o construcciones que luego debieron ser demolidas. <\/p>\n<\/div>\n<div dir=\"ltr\" class=\"bbc-19j92fr ebmt73l0\" readability=\"10\">\n<p dir=\"ltr\" class=\"bbc-hhl7in e17g058b0\">Algunos barrios de Cartagena parecen Miami, pero otros presentan tasas de d\u00e9ficit habitacional similares a las del Choc\u00f3 y la Guajira, los departamentos m\u00e1s pobres del pa\u00eds. <\/p>\n<\/div>\n<div dir=\"ltr\" class=\"bbc-19j92fr ebmt73l0\" readability=\"11\">\n<p dir=\"ltr\" class=\"bbc-hhl7in e17g058b0\">Y a esto se suma una<b> situaci\u00f3n educativa cr\u00edtica: en todos los indicadores, el desempe\u00f1o educativo de la ciudad es peor que el del promedio naciona<\/b>l. Est\u00e1 al nivel de las regiones con las econom\u00edas m\u00e1s pobres, pero en una de las econom\u00edas m\u00e1s ricas. <\/p>\n<\/div>\n<div dir=\"ltr\" class=\"bbc-1ka88fa ebmt73l0\">\n<figure class=\"bbc-1qdcvv9 e1aczekt0\">\n<div dir=\"ltr\" class=\"bbc-172p16q ebmt73l0\">\n<div dir=\"ltr\" class=\"bbc-189y18v ebmt73l0\" readability=\"6.5\">\n<div data-e2e=\"image-placeholder\" class=\"bbc-997y1y eihqrxw0\" readability=\"8\"><noscript><img loading=\"lazy\" sizes=\"(min-width: 1008px) 760px, 100vw\" srcset=\"http:\/\/nuevacordoba.net\/wp-content\/uploads\/2023\/07\/soy-patrimonio-historico-mi-amor-pero-no-puedo-pagar-el-dentista-la-muralla-que-parte-en-dos-a-cartagena-la-ciudad-mas-turistica-de-colombia-74.jpg 240w, http:\/\/nuevacordoba.net\/wp-content\/uploads\/2023\/07\/soy-patrimonio-historico-mi-amor-pero-no-puedo-pagar-el-dentista-la-muralla-que-parte-en-dos-a-cartagena-la-ciudad-mas-turistica-de-colombia-75.jpg 320w, http:\/\/nuevacordoba.net\/wp-content\/uploads\/2023\/07\/soy-patrimonio-historico-mi-amor-pero-no-puedo-pagar-el-dentista-la-muralla-que-parte-en-dos-a-cartagena-la-ciudad-mas-turistica-de-colombia-76.jpg 480w, http:\/\/nuevacordoba.net\/wp-content\/uploads\/2023\/07\/soy-patrimonio-historico-mi-amor-pero-no-puedo-pagar-el-dentista-la-muralla-que-parte-en-dos-a-cartagena-la-ciudad-mas-turistica-de-colombia-77.jpg 624w, http:\/\/nuevacordoba.net\/wp-content\/uploads\/2023\/07\/soy-patrimonio-historico-mi-amor-pero-no-puedo-pagar-el-dentista-la-muralla-que-parte-en-dos-a-cartagena-la-ciudad-mas-turistica-de-colombia-78.jpg 800w\" src=\"http:\/\/nuevacordoba.net\/wp-content\/uploads\/2023\/07\/soy-patrimonio-historico-mi-amor-pero-no-puedo-pagar-el-dentista-la-muralla-que-parte-en-dos-a-cartagena-la-ciudad-mas-turistica-de-colombia-11.jpg\" alt=\"Cartagena\" width=\"976\" height=\"549\" class=\"e3vrtyk0 bbc-rb7xa0 e1mo64ex0\"><\/noscript><\/p>\n<p role=\"text\" class=\"bbc-1s1cxbv ewbcsnk0\"><span class=\"bbc-m04vo2\">Fuente de la imagen, <\/span><span lang=\"en-GB\">Getty Images<\/span><\/p>\n<\/div>\n<\/div>\n<div dir=\"ltr\" class=\"bbc-3edg7g ebmt73l0\" readability=\"6\"><figcaption dir=\"ltr\" class=\"bbc-rhuvwm e6i104o0\" readability=\"2\"><span class=\"bbc-m04vo2\">Pie de foto, <\/span><\/p>\n<p>As\u00ed se ven los afiches que invitan a las fiestas de <i class=\"bbc-h1y5j7 eih42320\">pic\u00f3. <\/i><\/p>\n<\/figcaption><\/div>\n<\/div>\n<\/figure>\n<\/div>\n<p><h2 id=\"Un-Estado-local-fallido\" tabindex=\"-1\" class=\"bbc-1f03ibc eglt09e0\">Un Estado (local) fallido<\/h2>\n<\/p>\n<div dir=\"ltr\" class=\"bbc-19j92fr ebmt73l0\" readability=\"16\">\n<p dir=\"ltr\" class=\"bbc-hhl7in e17g058b0\">La Alcald\u00eda de Cartagena es uno de los pocos edificios que est\u00e1 construido sobre la fortificaci\u00f3n de pierda. Blanco, con balcones rojos de madera y tejas de barro en el techo, el edificio alberga la oficina del mandatario de la ciudad, desde la cual se puede acceder a una secci\u00f3n reservada de la muralla y ver la bah\u00eda, el Centro de Convenciones y, un poco m\u00e1s all\u00e1, \u00abla otra Cartagena\u00bb.<\/p>\n<\/div>\n<div dir=\"ltr\" class=\"bbc-19j92fr ebmt73l0\" readability=\"9\">\n<p dir=\"ltr\" class=\"bbc-hhl7in e17g058b0\">Entre los expertos consultados hay cierto consenso de que el gobierno de Cartagena es un Estado fallido. La pol\u00edtica local est\u00e1 infestada de corrupci\u00f3n e infiltrada por castas familiares y empresariales de otras regiones. <\/p>\n<\/div>\n<div dir=\"ltr\" class=\"bbc-19j92fr ebmt73l0\" readability=\"11\">\n<p dir=\"ltr\" class=\"bbc-hhl7in e17g058b0\">El actual alcalde, William Dau, probablemente sea al final de este a\u00f1o el primer mandatario distrital en terminar su mandato en 12 a\u00f1os. <b>Los ocho alcaldes anteriores fueron destituidos por incompetencia o corrupci\u00f3n. Varios han pasado por la c\u00e1rcel. <\/b><\/p>\n<\/div>\n<div dir=\"ltr\" class=\"bbc-19j92fr ebmt73l0\" readability=\"10\">\n<p dir=\"ltr\" class=\"bbc-hhl7in e17g058b0\">Elegido en nombre de la lucha contra la corrupci\u00f3n, Dau tiene a todos los diputados del Consejo en su contra, muchos de sus funcionarios renunciaron y casi no ha podido ejecutar obras. <\/p>\n<\/div>\n<div dir=\"ltr\" class=\"bbc-1ka88fa ebmt73l0\">\n<figure class=\"bbc-1qdcvv9 e1aczekt0\">\n<div dir=\"ltr\" class=\"bbc-172p16q ebmt73l0\">\n<div dir=\"ltr\" class=\"bbc-189y18v ebmt73l0\">\n<div data-e2e=\"image-placeholder\" class=\"bbc-997y1y eihqrxw0\"><noscript><img loading=\"lazy\" sizes=\"(min-width: 1008px) 760px, 100vw\" srcset=\"http:\/\/nuevacordoba.net\/wp-content\/uploads\/2023\/07\/soy-patrimonio-historico-mi-amor-pero-no-puedo-pagar-el-dentista-la-muralla-que-parte-en-dos-a-cartagena-la-ciudad-mas-turistica-de-colombia-79.jpg 240w, http:\/\/nuevacordoba.net\/wp-content\/uploads\/2023\/07\/soy-patrimonio-historico-mi-amor-pero-no-puedo-pagar-el-dentista-la-muralla-que-parte-en-dos-a-cartagena-la-ciudad-mas-turistica-de-colombia-80.jpg 320w, http:\/\/nuevacordoba.net\/wp-content\/uploads\/2023\/07\/soy-patrimonio-historico-mi-amor-pero-no-puedo-pagar-el-dentista-la-muralla-que-parte-en-dos-a-cartagena-la-ciudad-mas-turistica-de-colombia-81.jpg 480w, http:\/\/nuevacordoba.net\/wp-content\/uploads\/2023\/07\/soy-patrimonio-historico-mi-amor-pero-no-puedo-pagar-el-dentista-la-muralla-que-parte-en-dos-a-cartagena-la-ciudad-mas-turistica-de-colombia-82.jpg 624w, http:\/\/nuevacordoba.net\/wp-content\/uploads\/2023\/07\/soy-patrimonio-historico-mi-amor-pero-no-puedo-pagar-el-dentista-la-muralla-que-parte-en-dos-a-cartagena-la-ciudad-mas-turistica-de-colombia-83.jpg 800w\" src=\"http:\/\/nuevacordoba.net\/wp-content\/uploads\/2023\/07\/soy-patrimonio-historico-mi-amor-pero-no-puedo-pagar-el-dentista-la-muralla-que-parte-en-dos-a-cartagena-la-ciudad-mas-turistica-de-colombia-12.jpg\" alt=\"William Dau\" width=\"976\" height=\"549\" class=\"e3vrtyk0 bbc-rb7xa0 e1mo64ex0\"><\/noscript><\/div>\n<\/div>\n<div dir=\"ltr\" class=\"bbc-3edg7g ebmt73l0\" readability=\"7\"><figcaption dir=\"ltr\" class=\"bbc-rhuvwm e6i104o0\" readability=\"4\"><span class=\"bbc-m04vo2\">Pie de foto, <\/span><\/p>\n<p>Dau se caracteriza por decir lo que piensa sin tapujos, pero su vehemencia en contra de todo el sistema pol\u00edtico lo ha aislado. <\/p>\n<\/figcaption><\/div>\n<\/div>\n<\/figure>\n<\/div>\n<div dir=\"ltr\" class=\"bbc-19j92fr ebmt73l0\" readability=\"14\">\n<p dir=\"ltr\" class=\"bbc-hhl7in e17g058b0\">Su legado, le dijo a BBC Mundo, es el saneamiento de las finanzas p\u00fablicas: \u00abAc\u00e1 hab\u00eda un pacto t\u00e1cito entre los empresarios y los pol\u00edticos para no atacarse entre ellos. &#8216;Yo dejo que t\u00fa sigas robando y t\u00fa no me tocas mis empresas&#8217; (\u2026) <b>Cuando yo llegu\u00e9 a la alcald\u00eda, el 70% del presupuesto se perd\u00eda en corrupci\u00f3n<\/b>, pero ya vamos moralizando la administraci\u00f3n p\u00fablica\u00bb. <\/p>\n<\/div>\n<div dir=\"ltr\" class=\"bbc-19j92fr ebmt73l0\" readability=\"13\">\n<p dir=\"ltr\" class=\"bbc-hhl7in e17g058b0\">Pero Dau, con n\u00fameros rojos en las encuestas e investigado por 20 cargos disciplinarios en \u00f3rganos estatales, estima que su limpieza se quedar\u00e1 corta: \u00abHay tanto atraso que corregir que no se puede hacer todo en 4 a\u00f1os. Aqu\u00ed todos los proyectos terminan en elefantes blancos (construcciones sin concluir) porque falta planeaci\u00f3n, porque todo lo hicieron chamboneado (improvisado)\u00bb. <\/p>\n<\/div>\n<div dir=\"ltr\" class=\"bbc-19j92fr ebmt73l0\" readability=\"13\">\n<p dir=\"ltr\" class=\"bbc-hhl7in e17g058b0\">Para \u00e9l, la riqueza de Cartagena no se ha traducido en bienestar general porque a los pol\u00edticos no les interesa: \u00abLa idea ac\u00e1 no es pensar en el conjunto de la gente, sino c\u00f3mo explotar la belleza de la ciudad para fines privados. <b>La gente es vista como un animalito, un insumo en una cadena de producci\u00f3n<\/b>\u00ab. <\/p>\n<\/div>\n<div dir=\"ltr\" class=\"bbc-19j92fr ebmt73l0\" readability=\"9\">\n<p dir=\"ltr\" class=\"bbc-hhl7in e17g058b0\">\u00abEso de que la Cartagena rica abastece a los pobres no es cierto\u00bb, dice el alcalde. \u00abSin los negritos ellos no podr\u00edan tener sus hoteles ni sus restaurantes\u00bb. <\/p>\n<\/div>\n<div dir=\"ltr\" class=\"bbc-1ka88fa ebmt73l0\">\n<figure class=\"bbc-1qdcvv9 e1aczekt0\">\n<div dir=\"ltr\" class=\"bbc-172p16q ebmt73l0\">\n<div dir=\"ltr\" class=\"bbc-189y18v ebmt73l0\">\n<div data-e2e=\"image-placeholder\" class=\"bbc-997y1y eihqrxw0\"><noscript><img loading=\"lazy\" sizes=\"(min-width: 1008px) 760px, 100vw\" srcset=\"http:\/\/nuevacordoba.net\/wp-content\/uploads\/2023\/07\/soy-patrimonio-historico-mi-amor-pero-no-puedo-pagar-el-dentista-la-muralla-que-parte-en-dos-a-cartagena-la-ciudad-mas-turistica-de-colombia-84.jpg 240w, http:\/\/nuevacordoba.net\/wp-content\/uploads\/2023\/07\/soy-patrimonio-historico-mi-amor-pero-no-puedo-pagar-el-dentista-la-muralla-que-parte-en-dos-a-cartagena-la-ciudad-mas-turistica-de-colombia-85.jpg 320w, http:\/\/nuevacordoba.net\/wp-content\/uploads\/2023\/07\/soy-patrimonio-historico-mi-amor-pero-no-puedo-pagar-el-dentista-la-muralla-que-parte-en-dos-a-cartagena-la-ciudad-mas-turistica-de-colombia-86.jpg 480w, http:\/\/nuevacordoba.net\/wp-content\/uploads\/2023\/07\/soy-patrimonio-historico-mi-amor-pero-no-puedo-pagar-el-dentista-la-muralla-que-parte-en-dos-a-cartagena-la-ciudad-mas-turistica-de-colombia-87.jpg 624w, http:\/\/nuevacordoba.net\/wp-content\/uploads\/2023\/07\/soy-patrimonio-historico-mi-amor-pero-no-puedo-pagar-el-dentista-la-muralla-que-parte-en-dos-a-cartagena-la-ciudad-mas-turistica-de-colombia-88.jpg 800w\" src=\"http:\/\/nuevacordoba.net\/wp-content\/uploads\/2023\/07\/soy-patrimonio-historico-mi-amor-pero-no-puedo-pagar-el-dentista-la-muralla-que-parte-en-dos-a-cartagena-la-ciudad-mas-turistica-de-colombia-13.jpg\" alt=\"Barrio de Cartagena\" width=\"976\" height=\"549\" class=\"e3vrtyk0 bbc-rb7xa0 e1mo64ex0\"><\/noscript><\/div>\n<\/div>\n<div dir=\"ltr\" class=\"bbc-3edg7g ebmt73l0\" readability=\"6\"><figcaption dir=\"ltr\" class=\"bbc-rhuvwm e6i104o0\" readability=\"2\"><span class=\"bbc-m04vo2\">Pie de foto, <\/span><\/p>\n<p>Cartagena tiene unos de los barrios m\u00e1s ricos de Colombia as\u00ed como algunos de los m\u00e1s pobres. <\/p>\n<\/figcaption><\/div>\n<\/div>\n<\/figure>\n<\/div>\n<p><h2 id=\"El-centro-tomado-por-el-turismo-sexual-\" tabindex=\"-1\" class=\"bbc-1f03ibc eglt09e0\">El centro tomado por el turismo sexual <\/h2>\n<\/p>\n<div dir=\"ltr\" class=\"bbc-19j92fr ebmt73l0\" readability=\"10\">\n<p dir=\"ltr\" class=\"bbc-hhl7in e17g058b0\">En el censo nacional de 2005 se report\u00f3 que unas 15.000 personas viv\u00edan en el centro amurallado de Cartagena, m\u00e1s o menos la misma cifra que estima la historiograf\u00eda de siglos anteriores. Pero en el censo de 2018 solo 2.500 personas dijeron vivir de las murallas hacia dentro. <\/p>\n<\/div>\n<div dir=\"ltr\" class=\"bbc-19j92fr ebmt73l0\" readability=\"14\">\n<p dir=\"ltr\" class=\"bbc-hhl7in e17g058b0\">La disminuci\u00f3n no solo se debe a que la mayor\u00eda de los inmuebles est\u00e1n dedicados al turismo, sino que el centro, por las noches, se convierte, de facto, en una zona de tolerancia de la prostituci\u00f3n y el microtr\u00e1fico de drogas con el supuesto aval de la polic\u00eda. <\/p>\n<\/div>\n<div dir=\"ltr\" class=\"bbc-19j92fr ebmt73l0\" readability=\"10\">\n<p dir=\"ltr\" class=\"bbc-hhl7in e17g058b0\">\u00ab<b>Todos callan por amor al dinero<\/b>\u00ab, dice Berena Su\u00e1rez, una extrabajadora sexual que hoy administra una casa de ayuda a las v\u00edctimas de la trata en el barrio Alcibia. <\/p>\n<\/div>\n<div dir=\"ltr\" class=\"bbc-19j92fr ebmt73l0\" readability=\"14\">\n<p dir=\"ltr\" class=\"bbc-hhl7in e17g058b0\">\u00abS\u00ed, las autoridades ponen unos papelitos en las puertas de los hoteles diciendo que no aceptan el turismo sexual, pero eso es mentira, porque ellos tienen un plan con la polic\u00eda, con la justicia, con todos; ellos se hacen la vista gorda\u00bb. <\/p>\n<\/div>\n<div dir=\"ltr\" class=\"bbc-19j92fr ebmt73l0\" readability=\"18\">\n<p dir=\"ltr\" class=\"bbc-hhl7in e17g058b0\">Es imposible saber la magnitud del turismo sexual, que es legal, o de la trata de personas, que es ilegal. Ambos son mundos opacos. Pero con tan solo ver, a las 10 de la noche, la Plaza de los Coches, mejor conocida como la Torre del Reloj, en el coraz\u00f3n del centro, se identifica a una capital mundial de la prostituci\u00f3n. <\/p>\n<\/div>\n<div dir=\"ltr\" class=\"bbc-1ka88fa ebmt73l0\">\n<figure class=\"bbc-1qdcvv9 e1aczekt0\">\n<div dir=\"ltr\" class=\"bbc-172p16q ebmt73l0\">\n<div dir=\"ltr\" class=\"bbc-189y18v ebmt73l0\">\n<div data-e2e=\"image-placeholder\" class=\"bbc-997y1y eihqrxw0\"><noscript><img loading=\"lazy\" sizes=\"(min-width: 1008px) 760px, 100vw\" srcset=\"http:\/\/nuevacordoba.net\/wp-content\/uploads\/2023\/07\/soy-patrimonio-historico-mi-amor-pero-no-puedo-pagar-el-dentista-la-muralla-que-parte-en-dos-a-cartagena-la-ciudad-mas-turistica-de-colombia-89.jpg 240w, http:\/\/nuevacordoba.net\/wp-content\/uploads\/2023\/07\/soy-patrimonio-historico-mi-amor-pero-no-puedo-pagar-el-dentista-la-muralla-que-parte-en-dos-a-cartagena-la-ciudad-mas-turistica-de-colombia-90.jpg 320w, http:\/\/nuevacordoba.net\/wp-content\/uploads\/2023\/07\/soy-patrimonio-historico-mi-amor-pero-no-puedo-pagar-el-dentista-la-muralla-que-parte-en-dos-a-cartagena-la-ciudad-mas-turistica-de-colombia-91.jpg 480w, http:\/\/nuevacordoba.net\/wp-content\/uploads\/2023\/07\/soy-patrimonio-historico-mi-amor-pero-no-puedo-pagar-el-dentista-la-muralla-que-parte-en-dos-a-cartagena-la-ciudad-mas-turistica-de-colombia-92.jpg 624w, http:\/\/nuevacordoba.net\/wp-content\/uploads\/2023\/07\/soy-patrimonio-historico-mi-amor-pero-no-puedo-pagar-el-dentista-la-muralla-que-parte-en-dos-a-cartagena-la-ciudad-mas-turistica-de-colombia-93.jpg 800w\" src=\"http:\/\/nuevacordoba.net\/wp-content\/uploads\/2023\/07\/soy-patrimonio-historico-mi-amor-pero-no-puedo-pagar-el-dentista-la-muralla-que-parte-en-dos-a-cartagena-la-ciudad-mas-turistica-de-colombia-14.jpg\" alt=\"Berena Su\u00e1rez\" width=\"976\" height=\"549\" class=\"e3vrtyk0 bbc-rb7xa0 e1mo64ex0\"><\/noscript><\/div>\n<\/div>\n<div dir=\"ltr\" class=\"bbc-3edg7g ebmt73l0\" readability=\"6\"><figcaption dir=\"ltr\" class=\"bbc-rhuvwm e6i104o0\" readability=\"2\"><span class=\"bbc-m04vo2\">Pie de foto, <\/span><\/p>\n<p>Berena Su\u00e1rez es una extrabajadora sexual que ahora trabaja ayudando a mujeres. <\/p>\n<\/figcaption><\/div>\n<\/div>\n<\/figure>\n<\/div>\n<div dir=\"ltr\" class=\"bbc-19j92fr ebmt73l0\" readability=\"11\">\n<p dir=\"ltr\" class=\"bbc-hhl7in e17g058b0\">Ana Mar\u00eda Gonz\u00e1lez es la actual secretaria del Interior, la funcionaria m\u00e1s medi\u00e1tica de la alcald\u00eda de Dau y una obsesiva activista contra la trata de personas. \u00abEl promedio de edad de las ni\u00f1as (trabajadoras sexuales) es 19 a\u00f1os\u00bb, dice. <\/p>\n<\/div>\n<div dir=\"ltr\" class=\"bbc-19j92fr ebmt73l0\" readability=\"10\">\n<p dir=\"ltr\" class=\"bbc-hhl7in e17g058b0\">Con un chaleco rojo de la alcald\u00eda, rodeada de c\u00e1maras y delegados y polic\u00edas, la funcionaria llev\u00f3 a BBC Mundo a uno de sus usuales recorridos por establecimientos dedicados a la prostituci\u00f3n.<\/p>\n<\/div>\n<div dir=\"ltr\" class=\"bbc-19j92fr ebmt73l0\" readability=\"12\">\n<p dir=\"ltr\" class=\"bbc-hhl7in e17g058b0\">Unos, los m\u00e1s exclusivos, est\u00e1n hacia dentro de la muralla; otros, los m\u00e1s populares, hacia afuera. <\/p>\n<\/div>\n<div dir=\"ltr\" class=\"bbc-19j92fr ebmt73l0\" readability=\"12\">\n<p dir=\"ltr\" class=\"bbc-hhl7in e17g058b0\">\u00abMira el pasador (el candado)\u00bb, dice Gonz\u00e1lez, se\u00f1alando la puerta de un cuarto en un prost\u00edbulo de El Amparo, lejos del centro. \u00abAh\u00ed est\u00e1n las intenciones: <b>lo ponen por fuera de la puerta para poder encerrar a las ni\u00f1as<\/b>\u00ab. <\/p>\n<\/div>\n<div dir=\"ltr\" class=\"bbc-19j92fr ebmt73l0\" readability=\"12\">\n<p dir=\"ltr\" class=\"bbc-hhl7in e17g058b0\">La bogotana, que como el alcalde vivi\u00f3 muchos a\u00f1os en Estados Unidos, se\u00f1ala: \u00abHay ni\u00f1os y ni\u00f1as cuya libertad est\u00e1 siendo coartada para que unos extranjeros gocen, y a m\u00ed me duele mucho esa situaci\u00f3n\u00bb. <\/p>\n<\/div>\n<div dir=\"ltr\" class=\"bbc-19j92fr ebmt73l0\" readability=\"13\">\n<p dir=\"ltr\" class=\"bbc-hhl7in e17g058b0\">Berena, la extrabajadora sexual, le da la raz\u00f3n: \u00abSi a un gringo lo cogen con un menor de edad, lo amparan. No s\u00e9 qu\u00e9 pasa, pero <b>cuando eso pasa (un delito sexual cometido por un extranjero) queda impune<\/b>\u00ab. <\/p>\n<\/div>\n<div dir=\"ltr\" class=\"bbc-1ka88fa ebmt73l0\">\n<figure class=\"bbc-1qdcvv9 e1aczekt0\">\n<div dir=\"ltr\" class=\"bbc-172p16q ebmt73l0\">\n<div dir=\"ltr\" class=\"bbc-189y18v ebmt73l0\" readability=\"6.5\">\n<div data-e2e=\"image-placeholder\" class=\"bbc-997y1y eihqrxw0\" readability=\"8\"><noscript><img loading=\"lazy\" sizes=\"(min-width: 1008px) 760px, 100vw\" srcset=\"http:\/\/nuevacordoba.net\/wp-content\/uploads\/2023\/07\/soy-patrimonio-historico-mi-amor-pero-no-puedo-pagar-el-dentista-la-muralla-que-parte-en-dos-a-cartagena-la-ciudad-mas-turistica-de-colombia-94.jpg 240w, http:\/\/nuevacordoba.net\/wp-content\/uploads\/2023\/07\/soy-patrimonio-historico-mi-amor-pero-no-puedo-pagar-el-dentista-la-muralla-que-parte-en-dos-a-cartagena-la-ciudad-mas-turistica-de-colombia-95.jpg 320w, http:\/\/nuevacordoba.net\/wp-content\/uploads\/2023\/07\/soy-patrimonio-historico-mi-amor-pero-no-puedo-pagar-el-dentista-la-muralla-que-parte-en-dos-a-cartagena-la-ciudad-mas-turistica-de-colombia-96.jpg 480w, http:\/\/nuevacordoba.net\/wp-content\/uploads\/2023\/07\/soy-patrimonio-historico-mi-amor-pero-no-puedo-pagar-el-dentista-la-muralla-que-parte-en-dos-a-cartagena-la-ciudad-mas-turistica-de-colombia-97.jpg 624w, http:\/\/nuevacordoba.net\/wp-content\/uploads\/2023\/07\/soy-patrimonio-historico-mi-amor-pero-no-puedo-pagar-el-dentista-la-muralla-que-parte-en-dos-a-cartagena-la-ciudad-mas-turistica-de-colombia-98.jpg 800w\" src=\"http:\/\/nuevacordoba.net\/wp-content\/uploads\/2023\/07\/soy-patrimonio-historico-mi-amor-pero-no-puedo-pagar-el-dentista-la-muralla-que-parte-en-dos-a-cartagena-la-ciudad-mas-turistica-de-colombia-15.jpg\" alt=\"Torre de Reloj\" width=\"3553\" height=\"1999\" class=\"e3vrtyk0 bbc-rb7xa0 e1mo64ex0\"><\/noscript><\/p>\n<p role=\"text\" class=\"bbc-1s1cxbv ewbcsnk0\"><span class=\"bbc-m04vo2\">Fuente de la imagen, <\/span><span lang=\"en-GB\">Getty Images<\/span><\/p>\n<\/div>\n<\/div>\n<div dir=\"ltr\" class=\"bbc-3edg7g ebmt73l0\" readability=\"7\"><figcaption dir=\"ltr\" class=\"bbc-rhuvwm e6i104o0\" readability=\"4\"><span class=\"bbc-m04vo2\">Pie de foto, <\/span><\/p>\n<p>Toda las noches, esta plaza en el coraz\u00f3n de centro se convierte en una zona de tolerancia de la industria sexual.<\/p>\n<\/figcaption><\/div>\n<\/div>\n<\/figure>\n<\/div>\n<p><h2 id=\"Cultura-clandestina\" tabindex=\"-1\" class=\"bbc-1f03ibc eglt09e0\">\u00abCultura clandestina\u00bb<\/h2>\n<\/p>\n<div dir=\"ltr\" class=\"bbc-19j92fr ebmt73l0\" readability=\"14\">\n<p dir=\"ltr\" class=\"bbc-hhl7in e17g058b0\">Cada fin de semana, en cada barrio popular de Cartagena, se montan enormes sistemas de sonido al estilo jamaiquino, pintados de colores, que congregan a decenas de personas en fiestas callejeras. Les llaman \u00ab<b>pic\u00f3<\/b>\u00ab, pueden durar tres d\u00edas y son un rasgo esencial de la \u00abotra Cartagena\u00bb.<\/p>\n<\/div>\n<div dir=\"ltr\" class=\"bbc-19j92fr ebmt73l0\" readability=\"16\">\n<p dir=\"ltr\" class=\"bbc-hhl7in e17g058b0\">En el centro amurallado, estas fiestas no existen. Hay fiestas, claro, pero no propiamente cartageneras. Hubo un tiempo, incluso, en que las autoridades intentaron prohibir la champeta porque, supuestamente, promueve el contacto sexual y hace apolog\u00eda del delito. <\/p>\n<\/div>\n<div dir=\"ltr\" class=\"bbc-19j92fr ebmt73l0\" readability=\"7\">\n<p dir=\"ltr\" class=\"bbc-hhl7in e17g058b0\">Hay cartageneros que crecieron pensando que este g\u00e9nero era prohibido por ser \u00ab<b>m\u00fasica de negros<\/b>\u00ab. <\/p>\n<\/div>\n<div dir=\"ltr\" class=\"bbc-19j92fr ebmt73l0\" readability=\"8\">\n<p dir=\"ltr\" class=\"bbc-hhl7in e17g058b0\">Hoy la champeta es un s\u00edmbolo internacional de Cartagena. Y la gran mayor\u00eda de sus exponentes viene de la ciudad extramuros.<\/p>\n<\/div>\n<div dir=\"ltr\" class=\"bbc-19j92fr ebmt73l0\" readability=\"13\">\n<p dir=\"ltr\" class=\"bbc-hhl7in e17g058b0\">Ariel Valdez, el l\u00edder social y productor musical, es uno de los 25 hijos de Justo Valdez, un palenquero considerado cocreador de la champeta y vital exponente de la m\u00fasica caribe\u00f1a colombiana. Su legado se celebra en bares de Bogot\u00e1, en conservatorios de Boston.<\/p>\n<\/div>\n<div dir=\"ltr\" class=\"bbc-1ka88fa ebmt73l0\">\n<figure class=\"bbc-1qdcvv9 e1aczekt0\">\n<div dir=\"ltr\" class=\"bbc-172p16q ebmt73l0\">\n<div dir=\"ltr\" class=\"bbc-189y18v ebmt73l0\" readability=\"6.5\">\n<div data-e2e=\"image-placeholder\" class=\"bbc-997y1y eihqrxw0\" readability=\"8\"><noscript><img loading=\"lazy\" sizes=\"(min-width: 1008px) 760px, 100vw\" srcset=\"http:\/\/nuevacordoba.net\/wp-content\/uploads\/2023\/07\/soy-patrimonio-historico-mi-amor-pero-no-puedo-pagar-el-dentista-la-muralla-que-parte-en-dos-a-cartagena-la-ciudad-mas-turistica-de-colombia-99.jpg 240w, http:\/\/nuevacordoba.net\/wp-content\/uploads\/2023\/07\/soy-patrimonio-historico-mi-amor-pero-no-puedo-pagar-el-dentista-la-muralla-que-parte-en-dos-a-cartagena-la-ciudad-mas-turistica-de-colombia-100.jpg 320w, http:\/\/nuevacordoba.net\/wp-content\/uploads\/2023\/07\/soy-patrimonio-historico-mi-amor-pero-no-puedo-pagar-el-dentista-la-muralla-que-parte-en-dos-a-cartagena-la-ciudad-mas-turistica-de-colombia-101.jpg 480w, http:\/\/nuevacordoba.net\/wp-content\/uploads\/2023\/07\/soy-patrimonio-historico-mi-amor-pero-no-puedo-pagar-el-dentista-la-muralla-que-parte-en-dos-a-cartagena-la-ciudad-mas-turistica-de-colombia-102.jpg 624w, http:\/\/nuevacordoba.net\/wp-content\/uploads\/2023\/07\/soy-patrimonio-historico-mi-amor-pero-no-puedo-pagar-el-dentista-la-muralla-que-parte-en-dos-a-cartagena-la-ciudad-mas-turistica-de-colombia-103.jpg 800w\" src=\"http:\/\/nuevacordoba.net\/wp-content\/uploads\/2023\/07\/soy-patrimonio-historico-mi-amor-pero-no-puedo-pagar-el-dentista-la-muralla-que-parte-en-dos-a-cartagena-la-ciudad-mas-turistica-de-colombia-16.jpg\" alt=\"Justo Valdez \" width=\"4937\" height=\"2777\" class=\"e3vrtyk0 bbc-rb7xa0 e1mo64ex0\"><\/noscript><\/p>\n<p role=\"text\" class=\"bbc-1s1cxbv ewbcsnk0\"><span class=\"bbc-m04vo2\">Fuente de la imagen, <\/span><span lang=\"en-GB\">Getty Images<\/span><\/p>\n<\/div>\n<\/div>\n<div dir=\"ltr\" class=\"bbc-3edg7g ebmt73l0\" readability=\"6\"><figcaption dir=\"ltr\" class=\"bbc-rhuvwm e6i104o0\" readability=\"2\"><span class=\"bbc-m04vo2\">Pie de foto, <\/span><\/p>\n<p>Este es Justo Valdez durante un concierto en Francia a principios de este siglo. <\/p>\n<\/figcaption><\/div>\n<\/div>\n<\/figure>\n<\/div>\n<div dir=\"ltr\" class=\"bbc-19j92fr ebmt73l0\" readability=\"10\">\n<p dir=\"ltr\" class=\"bbc-hhl7in e17g058b0\">Pero, seg\u00fan Ariel, su pap\u00e1 no tiene suficiente dinero \u00abpara comer tres veces al d\u00eda\u00bb. Y no frecuenta mucho el centro amurallado.<\/p>\n<\/div>\n<div dir=\"ltr\" class=\"bbc-19j92fr ebmt73l0\" readability=\"11\">\n<p dir=\"ltr\" class=\"bbc-hhl7in e17g058b0\">Fue invitado a cientos de eventos de promoci\u00f3n tur\u00edstica durante cuatro d\u00e9cadas. Su m\u00fasica afro, alegre y pionera es, precisamente, lo que vienen a descubrir los turistas. <\/p>\n<\/div>\n<div dir=\"ltr\" class=\"bbc-19j92fr ebmt73l0\" readability=\"10\">\n<p dir=\"ltr\" class=\"bbc-hhl7in e17g058b0\">Pero Justo, as\u00ed como los dem\u00e1s m\u00fasicos de Son Palenque, su afamada banda, vive en la pobreza. <\/p>\n<\/div>\n<div dir=\"ltr\" class=\"bbc-19j92fr ebmt73l0\" readability=\"11\">\n<p dir=\"ltr\" class=\"bbc-hhl7in e17g058b0\">Ariel encuentra dos razones para esto: \u00abEl sistema de educaci\u00f3n y econ\u00f3mico no permite que los pobres ascendamos, pero tambi\u00e9n es que <b>en el cartagenero hay un sentimiento de resignaci\u00f3n<\/b>, de que es mejor que te paguen poco a que no te paguen nada\u00bb.<\/p>\n<\/div>\n<div dir=\"ltr\" class=\"bbc-1ka88fa ebmt73l0\">\n<figure class=\"bbc-1qdcvv9 e1aczekt0\">\n<div dir=\"ltr\" class=\"bbc-172p16q ebmt73l0\">\n<div dir=\"ltr\" class=\"bbc-189y18v ebmt73l0\" readability=\"6.5\">\n<div data-e2e=\"image-placeholder\" class=\"bbc-997y1y eihqrxw0\" readability=\"8\"><noscript><img loading=\"lazy\" sizes=\"(min-width: 1008px) 760px, 100vw\" srcset=\"http:\/\/nuevacordoba.net\/wp-content\/uploads\/2023\/07\/soy-patrimonio-historico-mi-amor-pero-no-puedo-pagar-el-dentista-la-muralla-que-parte-en-dos-a-cartagena-la-ciudad-mas-turistica-de-colombia-104.jpg 240w, http:\/\/nuevacordoba.net\/wp-content\/uploads\/2023\/07\/soy-patrimonio-historico-mi-amor-pero-no-puedo-pagar-el-dentista-la-muralla-que-parte-en-dos-a-cartagena-la-ciudad-mas-turistica-de-colombia-105.jpg 320w, http:\/\/nuevacordoba.net\/wp-content\/uploads\/2023\/07\/soy-patrimonio-historico-mi-amor-pero-no-puedo-pagar-el-dentista-la-muralla-que-parte-en-dos-a-cartagena-la-ciudad-mas-turistica-de-colombia-106.jpg 480w, http:\/\/nuevacordoba.net\/wp-content\/uploads\/2023\/07\/soy-patrimonio-historico-mi-amor-pero-no-puedo-pagar-el-dentista-la-muralla-que-parte-en-dos-a-cartagena-la-ciudad-mas-turistica-de-colombia-107.jpg 624w, http:\/\/nuevacordoba.net\/wp-content\/uploads\/2023\/07\/soy-patrimonio-historico-mi-amor-pero-no-puedo-pagar-el-dentista-la-muralla-que-parte-en-dos-a-cartagena-la-ciudad-mas-turistica-de-colombia-108.jpg 800w\" src=\"http:\/\/nuevacordoba.net\/wp-content\/uploads\/2023\/07\/soy-patrimonio-historico-mi-amor-pero-no-puedo-pagar-el-dentista-la-muralla-que-parte-en-dos-a-cartagena-la-ciudad-mas-turistica-de-colombia-17.jpg\" alt=\"Cartagena\" width=\"3425\" height=\"1927\" class=\"e3vrtyk0 bbc-rb7xa0 e1mo64ex0\"><\/noscript><\/p>\n<p role=\"text\" class=\"bbc-1s1cxbv ewbcsnk0\"><span class=\"bbc-m04vo2\">Fuente de la imagen, <\/span><span lang=\"en-GB\">Getty Images<\/span><\/p>\n<\/div>\n<\/div>\n<div dir=\"ltr\" class=\"bbc-3edg7g ebmt73l0\" readability=\"6.5\"><figcaption dir=\"ltr\" class=\"bbc-rhuvwm e6i104o0\" readability=\"3\"><span class=\"bbc-m04vo2\">Pie de foto, <\/span><\/p>\n<p>El reinado de belleza se tom\u00f3 a Cartagena en una fecha que estaba destinada a la celebraci\u00f3n de la simb\u00f3lica Independencia de la ciudad. <\/p>\n<\/figcaption><\/div>\n<\/div>\n<\/figure>\n<\/div>\n<div dir=\"ltr\" class=\"bbc-19j92fr ebmt73l0\" readability=\"11\">\n<p dir=\"ltr\" class=\"bbc-hhl7in e17g058b0\">La opini\u00f3n del joven m\u00fasico de los barrios de las faldas de la Popa es compartida por decenas de pensadores de la ciudad: <b>los sentimientos colectivos m\u00e1s profundos de los cartageneros, siempre vinculados a la l\u00fadica, est\u00e1n en crisis<\/b>.<\/p>\n<\/div>\n<div dir=\"ltr\" class=\"bbc-19j92fr ebmt73l0\" readability=\"14\">\n<p dir=\"ltr\" class=\"bbc-hhl7in e17g058b0\">Hay dos cosas que hist\u00f3ricamente le han dado a la cartagenidad un atributo \u00fanico: las fiestas del 11 de noviembre, que celebran la independencia de Cartagena, anterior a la de Bogot\u00e1; y el b\u00e9isbol, el deporte tradicional en oposici\u00f3n al resto del pa\u00eds, donde se pr\u00e1ctica el f\u00fatbol y el ciclismo. <\/p>\n<\/div>\n<div dir=\"ltr\" class=\"bbc-19j92fr ebmt73l0\" readability=\"15\">\n<p dir=\"ltr\" class=\"bbc-hhl7in e17g058b0\">Ambas est\u00e1n menoscabadas: las fiestas del 11 de noviembre fueron relegadas por el Concurso Nacional de la Belleza, que se celebra al tiempo; y los equipos cartageneros de b\u00e9isbol no clasifican a torneos medianamente importantes, mientras que el estadio Once de Noviembre, conocido como \u00abel templo del b\u00e9isbol colombiano\u00bb, est\u00e1 desgastado, urgido de una renovaci\u00f3n hace d\u00e9cadas. <\/p>\n<\/div>\n<div dir=\"ltr\" class=\"bbc-1ka88fa ebmt73l0\">\n<figure class=\"bbc-1qdcvv9 e1aczekt0\">\n<div dir=\"ltr\" class=\"bbc-172p16q ebmt73l0\">\n<div dir=\"ltr\" class=\"bbc-189y18v ebmt73l0\">\n<div data-e2e=\"image-placeholder\" class=\"bbc-997y1y eihqrxw0\"><noscript><img loading=\"lazy\" sizes=\"(min-width: 1008px) 760px, 100vw\" srcset=\"http:\/\/nuevacordoba.net\/wp-content\/uploads\/2023\/07\/soy-patrimonio-historico-mi-amor-pero-no-puedo-pagar-el-dentista-la-muralla-que-parte-en-dos-a-cartagena-la-ciudad-mas-turistica-de-colombia-109.jpg 240w, http:\/\/nuevacordoba.net\/wp-content\/uploads\/2023\/07\/soy-patrimonio-historico-mi-amor-pero-no-puedo-pagar-el-dentista-la-muralla-que-parte-en-dos-a-cartagena-la-ciudad-mas-turistica-de-colombia-110.jpg 320w, http:\/\/nuevacordoba.net\/wp-content\/uploads\/2023\/07\/soy-patrimonio-historico-mi-amor-pero-no-puedo-pagar-el-dentista-la-muralla-que-parte-en-dos-a-cartagena-la-ciudad-mas-turistica-de-colombia-111.jpg 480w, http:\/\/nuevacordoba.net\/wp-content\/uploads\/2023\/07\/soy-patrimonio-historico-mi-amor-pero-no-puedo-pagar-el-dentista-la-muralla-que-parte-en-dos-a-cartagena-la-ciudad-mas-turistica-de-colombia-112.jpg 624w, http:\/\/nuevacordoba.net\/wp-content\/uploads\/2023\/07\/soy-patrimonio-historico-mi-amor-pero-no-puedo-pagar-el-dentista-la-muralla-que-parte-en-dos-a-cartagena-la-ciudad-mas-turistica-de-colombia-113.jpg 800w\" src=\"http:\/\/nuevacordoba.net\/wp-content\/uploads\/2023\/07\/soy-patrimonio-historico-mi-amor-pero-no-puedo-pagar-el-dentista-la-muralla-que-parte-en-dos-a-cartagena-la-ciudad-mas-turistica-de-colombia-18.jpg\" alt=\"Rosita D\u00edaz y Ra\u00fal Paniagua\" width=\"976\" height=\"549\" class=\"e3vrtyk0 bbc-rb7xa0 e1mo64ex0\"><\/noscript><\/div>\n<\/div>\n<div dir=\"ltr\" class=\"bbc-3edg7g ebmt73l0\" readability=\"7.5\"><figcaption dir=\"ltr\" class=\"bbc-rhuvwm e6i104o0\" readability=\"5\"><span class=\"bbc-m04vo2\">Pie de foto, <\/span><\/p>\n<p>Rosita D\u00edaz y Ra\u00fal Paniagua son, adem\u00e1s de pareja, referencia obligatoria para entender Cartagena.<\/p>\n<\/figcaption><\/div>\n<\/div>\n<\/figure>\n<\/div>\n<div dir=\"ltr\" class=\"bbc-19j92fr ebmt73l0\" readability=\"8\">\n<p dir=\"ltr\" class=\"bbc-hhl7in e17g058b0\">Rosita D\u00edaz y Ra\u00fal Paniagua son una reconocida pareja de soci\u00f3logos de Cartagena. Ambos disimulan con creces sus m\u00e1s de 70 a\u00f1os. <\/p>\n<\/div>\n<div dir=\"ltr\" class=\"bbc-19j92fr ebmt73l0\" readability=\"14\">\n<p dir=\"ltr\" class=\"bbc-hhl7in e17g058b0\">Dedicados a pasar la tarde leyendo en un porche lleno de plantas en el tradicional barrio del Pie de la Popa, al son de p\u00e1jaros y motocicletas, la pareja explica que en una \u00abciudad premoderna\u00bb, donde sistemas de castas rigen el poder econ\u00f3mico y pol\u00edtico, ha sido muy dif\u00edcil que el arraigo africano se sostenga por muy resiliente que sea. <\/p>\n<\/div>\n<div dir=\"ltr\" class=\"bbc-19j92fr ebmt73l0\" readability=\"11\">\n<p dir=\"ltr\" class=\"bbc-hhl7in e17g058b0\">\u00abYo siempre he dicho que nunca hemos sido libres pero siempre hemos sido dignos\u00bb, dice D\u00edaz. \u00abPorque hemos mantenido nuestros bailes, nuestra gastronom\u00eda, nuestros cultos religiosos\u00bb.<\/p>\n<\/div>\n<div dir=\"ltr\" class=\"bbc-19j92fr ebmt73l0\" readability=\"9\">\n<p dir=\"ltr\" class=\"bbc-hhl7in e17g058b0\">\u00abPero ahora ya no s\u00e9 si somos dignos\u00bb, a\u00f1ade. \u00ab<b>Nuestro patrimonio se volvi\u00f3 un disfraz. Nuestra cultura se volvi\u00f3 clandestina<\/b>\u00ab. <\/p>\n<\/div>\n<div dir=\"ltr\" class=\"bbc-19j92fr ebmt73l0\" readability=\"8\">\n<p dir=\"ltr\" class=\"bbc-hhl7in e17g058b0\"><i class=\"bbc-h1y5j7 eih42320\">Recuerda que puedes recibir notificaciones de BBC Mundo. Descarga la nueva versi\u00f3n de nuestra app y act\u00edvalas para no perderte nuestro mejor contenido.<\/i><\/p>\n<\/div>\n","protected":false},"excerpt":{"rendered":"<p>Pie de foto, Betty Sargado fue una de las primeras palenqueras en llegar al centro amurallado para trabajar con turistas. Article information Author, Daniel Pardo Role, Corresponsal de BBC Mundo en Colombia 11 julio 2023 El s\u00edmbolo internacional de Cartagena, una de las ciudades m\u00e1s famosas de Colombia, es un cord\u00f3n de murallas que ha [&hellip;]<\/p>\n","protected":false},"author":1,"featured_media":34275,"comment_status":"closed","ping_status":"closed","sticky":false,"template":"","format":"standard","meta":[],"categories":[13],"tags":[],"_links":{"self":[{"href":"http:\/\/nuevacordoba.net\/index.php\/wp-json\/wp\/v2\/posts\/34274"}],"collection":[{"href":"http:\/\/nuevacordoba.net\/index.php\/wp-json\/wp\/v2\/posts"}],"about":[{"href":"http:\/\/nuevacordoba.net\/index.php\/wp-json\/wp\/v2\/types\/post"}],"author":[{"embeddable":true,"href":"http:\/\/nuevacordoba.net\/index.php\/wp-json\/wp\/v2\/users\/1"}],"replies":[{"embeddable":true,"href":"http:\/\/nuevacordoba.net\/index.php\/wp-json\/wp\/v2\/comments?post=34274"}],"version-history":[{"count":0,"href":"http:\/\/nuevacordoba.net\/index.php\/wp-json\/wp\/v2\/posts\/34274\/revisions"}],"wp:featuredmedia":[{"embeddable":true,"href":"http:\/\/nuevacordoba.net\/index.php\/wp-json\/wp\/v2\/media\/34275"}],"wp:attachment":[{"href":"http:\/\/nuevacordoba.net\/index.php\/wp-json\/wp\/v2\/media?parent=34274"}],"wp:term":[{"taxonomy":"category","embeddable":true,"href":"http:\/\/nuevacordoba.net\/index.php\/wp-json\/wp\/v2\/categories?post=34274"},{"taxonomy":"post_tag","embeddable":true,"href":"http:\/\/nuevacordoba.net\/index.php\/wp-json\/wp\/v2\/tags?post=34274"}],"curies":[{"name":"wp","href":"https:\/\/api.w.org\/{rel}","templated":true}]}}