{"id":34292,"date":"2023-07-12T09:41:20","date_gmt":"2023-07-12T09:41:20","guid":{"rendered":"http:\/\/nuevacordoba.net\/index.php\/2023\/07\/12\/el-teatro-convoca-a-los-mas-chicos-en-estas-vacaciones-de-invierno\/"},"modified":"2023-07-12T09:41:20","modified_gmt":"2023-07-12T09:41:20","slug":"el-teatro-convoca-a-los-mas-chicos-en-estas-vacaciones-de-invierno","status":"publish","type":"post","link":"http:\/\/nuevacordoba.net\/index.php\/2023\/07\/12\/el-teatro-convoca-a-los-mas-chicos-en-estas-vacaciones-de-invierno\/","title":{"rendered":"El teatro convoca a los m\u00e1s chicos en estas vacaciones de invierno"},"content":{"rendered":"<figure class=\"mb-3\"><img loading=\"lazy\" data-src=\"http:\/\/nuevacordoba.net\/wp-content\/uploads\/2023\/07\/el-teatro-convoca-a-los-mas-chicos-en-estas-vacaciones-de-invierno.jpg\" src=\"https:\/\/www.telam.com.ar\/assets\/img\/not_image.png\" class=\" lazy \" width=\"100%\" height=\"100%\" alt=\"Cuentos feroces por Daniel Casablanca Foto Prensa\"><figcaption> Cuentos feroces por Daniel Casablanca \/ Foto: Prensa. <\/figcaption><\/figure>\n<p>\u201cLa Pipetu\u00e1 con ensue\u00f1os\u201d, \u201cCuentos feroces\u201d y \u201cAna y Wiwi\u201d son algunas de las propuestas teatrales que conforman la abultada oferta para las infancias en las salas porte\u00f1as durante las vacaciones de invierno.<\/p>\n<h2 class>Iv\u00e1n \u201cChiquito\u201d Carino \u201cMundo Chiquito: El Poder de la Imaginaci\u00f3n\u201d<\/h2>\n<p>Se trata de un espect\u00e1culo para los m\u00e1s chicos donde <strong>Chiquito<\/strong> est\u00e1 acompa\u00f1ado de bailarines y titiriteros.&nbsp;Teatro Multiescena CPM (Av Corrientes 1764, CABA). Funciones de lunes a s\u00e1bados a las 16.<\/p>\n<h2 class>\u201cLa Pipetu\u00e1 con ensue\u00f1os\u201d<\/h2>\n<p>Esta compa\u00f1\u00eda de ocurrencias humor\u00edsticas, sonoras y circenses propone un viaje a trav\u00e9s del universo de los sue\u00f1os para volver a imaginarnos y reconocernos como verdaderos y poderosos creadores del mundo real.&nbsp;Todos los d\u00edas a las 15.30 en la Sala Pablo Neruda del Paseo La Plaza (Avenida Corrientes 1660)<\/p>\n<h2 class>\u201cCuentos feroces\u201d<\/h2>\n<p>Versi\u00f3n teatral del exitoso podcast infantil, esta propuesta protagonizado por <strong>Brenda Gandini y Feli de la Garma<\/strong>, dirigida por <strong>Daniel Casablanca<\/strong>, propone un viaje por dos cuentos:<strong> \u00abCaperuzota Azul\u00bb y \u00abEl vestido del Rey Ignacio\u00bb<\/strong>.&nbsp;Funciones de martes a domingos. Teatro Metropolitan (Avenida Corrientes 1343).<\/p>\n<h2 class>\u201cAna y Wiwi\u201d<\/h2>\n<p>Ana es una nena que vive con su pap\u00e1, que es capataz en un campo. Un d\u00eda, nace una vaca a la que llaman Wiwi y con Ana se vuelven inseparables. Hasta que la due\u00f1a del campo decide venderla, pero Ana estar\u00e1 dispuesta a todo para salvar a su mejor amiga. Un espect\u00e1culo de Lorena Roman\u00edn con m\u00fasica en vivo y t\u00edteres.&nbsp;<\/p>\n<figure class=\"mb-3\"><img loading=\"lazy\" data-src=\"http:\/\/nuevacordoba.net\/wp-content\/uploads\/2023\/07\/el-teatro-convoca-a-los-mas-chicos-en-estas-vacaciones-de-invierno-1.jpg\" src=\"https:\/\/www.telam.com.ar\/assets\/img\/not_image.png\" class=\" lazy \" width=\"100%\" height=\"100%\" alt=\"Ana y Wiwi de Lorena Romanin Foto Prensa\"><figcaption> Ana y Wiwi de Lorena Romanin \/ Foto: Prensa. <\/figcaption><\/figure>\n<p>Destinada a ni\u00f1os mayores de 2 a\u00f1os.&nbsp;Timbre 4 (M\u00e9xico 3554).&nbsp;Domingos 16 y 30, jueves 20 y 27, s\u00e1bado 29 de Julio a las 15.30<\/p>\n<h2 class>\u00abLas Aventuras de Peppa Pig\u00bb<\/h2>\n<p>La pieza dirigida por <strong>Adri\u00e1n Di Bastiano<\/strong> re\u00fane a los populares personajes de la serie animada que puede verse por Discovery Kids en la escuela de la Se\u00f1orita Gacela.<\/p>\n<figure class=\"mb-3\"><img loading=\"lazy\" data-src=\"http:\/\/nuevacordoba.net\/wp-content\/uploads\/2023\/07\/el-teatro-convoca-a-los-mas-chicos-en-estas-vacaciones-de-invierno-2.jpg\" src=\"https:\/\/www.telam.com.ar\/assets\/img\/not_image.png\" class=\" lazy \" width=\"100%\" height=\"100%\" alt=\"Las Aventuras de Peppa Pig por Adrian Di Bastiano Foto Prensa\"><figcaption> Las Aventuras de Peppa Pig por Adrian Di Bastiano \/ Foto: Prensa. <\/figcaption><\/figure>\n<p><br open> Peppa har\u00e1 base en el porte\u00f1o Teatro \u00d3pera (Avenida Corrientes 860) con funciones el 21, 22, 23, 27, 28 y 29; pero, adem\u00e1s, este mi\u00e9rcoles en Paradiso Cinema &amp; Teatro de Santa Rosa, La Pampa; el s\u00e1bado en Teatro Radio City de Mar del Plata; el 18 y 19 en Quality Espacio de C\u00f3rdoba; y el 25 en el Teatro Broadway de Rosario. <\/p>\n","protected":false},"excerpt":{"rendered":"<p>Cuentos feroces por Daniel Casablanca \/ Foto: Prensa. \u201cLa Pipetu\u00e1 con ensue\u00f1os\u201d, \u201cCuentos feroces\u201d y \u201cAna y Wiwi\u201d son algunas de las propuestas teatrales que conforman la abultada oferta para las infancias en las salas porte\u00f1as durante las vacaciones de invierno. Iv\u00e1n \u201cChiquito\u201d Carino \u201cMundo Chiquito: El Poder de la Imaginaci\u00f3n\u201d Se trata de un [&hellip;]<\/p>\n","protected":false},"author":1,"featured_media":34293,"comment_status":"closed","ping_status":"closed","sticky":false,"template":"","format":"standard","meta":[],"categories":[9],"tags":[],"_links":{"self":[{"href":"http:\/\/nuevacordoba.net\/index.php\/wp-json\/wp\/v2\/posts\/34292"}],"collection":[{"href":"http:\/\/nuevacordoba.net\/index.php\/wp-json\/wp\/v2\/posts"}],"about":[{"href":"http:\/\/nuevacordoba.net\/index.php\/wp-json\/wp\/v2\/types\/post"}],"author":[{"embeddable":true,"href":"http:\/\/nuevacordoba.net\/index.php\/wp-json\/wp\/v2\/users\/1"}],"replies":[{"embeddable":true,"href":"http:\/\/nuevacordoba.net\/index.php\/wp-json\/wp\/v2\/comments?post=34292"}],"version-history":[{"count":0,"href":"http:\/\/nuevacordoba.net\/index.php\/wp-json\/wp\/v2\/posts\/34292\/revisions"}],"wp:featuredmedia":[{"embeddable":true,"href":"http:\/\/nuevacordoba.net\/index.php\/wp-json\/wp\/v2\/media\/34293"}],"wp:attachment":[{"href":"http:\/\/nuevacordoba.net\/index.php\/wp-json\/wp\/v2\/media?parent=34292"}],"wp:term":[{"taxonomy":"category","embeddable":true,"href":"http:\/\/nuevacordoba.net\/index.php\/wp-json\/wp\/v2\/categories?post=34292"},{"taxonomy":"post_tag","embeddable":true,"href":"http:\/\/nuevacordoba.net\/index.php\/wp-json\/wp\/v2\/tags?post=34292"}],"curies":[{"name":"wp","href":"https:\/\/api.w.org\/{rel}","templated":true}]}}