{"id":34294,"date":"2023-07-12T02:13:02","date_gmt":"2023-07-12T02:13:02","guid":{"rendered":"http:\/\/cordobanewsnet.wordpress.com\/2023\/07\/12\/hasta-cuando-siguen-el-frio-y-la-neblina-en-cordoba\/"},"modified":"2023-07-12T02:13:02","modified_gmt":"2023-07-12T02:13:02","slug":"hasta-cuando-siguen-el-frio-y-la-neblina-en-cordoba","status":"publish","type":"post","link":"http:\/\/nuevacordoba.net\/index.php\/2023\/07\/12\/hasta-cuando-siguen-el-frio-y-la-neblina-en-cordoba\/","title":{"rendered":"Hasta cu\u00e1ndo siguen el fr\u00edo y la neblina en C\u00f3rdoba"},"content":{"rendered":"<p><!-- \/featured-media --> <\/p>\n<div class=\"post-content clear\" readability=\"55.223659889094\">\n<p>\ud83c\udf2b Desde el Observatorio de C\u00f3rdoba, que depende del Servicio Meteorol\u00f3gico Nacional, advirtieron que la visibilidad es reducida a 1,4 kil\u00f3metros debido a la llovizna y neblina. <\/p>\n<figure class=\"wp-block-image size-large\"><img data-attachment-id=\"8068\" data-permalink=\"https:\/\/cordobanewsnet.wordpress.com\/2023\/07\/12\/hasta-cuando-siguen-el-frio-y-la-neblina-en-cordoba\/img_8226\/\" data-orig-file=\"http:\/\/nuevacordoba.net\/wp-content\/uploads\/2023\/07\/hasta-cuando-siguen-el-frio-y-la-neblina-en-cordoba-2.jpg\" data-orig-size=\"608,342\" data-comments-opened=\"1\" data-image-meta=\"{&quot;aperture&quot;:&quot;0&quot;,&quot;credit&quot;:&quot;&quot;,&quot;camera&quot;:&quot;&quot;,&quot;caption&quot;:&quot;&quot;,&quot;created_timestamp&quot;:&quot;0&quot;,&quot;copyright&quot;:&quot;&quot;,&quot;focal_length&quot;:&quot;0&quot;,&quot;iso&quot;:&quot;0&quot;,&quot;shutter_speed&quot;:&quot;0&quot;,&quot;title&quot;:&quot;&quot;,&quot;orientation&quot;:&quot;1&quot;}\" data-image-title=\"img_8226\" data-image-description data-image-caption data-medium-file=\"http:\/\/nuevacordoba.net\/wp-content\/uploads\/2023\/07\/hasta-cuando-siguen-el-frio-y-la-neblina-en-cordoba-2.jpg?w=300\" data-large-file=\"http:\/\/nuevacordoba.net\/wp-content\/uploads\/2023\/07\/hasta-cuando-siguen-el-frio-y-la-neblina-en-cordoba.jpg\" src=\"http:\/\/nuevacordoba.net\/wp-content\/uploads\/2023\/07\/hasta-cuando-siguen-el-frio-y-la-neblina-en-cordoba.jpg\" class=\"wp-image-8068\" srcset=\"http:\/\/nuevacordoba.net\/wp-content\/uploads\/2023\/07\/hasta-cuando-siguen-el-frio-y-la-neblina-en-cordoba-2.jpg 608w, http:\/\/nuevacordoba.net\/wp-content\/uploads\/2023\/07\/hasta-cuando-siguen-el-frio-y-la-neblina-en-cordoba-2.jpg?w=150 150w, http:\/\/nuevacordoba.net\/wp-content\/uploads\/2023\/07\/hasta-cuando-siguen-el-frio-y-la-neblina-en-cordoba-2.jpg?w=300 300w\" sizes=\"(max-width: 608px) 100vw, 608px\"><\/figure>\n<p>\ud83c\udf27 Seg\u00fan el Observatorio Hidro-meteorol\u00f3gico de la provincia de C\u00f3rdoba, la temperatura m\u00e1xima no superar\u00e1 los 13 grados en esta jornada y la nubosidad ir\u00e1 en aumento. Hay 80 por ciento de probabilidad de lluvias.<\/p>\n<p>\ud83d\udccc Pron\u00f3stico extendido<\/p>\n<p>El mi\u00e9rcoles continuar\u00e1 la inestabilidad en toda la provincia de C\u00f3rdoba. Ser\u00e1 un d\u00eda con chaparrones durante la madrugada y la ma\u00f1ana y lluvias aisladas por la tarde. La temperatura m\u00ednima se ubicar\u00e1 en 7 grados, mientras que la m\u00e1xima en 12.<\/p>\n<p>De acuerdo a los \u00faltimos datos, merm\u00f3 la posibilidad de nieve en las Altas Cumbres.<\/p>\n<p>A partir del jueves vuelve a cambiar el tiempo y hasta el fin de semana, los d\u00edas se presentar\u00e1n con cielo parcialmente nublado. Pero el fr\u00edo persistir\u00e1: las m\u00ednimas rondar\u00e1n entre 3 y 7 grados y las m\u00e1ximas entre 15 y 17. \ud83d\udc48\ud83c\udffb<\/p>\n<p><span id=\"wordads-inline-marker\"><\/span> <\/p>\n<div id=\"jp-post-flair\" class=\"sharedaddy sd-like-enabled sd-sharing-enabled\">\n<div class=\"sharedaddy sd-sharing-enabled\">\n<div class=\"robots-nocontent sd-block sd-social sd-social-icon-text sd-sharing\">\n<h3 class=\"sd-title\">Share this:<\/h3>\n<\/div>\n<\/div>\n<div class=\"sharedaddy sd-block sd-like jetpack-likes-widget-wrapper jetpack-likes-widget-unloaded\" id=\"like-post-wrapper-143108178-8069-64ae883da685a\" data-src=\"\/\/widgets.wp.com\/likes\/index.html?ver=20230309#blog_id=143108178&amp;post_id=8069&amp;origin=cordobanewsnet.wordpress.com&amp;obj_id=143108178-8069-64ae883da685a\" data-name=\"like-post-frame-143108178-8069-64ae883da685a\" data-title=\"Me gusta o Compartir\">\n<h3 class=\"sd-title\">Me gusta esto:<\/h3>\n<p><span class=\"button\"><span>Me gusta<\/span><\/span> <span class=\"loading\">Cargando&#8230;<\/span><\/p>\n<p><span class=\"sd-text-color\"><\/span><\/div>\n<p><h3 class=\"jp-relatedposts-headline\"><em>Relacionado<\/em><\/h3>\n<\/p>\n<\/div><\/div>\n<p><!--\/.post-content--> <\/p>\n<footer class=\"post-meta-container clear\" readability=\"0.68020304568528\">\n<div class=\"entry-author author-avatar-show\" readability=\"14.031746031746\">\n<div class=\"author-avatar\"> <img alt src=\"http:\/\/nuevacordoba.net\/wp-content\/uploads\/2023\/07\/hasta-cuando-siguen-el-frio-y-la-neblina-en-cordoba-1.jpg\" srcset=\"http:\/\/nuevacordoba.net\/wp-content\/uploads\/2023\/07\/hasta-cuando-siguen-el-frio-y-la-neblina-en-cordoba-1.jpg 1x, http:\/\/nuevacordoba.net\/wp-content\/uploads\/2023\/07\/hasta-cuando-siguen-el-frio-y-la-neblina-en-cordoba-5.jpg 1.5x, http:\/\/nuevacordoba.net\/wp-content\/uploads\/2023\/07\/hasta-cuando-siguen-el-frio-y-la-neblina-en-cordoba-6.jpg 2x, http:\/\/nuevacordoba.net\/wp-content\/uploads\/2023\/07\/hasta-cuando-siguen-el-frio-y-la-neblina-en-cordoba-7.jpg 3x, http:\/\/nuevacordoba.net\/wp-content\/uploads\/2023\/07\/hasta-cuando-siguen-el-frio-y-la-neblina-en-cordoba-8.jpg 4x\" class=\"avatar avatar-90\" height=\"90\" width=\"90\" loading=\"lazy\" decoding=\"async\"> <\/div>\n<p><!-- .author-avatar --> <\/p>\n<p><h2 class=\"author-title\">Publicado por <span class=\"author-name\">angelaponso<\/span><\/h2>\n<\/p>\n<p><!-- .author-heading --> <\/p>\n<p class=\"author-bio\"> <a class=\"author-link\" href=\"https:\/\/cordobanewsnet.wordpress.com\/author\/angelaponso\/\" rel=\"author\"> Ver todas las entradas de angelaponso <\/a> <\/p>\n<p><!-- .author-bio --> <\/div>\n<p><!-- .entry-auhtor --> <\/footer>\n<p> <!-- \/post-meta-container --> <!-- #respond --> <\/p>\n","protected":false},"excerpt":{"rendered":"<p>\ud83c\udf2b Desde el Observatorio de C\u00f3rdoba, que depende del Servicio Meteorol\u00f3gico Nacional, advirtieron que la visibilidad es reducida a 1,4 kil\u00f3metros debido a la llovizna y neblina. \ud83c\udf27 Seg\u00fan el Observatorio Hidro-meteorol\u00f3gico de la provincia de C\u00f3rdoba, la temperatura m\u00e1xima no superar\u00e1 los 13 grados en esta jornada y la nubosidad ir\u00e1 en aumento. Hay [&hellip;]<\/p>\n","protected":false},"author":1,"featured_media":34295,"comment_status":"closed","ping_status":"closed","sticky":false,"template":"","format":"standard","meta":[],"categories":[14],"tags":[],"_links":{"self":[{"href":"http:\/\/nuevacordoba.net\/index.php\/wp-json\/wp\/v2\/posts\/34294"}],"collection":[{"href":"http:\/\/nuevacordoba.net\/index.php\/wp-json\/wp\/v2\/posts"}],"about":[{"href":"http:\/\/nuevacordoba.net\/index.php\/wp-json\/wp\/v2\/types\/post"}],"author":[{"embeddable":true,"href":"http:\/\/nuevacordoba.net\/index.php\/wp-json\/wp\/v2\/users\/1"}],"replies":[{"embeddable":true,"href":"http:\/\/nuevacordoba.net\/index.php\/wp-json\/wp\/v2\/comments?post=34294"}],"version-history":[{"count":0,"href":"http:\/\/nuevacordoba.net\/index.php\/wp-json\/wp\/v2\/posts\/34294\/revisions"}],"wp:featuredmedia":[{"embeddable":true,"href":"http:\/\/nuevacordoba.net\/index.php\/wp-json\/wp\/v2\/media\/34295"}],"wp:attachment":[{"href":"http:\/\/nuevacordoba.net\/index.php\/wp-json\/wp\/v2\/media?parent=34294"}],"wp:term":[{"taxonomy":"category","embeddable":true,"href":"http:\/\/nuevacordoba.net\/index.php\/wp-json\/wp\/v2\/categories?post=34294"},{"taxonomy":"post_tag","embeddable":true,"href":"http:\/\/nuevacordoba.net\/index.php\/wp-json\/wp\/v2\/tags?post=34294"}],"curies":[{"name":"wp","href":"https:\/\/api.w.org\/{rel}","templated":true}]}}