{"id":34298,"date":"2023-07-12T14:07:09","date_gmt":"2023-07-12T14:07:09","guid":{"rendered":"https:\/\/puntoapunto.com.ar\/?p=348060"},"modified":"2023-07-12T14:07:09","modified_gmt":"2023-07-12T14:07:09","slug":"indrive-lanza-una-app-en-la-que-decidis-cuanto-pagas-por-el-viaje","status":"publish","type":"post","link":"http:\/\/nuevacordoba.net\/index.php\/2023\/07\/12\/indrive-lanza-una-app-en-la-que-decidis-cuanto-pagas-por-el-viaje\/","title":{"rendered":"inDrive lanza una app en la que decid\u00eds cu\u00e1nto pag\u00e1s por el viaje"},"content":{"rendered":"<div><img src=\"http:\/\/nuevacordoba.net\/wp-content\/uploads\/2023\/07\/indrive-lanza-una-app-en-la-que-decidis-cuanto-pagas-por-el-viaje.jpg\" class=\"ff-og-image-inserted\"><\/div>\n<p dir=\"ltr\"><strong>La plataforma global de movilidad y servicios urbanos anuncia el lanzamiento de Flete, una nueva vertical que comenz\u00f3 a operar en 2021 en Latinoam\u00e9rica<\/strong> y que ya est\u00e1 disponible en Buenos Aires. Esta opci\u00f3n, se dirige principalmente a pymes como cafeter\u00edas, tiendas, manufactureras o particulares.<\/p>\n<p dir=\"ltr\">Por medio de esta soluci\u00f3n tecnol\u00f3gica, las personas pueden encontrar, contactar y agendar un servicio de traslado de objetos al instante, con la posibilidad de negociar la tarifa y contar con la informaci\u00f3n verificada de los choferes.<\/p>\n<p dir=\"ltr\"><em>\u201cEs importante destacar que inDrive Flete permite transportar productos de m\u00e1s de 20Kg de forma f\u00e1cil, asequible, segura y con el precio que el usuario considere justo de acuerdo al servicio y veh\u00edculo que necesite. Actualmente contamos con 500 conductores particulares registrados en Buenos Aires, los cuales podr\u00e1n aceptar u ofertar la tarifa seg\u00fan la descripci\u00f3n del servicio\u201d,<\/em>&nbsp;detall\u00f3 Juli\u00e1n Porras, Desarrollador de Negocio para inDrive Flete Sudam\u00e9rica.<\/p>\n<p dir=\"ltr\"><strong>La vertical registra un 50% de crecimiento en la regi\u00f3n en pedidos aceptados en la primera mitad del 2023 comparado con el mismo periodo del 2022.<\/strong> Con este nuevo lanzamiento y siendo Argentina una de las principales prioridades de negocio en Latinoam\u00e9rica, <strong>se busca multiplicar hasta 6 veces los viajes por semana poniendo foco en los negocios B2B y B2C.<\/strong><\/p>\n<p dir=\"ltr\">Entre las ventajas que tiene esta nueva implementaci\u00f3n est\u00e1 la posibilidad de realizar env\u00edos dentro de la ciudad, sin gastos adicionales para los usuarios y sin cuota de servicio para los conductores durante los pr\u00f3ximos meses. Otro beneficio es poder elegir al chofer y dar seguimiento del veh\u00edculo durante la diligencia.<\/p>\n<p dir=\"ltr\"><strong>Actualmente inDrive Flete cuenta con m\u00e1s de 162 mil usuarios B2B<\/strong> y 54 mil conductores registrados en 25 pa\u00edses alrededor del mundo, adem\u00e1s de contar con un crecimiento interanual superior al 100% en los distintos mercados en los que opera a nivel mundial.<\/p>\n<h4 dir=\"ltr\">Sobre<a href=\"https:\/\/indrive.com\/es\/home\/\" target=\"_blank\" rel=\"noopener noreferrer\" data-saferedirecturl=\"https:\/\/www.google.com\/url?q=https:\/\/indrive.com\/es\/home\/&amp;source=gmail&amp;ust=1689256134329000&amp;usg=AOvVaw0wqn20NwoS_SEM7rtVmzTM\">&nbsp;inDrive<\/a><\/h4>\n<p dir=\"ltr\">inDrive es una plataforma global de movilidad y servicios urbanos con sede en Mountain View, California, EUA. La aplicaci\u00f3n ha sido descargada m\u00e1s de 175 millones de veces y fue la segunda app de movilidad m\u00e1s descargada en 2022.<\/p>\n<p dir=\"ltr\">inDrive opera en 655 ciudades en 48 pa\u00edses. Apoya a comunidades locales por medio de oportunidades de desarrollo basadas en el modelo de pago persona a persona (peer-to-peer), as\u00ed como, programas de empoderamiento comunitario que contribuyen al desarrollo de la educaci\u00f3n, deportes, artes, ciencias, igualdad de g\u00e9nero y otras iniciativas prioritarias.<\/p>\n<p dir=\"ltr\">Para m\u00e1s informaci\u00f3n visite<a href=\"http:\/\/www.indrive.com\/\" target=\"_blank\" rel=\"noopener noreferrer\" data-saferedirecturl=\"https:\/\/www.google.com\/url?q=http:\/\/www.indrive.com\/&amp;source=gmail&amp;ust=1689256134329000&amp;usg=AOvVaw25u7uquE8xnHv9kRUxwXB_\">&nbsp;www.inDrive.com<\/a><\/p>\n","protected":false},"excerpt":{"rendered":"<p>La plataforma global de movilidad y servicios urbanos anuncia el lanzamiento de Flete, una nueva vertical que comenz\u00f3 a operar en 2021 en Latinoam\u00e9rica y que ya est\u00e1 disponible en Buenos Aires. Esta opci\u00f3n, se dirige principalmente a pymes como cafeter\u00edas, tiendas, manufactureras o particulares. Por medio de esta soluci\u00f3n tecnol\u00f3gica, las personas pueden encontrar, [&hellip;]<\/p>\n","protected":false},"author":1,"featured_media":34299,"comment_status":"open","ping_status":"closed","sticky":false,"template":"","format":"standard","meta":[],"categories":[14],"tags":[],"_links":{"self":[{"href":"http:\/\/nuevacordoba.net\/index.php\/wp-json\/wp\/v2\/posts\/34298"}],"collection":[{"href":"http:\/\/nuevacordoba.net\/index.php\/wp-json\/wp\/v2\/posts"}],"about":[{"href":"http:\/\/nuevacordoba.net\/index.php\/wp-json\/wp\/v2\/types\/post"}],"author":[{"embeddable":true,"href":"http:\/\/nuevacordoba.net\/index.php\/wp-json\/wp\/v2\/users\/1"}],"replies":[{"embeddable":true,"href":"http:\/\/nuevacordoba.net\/index.php\/wp-json\/wp\/v2\/comments?post=34298"}],"version-history":[{"count":0,"href":"http:\/\/nuevacordoba.net\/index.php\/wp-json\/wp\/v2\/posts\/34298\/revisions"}],"wp:featuredmedia":[{"embeddable":true,"href":"http:\/\/nuevacordoba.net\/index.php\/wp-json\/wp\/v2\/media\/34299"}],"wp:attachment":[{"href":"http:\/\/nuevacordoba.net\/index.php\/wp-json\/wp\/v2\/media?parent=34298"}],"wp:term":[{"taxonomy":"category","embeddable":true,"href":"http:\/\/nuevacordoba.net\/index.php\/wp-json\/wp\/v2\/categories?post=34298"},{"taxonomy":"post_tag","embeddable":true,"href":"http:\/\/nuevacordoba.net\/index.php\/wp-json\/wp\/v2\/tags?post=34298"}],"curies":[{"name":"wp","href":"https:\/\/api.w.org\/{rel}","templated":true}]}}