{"id":34303,"date":"2023-07-12T19:15:45","date_gmt":"2023-07-12T19:15:45","guid":{"rendered":"https:\/\/prensa.cba.gov.ar\/?p=559572"},"modified":"2023-07-12T19:15:45","modified_gmt":"2023-07-12T19:15:45","slug":"las-residencias-viven-a-pleno-el-receso-invernal","status":"publish","type":"post","link":"http:\/\/nuevacordoba.net\/index.php\/2023\/07\/12\/las-residencias-viven-a-pleno-el-receso-invernal\/","title":{"rendered":"Las residencias viven a pleno el receso invernal"},"content":{"rendered":"<div><img src=\"http:\/\/nuevacordoba.net\/wp-content\/uploads\/2023\/07\/las-residencias-viven-a-pleno-el-receso-invernal.jpg\" class=\"ff-og-image-inserted\"><\/div>\n<ul>\n<li><strong>Desde la SeNAF se han previsto una serie de actividades para las ni\u00f1as, ni\u00f1os y adolescentes que se encuentran en estos espacios.<\/strong><\/li>\n<li><strong>Las propuestas incluyen salidas culturales, deportivas y recreativas.<\/strong><\/li>\n<li><strong>Adem\u00e1s habr\u00e1 viajes y paseos a diferentes puntos de las sierras de C\u00f3rdoba.<\/strong><\/li>\n<\/ul>\n<p>Con la llegada de las vacaciones de invierno, las distintas residencias que funcionan bajo la \u00f3rbita de la SeNAF organizan actividades culturales, deportivas y recreativas para las ni\u00f1as, ni\u00f1os y adolescentes que se encuentran alojados all\u00ed.<\/p>\n<p>Cada una de estas acciones se cogestionan con otras \u00e1reas de Cultura, Turismo y Desarrollo Social, para garantizar no solo el acceso gratuito sino tambi\u00e9n traslados y otras cuestiones &nbsp;que hacen posible que los chicos y chicas puedan disfrutar a pleno del receso invernal.<\/p>\n<p>En el caso de las residencias en las que hay adolescentes, la ida es que vayan adhiriendo a las propuestas que ellos deseen y acuerden de manera conjunta.<\/p>\n<h3 class=\"wp-block-heading\"><strong>Museos, Cultura y Deporte<\/strong><\/h3>\n<p>Entre las primeras salidas se destaca la visita al Museo Plaza Cielo Tierra, un espacio que promueve un acercamiento humanista hacia las ciencias y la naturaleza. Al circuito se le suma el Museo de Ciencias Naturales en el que se pueden encontrar colecciones de piedras y f\u00f3siles, y la gran atracci\u00f3n de grandes y chicos: el caparaz\u00f3n original de un gliptodonte de 8.000 a\u00f1os de antig\u00fcedad.<\/p>\n<p>La grilla incluye adem\u00e1s funciones de t\u00edteres (para los m\u00e1s peque\u00f1os) y de teatro, en salas oficiales de la ciudad.<\/p>\n<p>Por otra parte, desde el Espacio Joven de la SeNAF se han previsto tambi\u00e9n algunas otras salidas con las residencias que incluir\u00e1n visitas a museos destinados a las artes visuales como as\u00ed tambi\u00e9n un recorrido por el Estadio Mario Alberto Kempes que ofrece un acercamiento a la historia deportiva de C\u00f3rdoba. Estas propuestas est\u00e1n programadas para la semana pr\u00f3xima.<\/p>\n<p>En materia deportiva, vale destacar que los chicos de Che Guevara participaron el pasado 9 de julio en la marat\u00f3n \u201cCarrera de la Independencia\u201d que se desarroll\u00f3 en Cosqu\u00edn.<\/p>\n<h3 class=\"wp-block-heading\"><strong>Por las Sierras<\/strong><\/h3>\n<p>Tal como ocurre durante el verano, tambi\u00e9n las salidas a las sierras ser\u00e1n parte de las propuestas para estas vacaciones de invierno. De esta manera la Residencia Baigorr\u00ed estar\u00e1 entre el 15 y el 18 de julio en la Estancia Santa Catalina, posteriormente (entre el 19 y el 22) se instalar\u00e1 la Residencia Che Guevara.<\/p>\n<p>Por \u00faltimo, todos los s\u00e1bados y domingos las distintas residencias podr\u00e1n viajar en tren hasta la localidad de Cosqu\u00edn donde compartir\u00e1n un picnic, visitar\u00e1n la Plaza Pr\u00f3spero Molina y cerrar\u00e1n con una caminata hacia el balneario Pozo de los Patos.<\/p>\n","protected":false},"excerpt":{"rendered":"<p>Desde la SeNAF se han previsto una serie de actividades para las ni\u00f1as, ni\u00f1os y adolescentes que se encuentran en estos espacios. Las propuestas incluyen salidas culturales, deportivas y recreativas. Adem\u00e1s habr\u00e1 viajes y paseos a diferentes puntos de las sierras de C\u00f3rdoba. Con la llegada de las vacaciones de invierno, las distintas residencias que [&hellip;]<\/p>\n","protected":false},"author":1,"featured_media":34304,"comment_status":"closed","ping_status":"closed","sticky":false,"template":"","format":"standard","meta":[],"categories":[14],"tags":[],"_links":{"self":[{"href":"http:\/\/nuevacordoba.net\/index.php\/wp-json\/wp\/v2\/posts\/34303"}],"collection":[{"href":"http:\/\/nuevacordoba.net\/index.php\/wp-json\/wp\/v2\/posts"}],"about":[{"href":"http:\/\/nuevacordoba.net\/index.php\/wp-json\/wp\/v2\/types\/post"}],"author":[{"embeddable":true,"href":"http:\/\/nuevacordoba.net\/index.php\/wp-json\/wp\/v2\/users\/1"}],"replies":[{"embeddable":true,"href":"http:\/\/nuevacordoba.net\/index.php\/wp-json\/wp\/v2\/comments?post=34303"}],"version-history":[{"count":0,"href":"http:\/\/nuevacordoba.net\/index.php\/wp-json\/wp\/v2\/posts\/34303\/revisions"}],"wp:featuredmedia":[{"embeddable":true,"href":"http:\/\/nuevacordoba.net\/index.php\/wp-json\/wp\/v2\/media\/34304"}],"wp:attachment":[{"href":"http:\/\/nuevacordoba.net\/index.php\/wp-json\/wp\/v2\/media?parent=34303"}],"wp:term":[{"taxonomy":"category","embeddable":true,"href":"http:\/\/nuevacordoba.net\/index.php\/wp-json\/wp\/v2\/categories?post=34303"},{"taxonomy":"post_tag","embeddable":true,"href":"http:\/\/nuevacordoba.net\/index.php\/wp-json\/wp\/v2\/tags?post=34303"}],"curies":[{"name":"wp","href":"https:\/\/api.w.org\/{rel}","templated":true}]}}