{"id":34305,"date":"2023-07-12T20:42:05","date_gmt":"2023-07-12T20:42:05","guid":{"rendered":"http:\/\/nuevacordoba.net\/index.php\/2023\/07\/12\/fito-paez-vuelve-a-tocar-en-estudiantes-este-jueves-salen-a-la-venta-las-entradas\/"},"modified":"2023-07-12T20:42:05","modified_gmt":"2023-07-12T20:42:05","slug":"fito-paez-vuelve-a-tocar-en-estudiantes-este-jueves-salen-a-la-venta-las-entradas","status":"publish","type":"post","link":"http:\/\/nuevacordoba.net\/index.php\/2023\/07\/12\/fito-paez-vuelve-a-tocar-en-estudiantes-este-jueves-salen-a-la-venta-las-entradas\/","title":{"rendered":"Fito Paez vuelve a tocar en Estudiantes: este jueves salen a la venta las entradas"},"content":{"rendered":"<figure class=\"mb-3\"><img loading=\"lazy\" data-src=\"http:\/\/nuevacordoba.net\/wp-content\/uploads\/2023\/07\/fito-paez-vuelve-a-tocar-en-estudiantes-este-jueves-salen-a-la-venta-las-entradas.jpg\" src=\"https:\/\/www.telam.com.ar\/assets\/img\/not_image.png\" class=\" lazy \" width=\"100%\" height=\"100%\" alt=\"Foto Victoria Gesualdi\"><figcaption> Foto: Victoria Gesualdi. <\/figcaption><\/figure>\n<p>Fito P\u00e1ez volver\u00e1 a tocar en la ciudad de La Plata, despu\u00e9s de m\u00e1s de cinco a\u00f1os, el 15 de diciembre en el estadio Uno de Estudiantes, en el marco de la gira aniversario por su emblem\u00e1tico \u00e1lbum <em>El amor despu\u00e9s del amor<\/em>.<\/p>\n<p>En su momento el artista rosarino present\u00f3 ese disco, de los m\u00e1s reconocidos de su carrera, el 19 de noviembre de 1992 en Plaza Moreno para un aniversario de la capital bonaerense.<\/p>\n<blockquote class=\"instagram-media\" data-instgrm-captioned data-instgrm-permalink=\"https:\/\/www.instagram.com\/p\/CuXzYExPHEV\/?utm_source=ig_embed&amp;utm_campaign=loading\" data-instgrm-version=\"14\" readability=\"-0.22340425531915\"><\/blockquote>\n<p>P\u00e1ez reconoci\u00f3 hace un tiempo que<strong> la hinchada de Estudiantes fue la primera en transformar un tema suyo en una canci\u00f3n de cancha<\/strong> e hizo referencia a <em>Mariposa tecknicolor<\/em>.<\/p>\n<p>Las localidades para el recital platense del m\u00fasico, escritor y cineasta quien en estos momentos se encuentra girando por Espa\u00f1a, estar\u00e1n <a href=\"http:\/\/www.livepass.com.ar\" target=\"_blank\" rel=\"noopener\">disponibles desde este jueves<\/a>. <\/p>\n","protected":false},"excerpt":{"rendered":"<p>Foto: Victoria Gesualdi. Fito P\u00e1ez volver\u00e1 a tocar en la ciudad de La Plata, despu\u00e9s de m\u00e1s de cinco a\u00f1os, el 15 de diciembre en el estadio Uno de Estudiantes, en el marco de la gira aniversario por su emblem\u00e1tico \u00e1lbum El amor despu\u00e9s del amor. En su momento el artista rosarino present\u00f3 ese disco, [&hellip;]<\/p>\n","protected":false},"author":1,"featured_media":34306,"comment_status":"closed","ping_status":"closed","sticky":false,"template":"","format":"standard","meta":[],"categories":[9],"tags":[],"_links":{"self":[{"href":"http:\/\/nuevacordoba.net\/index.php\/wp-json\/wp\/v2\/posts\/34305"}],"collection":[{"href":"http:\/\/nuevacordoba.net\/index.php\/wp-json\/wp\/v2\/posts"}],"about":[{"href":"http:\/\/nuevacordoba.net\/index.php\/wp-json\/wp\/v2\/types\/post"}],"author":[{"embeddable":true,"href":"http:\/\/nuevacordoba.net\/index.php\/wp-json\/wp\/v2\/users\/1"}],"replies":[{"embeddable":true,"href":"http:\/\/nuevacordoba.net\/index.php\/wp-json\/wp\/v2\/comments?post=34305"}],"version-history":[{"count":0,"href":"http:\/\/nuevacordoba.net\/index.php\/wp-json\/wp\/v2\/posts\/34305\/revisions"}],"wp:featuredmedia":[{"embeddable":true,"href":"http:\/\/nuevacordoba.net\/index.php\/wp-json\/wp\/v2\/media\/34306"}],"wp:attachment":[{"href":"http:\/\/nuevacordoba.net\/index.php\/wp-json\/wp\/v2\/media?parent=34305"}],"wp:term":[{"taxonomy":"category","embeddable":true,"href":"http:\/\/nuevacordoba.net\/index.php\/wp-json\/wp\/v2\/categories?post=34305"},{"taxonomy":"post_tag","embeddable":true,"href":"http:\/\/nuevacordoba.net\/index.php\/wp-json\/wp\/v2\/tags?post=34305"}],"curies":[{"name":"wp","href":"https:\/\/api.w.org\/{rel}","templated":true}]}}