{"id":34327,"date":"2023-07-13T13:59:53","date_gmt":"2023-07-13T13:59:53","guid":{"rendered":"https:\/\/puntoapunto.com.ar\/?p=348102"},"modified":"2023-07-13T13:59:53","modified_gmt":"2023-07-13T13:59:53","slug":"cuales-con-las-propuestas-de-rodriguez-larreta-para-el-campo","status":"publish","type":"post","link":"http:\/\/nuevacordoba.net\/index.php\/2023\/07\/13\/cuales-con-las-propuestas-de-rodriguez-larreta-para-el-campo\/","title":{"rendered":"Cu\u00e1les con las propuestas de Rodr\u00edguez Larreta para el campo"},"content":{"rendered":"<div><img src=\"http:\/\/nuevacordoba.net\/wp-content\/uploads\/2023\/07\/cuales-con-las-propuestas-de-rodriguez-larreta-para-el-campo.jpg\" class=\"ff-og-image-inserted\"><\/div>\n<p><strong>El precandidato presidencial, <a href=\"https:\/\/puntoapunto.com.ar\/rodriguez-larreta-le-bajo-el-pulgar-a-una-alianza-con-schiaretti\/\">Horacio Rodr\u00edguez Larreta<\/a>, junto al precandidato a vicepresidente, <a href=\"https:\/\/puntoapunto.com.ar\/morales-paso-por-cordoba-con-juego-propio\/\">Gerardo Morales<\/a>, present\u00f3 en R\u00edo Cuarto, C\u00f3rdoba, 12 propuestas para impulsar el crecimiento del sector agropecuario<\/strong> y devolverle \u201cal campo lo que es del campo\u201d.<\/p>\n<h4>Las propuestas se dividen en cuatro ejes centrales:<\/h4>\n<p>El primero busca construir un Estado que respete a los productores y les garantice reglas claras. Incluye dos medidas:<\/p>\n<p>\u2013<strong>Ponerle fin a las retenciones<\/strong>. Son un impuesto horrible que penaliza la producci\u00f3n. El 10 de diciembre <strong>se eliminar\u00e1n las retenciones para los productos regionales, incluidos el man\u00ed y los l\u00e1cteos. Y ese mismo d\u00eda se dejar\u00e1 en claro el camino descendente para el resto de las retenciones, hasta su eliminaci\u00f3n, <\/strong>cuidando siempre la sostenibilidad fiscal que es lo que garantiza que nunca m\u00e1s se vuelvan a poner.<\/p>\n<p>\u2013<strong>Unificar el tipo de cambio<\/strong>. Es imposible planificar y producir con 18 tipos de cambio distintos. El campo no necesita un d\u00f3lar soja por 25 d\u00edas, necesita estabilidad por 25 a\u00f1os. Se llegar\u00e1 a un tipo de cambio libre y \u00fanico dentro del primer a\u00f1o de gobierno.<\/p>\n<p>El segundo eje incluye otras tres medidas para recuperar la mirada exportadora. Para eso Rodr\u00edguez Larreta propone:<\/p>\n<p>\u2013<strong>Eliminar los cupos y restricciones a las exportaciones, fideicomisos y otras alteraciones discrecionales del mercado<\/strong>.<\/p>\n<p>\u2013<strong>Facilitarle la vida a los exportadores con un SENASA al servicio del productor<\/strong>. Para eso hay que unificar est\u00e1ndares sanitarios, incorporar tecnolog\u00eda, lograr la interoperabilidad entre SENASA, Aduana y AFIP y mejorar la trazabilidad de los productos.<\/p>\n<p>\u2013<strong>Abrir nuevos mercados internacionales para los productos argentinos. <\/strong>Se lograr\u00e1 con la firma e implementaci\u00f3n del Acuerdo Comercial Mercosur-Uni\u00f3n Europea y Mercosur-EFTA, adem\u00e1s de una estrategia agresiva de nuevos mercados.<\/p>\n<p>El tercer eje es seguir impulsando un campo moderno, de vanguardia, resiliente y responsable con el ambiente. Para eso Rodr\u00edguez Larreta propone:<\/p>\n<p>\u2013<strong>Fomentar las Buenas Pr\u00e1cticas Agr\u00edcolas.<\/strong><\/p>\n<p>\u2013<strong>Actualizar la Ley de semillas<\/strong> para promover la producci\u00f3n y comercializaci\u00f3n de gen\u00e9tica vegetal.<\/p>\n<p><strong>-Hacer las obras necesarias para mitigar los efectos de las sequ\u00edas, inundaciones y otros eventos clim\u00e1ticos.<\/strong><\/p>\n<p>El cuarto y \u00faltimo eje de las medidas es cuidar a quienes viven y trabajan en el campo. Para eso Rodr\u00edguez Larreta propone:<\/p>\n<p><strong>-Ponerle fin a las tomas de tierras, roturas de silobolsas, robo de animales y otros ataques a la propiedad privada<\/strong>.<\/p>\n<p>\u2013<strong>Generar incentivos para la registraci\u00f3n laboral <\/strong>y la incorporaci\u00f3n de m\u00e1s trabajadores en el sector frutihort\u00edcola, aumentando el m\u00ednimo no imponible.<\/p>\n<p><strong>-Mejorar las rutas, caminos rurales y la conectividad a internet en los polos agropecuarios.<\/strong><\/p>\n<p>\u2013<strong>Retomar las mesas agroindustriales p\u00fablico-privadas<\/strong> para recuperar los avances que se hicieron entre 2015 y 2019 en materia de simplificaci\u00f3n, evasi\u00f3n, acceso a mercados y calidad en los alimentos.<\/p>\n","protected":false},"excerpt":{"rendered":"<p>El precandidato presidencial, Horacio Rodr\u00edguez Larreta, junto al precandidato a vicepresidente, Gerardo Morales, present\u00f3 en R\u00edo Cuarto, C\u00f3rdoba, 12 propuestas para impulsar el crecimiento del sector agropecuario y devolverle \u201cal campo lo que es del campo\u201d. Las propuestas se dividen en cuatro ejes centrales: El primero busca construir un Estado que respete a los productores [&hellip;]<\/p>\n","protected":false},"author":1,"featured_media":34328,"comment_status":"open","ping_status":"closed","sticky":false,"template":"","format":"standard","meta":[],"categories":[12,14],"tags":[],"_links":{"self":[{"href":"http:\/\/nuevacordoba.net\/index.php\/wp-json\/wp\/v2\/posts\/34327"}],"collection":[{"href":"http:\/\/nuevacordoba.net\/index.php\/wp-json\/wp\/v2\/posts"}],"about":[{"href":"http:\/\/nuevacordoba.net\/index.php\/wp-json\/wp\/v2\/types\/post"}],"author":[{"embeddable":true,"href":"http:\/\/nuevacordoba.net\/index.php\/wp-json\/wp\/v2\/users\/1"}],"replies":[{"embeddable":true,"href":"http:\/\/nuevacordoba.net\/index.php\/wp-json\/wp\/v2\/comments?post=34327"}],"version-history":[{"count":0,"href":"http:\/\/nuevacordoba.net\/index.php\/wp-json\/wp\/v2\/posts\/34327\/revisions"}],"wp:featuredmedia":[{"embeddable":true,"href":"http:\/\/nuevacordoba.net\/index.php\/wp-json\/wp\/v2\/media\/34328"}],"wp:attachment":[{"href":"http:\/\/nuevacordoba.net\/index.php\/wp-json\/wp\/v2\/media?parent=34327"}],"wp:term":[{"taxonomy":"category","embeddable":true,"href":"http:\/\/nuevacordoba.net\/index.php\/wp-json\/wp\/v2\/categories?post=34327"},{"taxonomy":"post_tag","embeddable":true,"href":"http:\/\/nuevacordoba.net\/index.php\/wp-json\/wp\/v2\/tags?post=34327"}],"curies":[{"name":"wp","href":"https:\/\/api.w.org\/{rel}","templated":true}]}}