{"id":34335,"date":"2023-07-13T15:20:08","date_gmt":"2023-07-13T15:20:08","guid":{"rendered":"http:\/\/cordobanewsnet.wordpress.com\/2023\/07\/13\/de-loredo-anuncio-que-retomara-el-proyecto-del-tren-ligero-para-cordoba\/"},"modified":"2023-07-13T15:20:08","modified_gmt":"2023-07-13T15:20:08","slug":"de-loredo-anuncio-que-retomara-el-proyecto-del-tren-ligero-para-cordoba","status":"publish","type":"post","link":"http:\/\/nuevacordoba.net\/index.php\/2023\/07\/13\/de-loredo-anuncio-que-retomara-el-proyecto-del-tren-ligero-para-cordoba\/","title":{"rendered":"De Loredo anunci\u00f3 que retomar\u00e1 el proyecto del tren ligero para C\u00f3rdoba"},"content":{"rendered":"<p><!-- \/featured-media --> <\/p>\n<div class=\"post-content clear\" readability=\"47.064935064935\">\n<p>El candidato a intendente de Juntos por el Cambio, Rodrigo de Loredo, present\u00f3 este martes su propuesta integral de movilidad para la ciudad que incluye integrar al sistema un tren ligero que conecte la zona norte con la sur.<\/p>\n<figure class=\"wp-block-image size-large\"><img data-attachment-id=\"8070\" data-permalink=\"https:\/\/cordobanewsnet.wordpress.com\/2023\/07\/13\/de-loredo-anuncio-que-retomara-el-proyecto-del-tren-ligero-para-cordoba\/img_8258\/\" data-orig-file=\"http:\/\/nuevacordoba.net\/wp-content\/uploads\/2023\/07\/de-loredo-anuncio-que-retomara-el-proyecto-del-tren-ligero-para-cordoba-5.jpg\" data-orig-size=\"1200,1050\" data-comments-opened=\"1\" data-image-meta=\"{&quot;aperture&quot;:&quot;0&quot;,&quot;credit&quot;:&quot;&quot;,&quot;camera&quot;:&quot;&quot;,&quot;caption&quot;:&quot;&quot;,&quot;created_timestamp&quot;:&quot;0&quot;,&quot;copyright&quot;:&quot;&quot;,&quot;focal_length&quot;:&quot;0&quot;,&quot;iso&quot;:&quot;0&quot;,&quot;shutter_speed&quot;:&quot;0&quot;,&quot;title&quot;:&quot;&quot;,&quot;orientation&quot;:&quot;1&quot;}\" data-image-title=\"img_8258\" data-image-description data-image-caption data-medium-file=\"http:\/\/nuevacordoba.net\/wp-content\/uploads\/2023\/07\/de-loredo-anuncio-que-retomara-el-proyecto-del-tren-ligero-para-cordoba-3.jpg\" data-large-file=\"http:\/\/nuevacordoba.net\/wp-content\/uploads\/2023\/07\/de-loredo-anuncio-que-retomara-el-proyecto-del-tren-ligero-para-cordoba-5.jpg?w=736\" src=\"http:\/\/nuevacordoba.net\/wp-content\/uploads\/2023\/07\/de-loredo-anuncio-que-retomara-el-proyecto-del-tren-ligero-para-cordoba.jpg\" class=\"wp-image-8070\" srcset=\"http:\/\/nuevacordoba.net\/wp-content\/uploads\/2023\/07\/de-loredo-anuncio-que-retomara-el-proyecto-del-tren-ligero-para-cordoba.jpg 1024w, http:\/\/nuevacordoba.net\/wp-content\/uploads\/2023\/07\/de-loredo-anuncio-que-retomara-el-proyecto-del-tren-ligero-para-cordoba-2.jpg 150w, http:\/\/nuevacordoba.net\/wp-content\/uploads\/2023\/07\/de-loredo-anuncio-que-retomara-el-proyecto-del-tren-ligero-para-cordoba-3.jpg 300w, http:\/\/nuevacordoba.net\/wp-content\/uploads\/2023\/07\/de-loredo-anuncio-que-retomara-el-proyecto-del-tren-ligero-para-cordoba-4.jpg 768w, http:\/\/nuevacordoba.net\/wp-content\/uploads\/2023\/07\/de-loredo-anuncio-que-retomara-el-proyecto-del-tren-ligero-para-cordoba-5.jpg 1200w\" sizes=\"(max-width: 1024px) 100vw, 1024px\"><\/figure>\n<p>\u201cQuiero anunciar que vamos a retomar el compromiso que en su momento tom\u00f3 el actual intendente, Martin Llaryora, quien por razones seguro justificables no pudo realizar, de llevar adelante el tren ligero que cruce la ciudad de norte a sur.<\/p>\n<p>Este tren tendr\u00e1 un recorrido de 32 kil\u00f3metros y es algo que ya he conversado con los equipos t\u00e9cnicos de quienes con seguridad estar\u00e1n a cargo de la presidencia de la naci\u00f3n para su financiamiento\u201d, adelant\u00f3 De Loredo.<\/p>\n<div id=\"jp-post-flair\" class=\"sharedaddy sd-like-enabled sd-sharing-enabled\">\n<div class=\"sharedaddy sd-sharing-enabled\">\n<div class=\"robots-nocontent sd-block sd-social sd-social-icon-text sd-sharing\">\n<h3 class=\"sd-title\">Share this:<\/h3>\n<\/div>\n<\/div>\n<div class=\"sharedaddy sd-block sd-like jetpack-likes-widget-wrapper jetpack-likes-widget-unloaded\" id=\"like-post-wrapper-143108178-8071-64b056c02d5fd\" data-src=\"\/\/widgets.wp.com\/likes\/index.html?ver=20230309#blog_id=143108178&amp;post_id=8071&amp;origin=cordobanewsnet.wordpress.com&amp;obj_id=143108178-8071-64b056c02d5fd\" data-name=\"like-post-frame-143108178-8071-64b056c02d5fd\" data-title=\"Me gusta o Compartir\">\n<h3 class=\"sd-title\">Me gusta esto:<\/h3>\n<p><span class=\"button\"><span>Me gusta<\/span><\/span> <span class=\"loading\">Cargando&#8230;<\/span><\/p>\n<p><span class=\"sd-text-color\"><\/span><\/div>\n<p><h3 class=\"jp-relatedposts-headline\"><em>Relacionado<\/em><\/h3>\n<\/p>\n<\/div><\/div>\n<p><!--\/.post-content--> <\/p>\n<footer class=\"post-meta-container clear\" readability=\"0.77906976744186\">\n<div class=\"entry-author author-avatar-show\" readability=\"14.031746031746\">\n<div class=\"author-avatar\"> <img alt src=\"http:\/\/nuevacordoba.net\/wp-content\/uploads\/2023\/07\/de-loredo-anuncio-que-retomara-el-proyecto-del-tren-ligero-para-cordoba-1.jpg\" srcset=\"http:\/\/nuevacordoba.net\/wp-content\/uploads\/2023\/07\/de-loredo-anuncio-que-retomara-el-proyecto-del-tren-ligero-para-cordoba-1.jpg 1x, http:\/\/nuevacordoba.net\/wp-content\/uploads\/2023\/07\/de-loredo-anuncio-que-retomara-el-proyecto-del-tren-ligero-para-cordoba-6.jpg 1.5x, http:\/\/nuevacordoba.net\/wp-content\/uploads\/2023\/07\/de-loredo-anuncio-que-retomara-el-proyecto-del-tren-ligero-para-cordoba-7.jpg 2x, http:\/\/nuevacordoba.net\/wp-content\/uploads\/2023\/07\/de-loredo-anuncio-que-retomara-el-proyecto-del-tren-ligero-para-cordoba-8.jpg 3x, http:\/\/nuevacordoba.net\/wp-content\/uploads\/2023\/07\/de-loredo-anuncio-que-retomara-el-proyecto-del-tren-ligero-para-cordoba-9.jpg 4x\" class=\"avatar avatar-90\" height=\"90\" width=\"90\" loading=\"lazy\" decoding=\"async\"> <\/div>\n<p><!-- .author-avatar --> <\/p>\n<p><h2 class=\"author-title\">Publicado por <span class=\"author-name\">angelaponso<\/span><\/h2>\n<\/p>\n<p><!-- .author-heading --> <\/p>\n<p class=\"author-bio\"> <a class=\"author-link\" href=\"https:\/\/cordobanewsnet.wordpress.com\/author\/angelaponso\/\" rel=\"author\"> Ver todas las entradas de angelaponso <\/a> <\/p>\n<p><!-- .author-bio --> <\/div>\n<p><!-- .entry-auhtor --> <\/footer>\n<p> <!-- \/post-meta-container --> <!-- #respond --> <\/p>\n","protected":false},"excerpt":{"rendered":"<p>El candidato a intendente de Juntos por el Cambio, Rodrigo de Loredo, present\u00f3 este martes su propuesta integral de movilidad para la ciudad que incluye integrar al sistema un tren ligero que conecte la zona norte con la sur. \u201cQuiero anunciar que vamos a retomar el compromiso que en su momento tom\u00f3 el actual intendente, [&hellip;]<\/p>\n","protected":false},"author":1,"featured_media":34336,"comment_status":"closed","ping_status":"closed","sticky":false,"template":"","format":"standard","meta":[],"categories":[14],"tags":[],"_links":{"self":[{"href":"http:\/\/nuevacordoba.net\/index.php\/wp-json\/wp\/v2\/posts\/34335"}],"collection":[{"href":"http:\/\/nuevacordoba.net\/index.php\/wp-json\/wp\/v2\/posts"}],"about":[{"href":"http:\/\/nuevacordoba.net\/index.php\/wp-json\/wp\/v2\/types\/post"}],"author":[{"embeddable":true,"href":"http:\/\/nuevacordoba.net\/index.php\/wp-json\/wp\/v2\/users\/1"}],"replies":[{"embeddable":true,"href":"http:\/\/nuevacordoba.net\/index.php\/wp-json\/wp\/v2\/comments?post=34335"}],"version-history":[{"count":0,"href":"http:\/\/nuevacordoba.net\/index.php\/wp-json\/wp\/v2\/posts\/34335\/revisions"}],"wp:featuredmedia":[{"embeddable":true,"href":"http:\/\/nuevacordoba.net\/index.php\/wp-json\/wp\/v2\/media\/34336"}],"wp:attachment":[{"href":"http:\/\/nuevacordoba.net\/index.php\/wp-json\/wp\/v2\/media?parent=34335"}],"wp:term":[{"taxonomy":"category","embeddable":true,"href":"http:\/\/nuevacordoba.net\/index.php\/wp-json\/wp\/v2\/categories?post=34335"},{"taxonomy":"post_tag","embeddable":true,"href":"http:\/\/nuevacordoba.net\/index.php\/wp-json\/wp\/v2\/tags?post=34335"}],"curies":[{"name":"wp","href":"https:\/\/api.w.org\/{rel}","templated":true}]}}