{"id":34339,"date":"2023-07-13T21:53:41","date_gmt":"2023-07-13T21:53:41","guid":{"rendered":"http:\/\/nuevacordoba.net\/index.php\/2023\/07\/13\/madrid-suena-con-tener-a-la-formula-1-en-sus-historicas-calles\/"},"modified":"2023-07-13T21:53:41","modified_gmt":"2023-07-13T21:53:41","slug":"madrid-suena-con-tener-a-la-formula-1-en-sus-historicas-calles","status":"publish","type":"post","link":"http:\/\/nuevacordoba.net\/index.php\/2023\/07\/13\/madrid-suena-con-tener-a-la-formula-1-en-sus-historicas-calles\/","title":{"rendered":"Madrid sue\u00f1a con tener a la F\u00f3rmula 1 en sus hist\u00f3ricas calles"},"content":{"rendered":"<figure class=\"mb-3\"><img loading=\"lazy\" data-src=\"http:\/\/nuevacordoba.net\/wp-content\/uploads\/2023\/07\/madrid-suena-con-tener-a-la-formula-1-en-sus-historicas-calles.jpg\" src=\"https:\/\/www.telam.com.ar\/assets\/img\/not_image.png\" class=\" lazy \" width=\"100%\" height=\"100%\" alt=\"Foto AFP\"><figcaption> Foto: AFP. <\/figcaption><\/figure>\n<p>El presidente del Comit\u00e9 Ejecutivo de Ifema Madrid, <strong>Jos\u00e9 Vicente de los Mozos<\/strong>, dijo este jueves que esa instituci\u00f3n ferial espera la firma de un contrato para que la capital espa\u00f1ola sea sede, en un futuro, <strong>de un Gran Premio de F\u00f3rmula 1 en un circuito urbano<\/strong>.<\/p>\n<p>\u00abS\u00e9 cu\u00e1ndo lo vamos a firmar y cu\u00e1ndo lo vamos a hacer\u00bb, dijo el funcionario espa\u00f1ol aunque no quiso revelar la fecha de la firma del contrato, seg\u00fan indic\u00f3 el diario deportivo Marca.<\/p>\n<p>De los Mozos precis\u00f3 que existe un \u00abacuerdo de confidencialidad\u00bb con la F\u00f3rmula One Management (FOM), que es la empresa operativa de la F1, y que le \u00abimpide\u00bb dar a conocer los detalles del contrato.<\/p>\n<blockquote class=\"twitter-tweet\" readability=\"8.7521367521368\">\n<p lang=\"es\" dir=\"ltr\">Descubre el apasionante mundo de la velocidad, la tecnolog\u00eda y la emoci\u00f3n que rodea a la m\u00e1xima categor\u00eda del automovilismo en <a href=\"https:\/\/twitter.com\/F1Exhibition?ref_src=twsrc%5Etfw\">@F1Exhibition<\/a>. \ud83c\udfce<\/p>\n<p>Una experiencia \u00fanica para todos los aficionados. \ud83d\udea5<\/p>\n<p>\u00a1Solo hasta el 20 de agosto! \u27a1\ufe0f <a href=\"https:\/\/t.co\/wxTQKYuLgD\">https:\/\/t.co\/wxTQKYuLgD<\/a><a href=\"https:\/\/twitter.com\/hashtag\/Sientelainspiracion?src=hash&amp;ref_src=twsrc%5Etfw\">#Sientelainspiracion<\/a> <a href=\"https:\/\/t.co\/4JErHROPIc\">pic.twitter.com\/4JErHROPIc<\/a><\/p>\n<p>\u2014 IFEMA MADRID (@IFEMA) <a href=\"https:\/\/twitter.com\/IFEMA\/status\/1678800081179275265?ref_src=twsrc%5Etfw\">July 11, 2023<\/a><\/p><\/blockquote>\n<p>La competencia podr\u00eda generar unos 500 millones de euros al a\u00f1o para Madrid, con un circuito urbano en torno del Recinto Ferial (ubicado en el distrito de Barajas, al nordeste de la capital espa\u00f1ola) y con m\u00e1s de 12 pabellones a disposici\u00f3n de las escuder\u00edas.<\/p>\n<p>\u00abQueremos que no solo sea una carrera, sino que sea la mejor que haya en Europa\u00bb, destac\u00f3 el directivo de Ifema.<\/p>\n<p>De concretarse el acuerdo, Espa\u00f1a tendr\u00e1 dos escenarios anuales para la F\u00f3rmula 1 ya que Madrid se sumar\u00eda a Barcelona, que organiza la competencia de la m\u00e1xima categor\u00eda del automovilismo mundial en el circuito de Montmel\u00f3.<\/p>\n<p>Seg\u00fan De los Mozos, ya inici\u00f3 conversaciones con el responsable de la F\u00f3rmula 1, Stefano Domenicali, y asegur\u00f3 que \u00abexiste confianza mutua\u00bb para hacer realidad un Gran Premio en Madrid.<\/p>\n","protected":false},"excerpt":{"rendered":"<p>Foto: AFP. El presidente del Comit\u00e9 Ejecutivo de Ifema Madrid, Jos\u00e9 Vicente de los Mozos, dijo este jueves que esa instituci\u00f3n ferial espera la firma de un contrato para que la capital espa\u00f1ola sea sede, en un futuro, de un Gran Premio de F\u00f3rmula 1 en un circuito urbano. \u00abS\u00e9 cu\u00e1ndo lo vamos a firmar [&hellip;]<\/p>\n","protected":false},"author":1,"featured_media":34340,"comment_status":"closed","ping_status":"closed","sticky":false,"template":"","format":"standard","meta":[],"categories":[10],"tags":[],"_links":{"self":[{"href":"http:\/\/nuevacordoba.net\/index.php\/wp-json\/wp\/v2\/posts\/34339"}],"collection":[{"href":"http:\/\/nuevacordoba.net\/index.php\/wp-json\/wp\/v2\/posts"}],"about":[{"href":"http:\/\/nuevacordoba.net\/index.php\/wp-json\/wp\/v2\/types\/post"}],"author":[{"embeddable":true,"href":"http:\/\/nuevacordoba.net\/index.php\/wp-json\/wp\/v2\/users\/1"}],"replies":[{"embeddable":true,"href":"http:\/\/nuevacordoba.net\/index.php\/wp-json\/wp\/v2\/comments?post=34339"}],"version-history":[{"count":0,"href":"http:\/\/nuevacordoba.net\/index.php\/wp-json\/wp\/v2\/posts\/34339\/revisions"}],"wp:featuredmedia":[{"embeddable":true,"href":"http:\/\/nuevacordoba.net\/index.php\/wp-json\/wp\/v2\/media\/34340"}],"wp:attachment":[{"href":"http:\/\/nuevacordoba.net\/index.php\/wp-json\/wp\/v2\/media?parent=34339"}],"wp:term":[{"taxonomy":"category","embeddable":true,"href":"http:\/\/nuevacordoba.net\/index.php\/wp-json\/wp\/v2\/categories?post=34339"},{"taxonomy":"post_tag","embeddable":true,"href":"http:\/\/nuevacordoba.net\/index.php\/wp-json\/wp\/v2\/tags?post=34339"}],"curies":[{"name":"wp","href":"https:\/\/api.w.org\/{rel}","templated":true}]}}