{"id":34345,"date":"2023-07-13T22:14:57","date_gmt":"2023-07-13T22:14:57","guid":{"rendered":"https:\/\/www.bbc.com\/mundo\/articles\/cw0w4pxpn97o"},"modified":"2023-07-13T22:14:57","modified_gmt":"2023-07-13T22:14:57","slug":"el-tribunal-de-la-haya-da-razon-a-colombia-frente-a-nicaragua-3-claves-de-la-disputa-territorial-entre-ambos-paises-en-el-mar-de-san-andres","status":"publish","type":"post","link":"http:\/\/nuevacordoba.net\/index.php\/2023\/07\/13\/el-tribunal-de-la-haya-da-razon-a-colombia-frente-a-nicaragua-3-claves-de-la-disputa-territorial-entre-ambos-paises-en-el-mar-de-san-andres\/","title":{"rendered":"El tribunal de La Haya da raz\u00f3n a Colombia frente a Nicaragua: 3 claves de la disputa territorial entre ambos pa\u00edses en el mar de San Andr\u00e9s"},"content":{"rendered":"<div dir=\"ltr\" class=\"bbc-1ka88fa ebmt73l0\">\n<figure class=\"bbc-1qdcvv9 e1aczekt0\">\n<div dir=\"ltr\" class=\"bbc-172p16q ebmt73l0\">\n<div dir=\"ltr\" class=\"bbc-189y18v ebmt73l0\" readability=\"6.5\">\n<div data-e2e=\"image-placeholder\" class=\"bbc-997y1y eihqrxw0\" readability=\"8\"><img loading=\"lazy\" sizes=\"(min-width: 1008px) 760px, 100vw\" srcset=\"http:\/\/nuevacordoba.net\/wp-content\/uploads\/2023\/07\/el-tribunal-de-la-haya-da-razon-a-colombia-frente-a-nicaragua-3-claves-de-la-disputa-territorial-entre-ambos-paises-en-el-mar-de-san-andres-5.jpg 240w, http:\/\/nuevacordoba.net\/wp-content\/uploads\/2023\/07\/el-tribunal-de-la-haya-da-razon-a-colombia-frente-a-nicaragua-3-claves-de-la-disputa-territorial-entre-ambos-paises-en-el-mar-de-san-andres-6.jpg 320w, http:\/\/nuevacordoba.net\/wp-content\/uploads\/2023\/07\/el-tribunal-de-la-haya-da-razon-a-colombia-frente-a-nicaragua-3-claves-de-la-disputa-territorial-entre-ambos-paises-en-el-mar-de-san-andres-7.jpg 480w, http:\/\/nuevacordoba.net\/wp-content\/uploads\/2023\/07\/el-tribunal-de-la-haya-da-razon-a-colombia-frente-a-nicaragua-3-claves-de-la-disputa-territorial-entre-ambos-paises-en-el-mar-de-san-andres-8.jpg 624w, http:\/\/nuevacordoba.net\/wp-content\/uploads\/2023\/07\/el-tribunal-de-la-haya-da-razon-a-colombia-frente-a-nicaragua-3-claves-de-la-disputa-territorial-entre-ambos-paises-en-el-mar-de-san-andres-9.jpg 800w\" src=\"http:\/\/nuevacordoba.net\/wp-content\/uploads\/2023\/07\/el-tribunal-de-la-haya-da-razon-a-colombia-frente-a-nicaragua-3-claves-de-la-disputa-territorial-entre-ambos-paises-en-el-mar-de-san-andres.jpg\" alt=\"San Andr\u00e9s\" width=\"800\" height=\"450\" class=\"e3vrtyk0 bbc-rb7xa0 e1mo64ex0\"><\/p>\n<p role=\"text\" class=\"bbc-1s1cxbv ewbcsnk0\"><span class=\"bbc-m04vo2\">Fuente de la imagen, <\/span><span lang=\"en-GB\">Getty Images<\/span><\/p>\n<\/div>\n<\/div>\n<\/div>\n<\/figure>\n<\/div>\n<section role=\"region\" aria-labelledby=\"article-byline\" class=\"bbc-1vjaf6b\"><strong id=\"article-byline\" aria-hidden=\"true\" class=\"bbc-m04vo2\">Article information<\/strong><\/p>\n<ul role=\"list\" class=\"bbc-1rvtlej\">\n<li><span role=\"text\"><span class=\"bbc-m04vo2\">Author, <\/span><span class=\"bbc-1ypcc2\">Daniel Pardo<\/span><\/span><\/li>\n<li><span role=\"text\"><span class=\"bbc-m04vo2\">Role, <!-- --> <\/span><span class=\"bbc-1y5sx98\">Corresponsal de BBC Mundo en Colombia<\/span><\/span><\/li>\n<li class=\"bbc-v8pmqw\">\n<p><time datetime=\"2023-07-13\" class=\"bbc-1dafq0j e1mklfmt0\">5 horas<\/time><\/p>\n<\/li>\n<\/ul>\n<\/section>\n<div dir=\"ltr\" class=\"bbc-19j92fr ebmt73l0\" readability=\"9\">\n<p dir=\"ltr\" class=\"bbc-hhl7in e17g058b0\"><b>La Corte Internacional de Justicia de La Haya (CIJ) fall\u00f3 este jueves a favor de Colombia en la \u00faltima de las disputas legales de ese pa\u00eds contra Nicaragua por el espacio mar\u00edtimo que rodea a las islas de San Andr\u00e9s y Providencia. <\/b><\/p>\n<\/div>\n<div dir=\"ltr\" class=\"bbc-19j92fr ebmt73l0\" readability=\"12\">\n<p dir=\"ltr\" class=\"bbc-hhl7in e17g058b0\">\u00abLa Corte concluye que no puede extenderse la plataforma continental que se sobreponga sobre otro Estado\u00bb, dijo Joan Donoghue, presidenta de la CIJ, sobre la demanda que Nicaragua puso contra Colombia ante ese tribunal en 2013. <\/p>\n<\/div>\n<div dir=\"ltr\" class=\"bbc-19j92fr ebmt73l0\" readability=\"12\">\n<p dir=\"ltr\" class=\"bbc-hhl7in e17g058b0\">Managua esperaba que su plataforma continental, el fondo marino que en este caso tiene recursos pesqueros y petroleros, se expandiera m\u00e1s all\u00e1 de los 320 kil\u00f3metros, el l\u00edmite usual que delimita la soberan\u00eda de los pa\u00edses en el mar. <\/p>\n<\/div>\n<div dir=\"ltr\" class=\"bbc-19j92fr ebmt73l0\" readability=\"8\">\n<p dir=\"ltr\" class=\"bbc-hhl7in e17g058b0\">La Corte argument\u00f3 que <b>la soberan\u00eda de San Andr\u00e9s y Providencia se ver\u00eda afectada en caso de que dicha demanda favoreciera a Nicaragua. <\/b><\/p>\n<\/div>\n<div dir=\"ltr\" class=\"bbc-19j92fr ebmt73l0\" readability=\"11\">\n<p dir=\"ltr\" class=\"bbc-hhl7in e17g058b0\">Aunque el archipi\u00e9lago est\u00e1 a 110 kil\u00f3metros de la costa nicarag\u00fcense y a 720 kil\u00f3metros de la costa colombiana, la soberan\u00eda sobre el mismo le pertenece a Colombia, hecho ratificado por dicha Corte en 2012. <\/p>\n<\/div>\n<div dir=\"ltr\" class=\"bbc-19j92fr ebmt73l0\" readability=\"9\">\n<p dir=\"ltr\" class=\"bbc-hhl7in e17g058b0\">El presidente colombiano, Gustavo Petro, y sus antecesores celebraron el fallo de este jueves. <\/p>\n<\/div>\n<div dir=\"ltr\" class=\"bbc-19j92fr ebmt73l0\" readability=\"13\">\n<p dir=\"ltr\" class=\"bbc-hhl7in e17g058b0\">Carlos Arg\u00fcello, representante de la delegaci\u00f3n nicarag\u00fcense, declar\u00f3 en medios locales que su pa\u00eds <b>\u00abrespeta la resoluci\u00f3n\u00bb <\/b>y celebr\u00f3 que la Corte ratificara que Nicaragua, como cualquier pa\u00eds, es soberano en los 320 kil\u00f3metros de mar que se desprenden de su costa caribe\u00f1a. <\/p>\n<\/div>\n<div dir=\"ltr\" class=\"bbc-19j92fr ebmt73l0\" readability=\"11\">\n<p dir=\"ltr\" class=\"bbc-hhl7in e17g058b0\">\u00abEl territorio de Nicaragua por primera vez en su historia est\u00e1 pr\u00e1cticamente completo (\u2026) faltan algunos peque\u00f1os puntos, y eso lo seguimos estudiando y ser\u00e1 la Presidencia la que nos dar\u00e1 la instrucci\u00f3n de c\u00f3mo vamos a seguir movi\u00e9ndonos\u00bb, asegur\u00f3 Arg\u00fcello. <\/p>\n<\/div>\n<div dir=\"ltr\" class=\"bbc-19j92fr ebmt73l0\" readability=\"12\">\n<p dir=\"ltr\" class=\"bbc-hhl7in e17g058b0\">En todo caso, con la resoluci\u00f3n del jueves, que no es apelable, se dan por terminadas las demandas de Nicaragua contra Colombia ante tribunales internacionales por la soberan\u00eda de una regi\u00f3n hist\u00f3ricamente disputada. <\/p>\n<\/div>\n<div dir=\"ltr\" class=\"bbc-19j92fr ebmt73l0\" readability=\"7\">\n<p dir=\"ltr\" class=\"bbc-hhl7in e17g058b0\">Estas son las claves para entender el pleito. <\/p>\n<\/div>\n<div dir=\"ltr\" class=\"bbc-1ka88fa ebmt73l0\">\n<figure class=\"bbc-1qdcvv9 e1aczekt0\">\n<div dir=\"ltr\" class=\"bbc-172p16q ebmt73l0\">\n<div dir=\"ltr\" class=\"bbc-189y18v ebmt73l0\" readability=\"6.5\">\n<div data-e2e=\"image-placeholder\" class=\"bbc-997y1y eihqrxw0\" readability=\"8\"><noscript><img loading=\"lazy\" sizes=\"(min-width: 1008px) 760px, 100vw\" srcset=\"http:\/\/nuevacordoba.net\/wp-content\/uploads\/2023\/07\/el-tribunal-de-la-haya-da-razon-a-colombia-frente-a-nicaragua-3-claves-de-la-disputa-territorial-entre-ambos-paises-en-el-mar-de-san-andres-10.jpg 240w, http:\/\/nuevacordoba.net\/wp-content\/uploads\/2023\/07\/el-tribunal-de-la-haya-da-razon-a-colombia-frente-a-nicaragua-3-claves-de-la-disputa-territorial-entre-ambos-paises-en-el-mar-de-san-andres-11.jpg 320w, http:\/\/nuevacordoba.net\/wp-content\/uploads\/2023\/07\/el-tribunal-de-la-haya-da-razon-a-colombia-frente-a-nicaragua-3-claves-de-la-disputa-territorial-entre-ambos-paises-en-el-mar-de-san-andres-12.jpg 480w, http:\/\/nuevacordoba.net\/wp-content\/uploads\/2023\/07\/el-tribunal-de-la-haya-da-razon-a-colombia-frente-a-nicaragua-3-claves-de-la-disputa-territorial-entre-ambos-paises-en-el-mar-de-san-andres-13.jpg 624w, http:\/\/nuevacordoba.net\/wp-content\/uploads\/2023\/07\/el-tribunal-de-la-haya-da-razon-a-colombia-frente-a-nicaragua-3-claves-de-la-disputa-territorial-entre-ambos-paises-en-el-mar-de-san-andres-14.jpg 800w\" src=\"http:\/\/nuevacordoba.net\/wp-content\/uploads\/2023\/07\/el-tribunal-de-la-haya-da-razon-a-colombia-frente-a-nicaragua-3-claves-de-la-disputa-territorial-entre-ambos-paises-en-el-mar-de-san-andres-1.jpg\" alt=\"Corte de La Haya\" width=\"2763\" height=\"1554\" class=\"e3vrtyk0 bbc-rb7xa0 e1mo64ex0\"><\/noscript><\/p>\n<p role=\"text\" class=\"bbc-1s1cxbv ewbcsnk0\"><span class=\"bbc-m04vo2\">Fuente de la imagen, <\/span><span lang=\"en-GB\">Getty Images<\/span><\/p>\n<\/div>\n<\/div>\n<div dir=\"ltr\" class=\"bbc-3edg7g ebmt73l0\" readability=\"6\"><figcaption dir=\"ltr\" class=\"bbc-rhuvwm e6i104o0\" readability=\"2\"><span class=\"bbc-m04vo2\">Pie de foto, <\/span><\/p>\n<p>El fallo rechazo por 13 votos a 4 la demanda principal de Nicaragua.<\/p>\n<\/figcaption><\/div>\n<\/div>\n<\/figure>\n<\/div>\n<p><h2 id=\"1-Qu\u00e9-buscaba-Nicaragua\" tabindex=\"-1\" class=\"bbc-1f03ibc eglt09e0\">1. \u00bfQu\u00e9 buscaba Nicaragua?<\/h2>\n<\/p>\n<div dir=\"ltr\" class=\"bbc-19j92fr ebmt73l0\" readability=\"12\">\n<p dir=\"ltr\" class=\"bbc-hhl7in e17g058b0\">Para entender este fallo hay que remontarse a las demandas interpuestas por Nicaragua en el pasado, que en un principio ped\u00edan despojar a Colombia del control del archipi\u00e9lago y luego, una vez zanjada la cuesti\u00f3n terrestre, pidi\u00f3 control sobre las aguas. <\/p>\n<\/div>\n<div dir=\"ltr\" class=\"bbc-19j92fr ebmt73l0\" readability=\"14\">\n<p dir=\"ltr\" class=\"bbc-hhl7in e17g058b0\">En 2012, el mismo tribunal fall\u00f3 parcialmente a favor de Nicaragua en una demanda sobre la soberan\u00eda de las islas: aunque no les concedi\u00f3 derechos sobre la tierra del archipi\u00e9lago, el cual es gobernado por Colombia desde 1803, s\u00ed expandi\u00f3 su delimitaci\u00f3n mar\u00edtima, quit\u00e1ndole a Colombia soberan\u00eda sobre 75.000 kil\u00f3metros cuadrados de mar.<\/p>\n<\/div>\n<div dir=\"ltr\" class=\"bbc-19j92fr ebmt73l0\" readability=\"10\">\n<p dir=\"ltr\" class=\"bbc-hhl7in e17g058b0\">En ese momento Colombia rechaz\u00f3 el fallo y<b> se sali\u00f3 del Pacto de Bogot\u00e1<\/b>, un acuerdo firmado en 1948 por pa\u00edses latinoamericanos seg\u00fan el cual los pleitos territoriales se resuelven por medios pac\u00edficos. <\/p>\n<\/div>\n<div dir=\"ltr\" class=\"bbc-19j92fr ebmt73l0\" readability=\"12\">\n<p dir=\"ltr\" class=\"bbc-hhl7in e17g058b0\">Esa salida, sin embargo, no fue instant\u00e1nea: tom\u00f3 un a\u00f1o. Y fue en ese periodo que Nicaragua dobl\u00f3 la apuesta y puso dos demandas contra Colombia, una por supuestamente violar sus espacios mar\u00edtimos y otra para expandir su plataforma territorial. <\/p>\n<\/div>\n<div dir=\"ltr\" class=\"bbc-19j92fr ebmt73l0\" readability=\"11\">\n<p dir=\"ltr\" class=\"bbc-hhl7in e17g058b0\">La resoluci\u00f3n de la primera, dada a conocer en abril de 2022, exhort\u00f3 a Colombia a \u00abcesar inmediatamente\u00bb sus operaciones patrulleras en la zona nicarag\u00fcense e intentar controlar la pesca y las investigaciones mar\u00edtimas en esas aguas. <\/p>\n<\/div>\n<div dir=\"ltr\" class=\"bbc-19j92fr ebmt73l0\" readability=\"10\">\n<p dir=\"ltr\" class=\"bbc-hhl7in e17g058b0\">Ahora se da a conocer la resoluci\u00f3n de la segunda demanda, que favoreci\u00f3 a Colombia, en la medida en que no se modifica el estado de cosas en la regi\u00f3n caribe\u00f1a. <\/p>\n<\/div>\n<div dir=\"ltr\" class=\"bbc-1ka88fa ebmt73l0\">\n<figure class=\"bbc-1qdcvv9 e1aczekt0\">\n<div dir=\"ltr\" class=\"bbc-172p16q ebmt73l0\">\n<div dir=\"ltr\" class=\"bbc-189y18v ebmt73l0\" readability=\"6.5\">\n<div data-e2e=\"image-placeholder\" class=\"bbc-997y1y eihqrxw0\" readability=\"8\"><noscript><img loading=\"lazy\" sizes=\"(min-width: 1008px) 760px, 100vw\" srcset=\"http:\/\/nuevacordoba.net\/wp-content\/uploads\/2023\/07\/el-tribunal-de-la-haya-da-razon-a-colombia-frente-a-nicaragua-3-claves-de-la-disputa-territorial-entre-ambos-paises-en-el-mar-de-san-andres-15.jpg 240w, http:\/\/nuevacordoba.net\/wp-content\/uploads\/2023\/07\/el-tribunal-de-la-haya-da-razon-a-colombia-frente-a-nicaragua-3-claves-de-la-disputa-territorial-entre-ambos-paises-en-el-mar-de-san-andres-16.jpg 320w, http:\/\/nuevacordoba.net\/wp-content\/uploads\/2023\/07\/el-tribunal-de-la-haya-da-razon-a-colombia-frente-a-nicaragua-3-claves-de-la-disputa-territorial-entre-ambos-paises-en-el-mar-de-san-andres-17.jpg 480w, http:\/\/nuevacordoba.net\/wp-content\/uploads\/2023\/07\/el-tribunal-de-la-haya-da-razon-a-colombia-frente-a-nicaragua-3-claves-de-la-disputa-territorial-entre-ambos-paises-en-el-mar-de-san-andres-18.jpg 624w, http:\/\/nuevacordoba.net\/wp-content\/uploads\/2023\/07\/el-tribunal-de-la-haya-da-razon-a-colombia-frente-a-nicaragua-3-claves-de-la-disputa-territorial-entre-ambos-paises-en-el-mar-de-san-andres-19.jpg 800w\" src=\"http:\/\/nuevacordoba.net\/wp-content\/uploads\/2023\/07\/el-tribunal-de-la-haya-da-razon-a-colombia-frente-a-nicaragua-3-claves-de-la-disputa-territorial-entre-ambos-paises-en-el-mar-de-san-andres-2.jpg\" alt=\"Daniel Ortega\" width=\"3404\" height=\"1915\" class=\"e3vrtyk0 bbc-rb7xa0 e1mo64ex0\"><\/noscript><\/p>\n<p role=\"text\" class=\"bbc-1s1cxbv ewbcsnk0\"><span class=\"bbc-m04vo2\">Fuente de la imagen, <\/span><span lang=\"en-GB\">Getty Images<\/span><\/p>\n<\/div>\n<\/div>\n<div dir=\"ltr\" class=\"bbc-3edg7g ebmt73l0\" readability=\"7\"><figcaption dir=\"ltr\" class=\"bbc-rhuvwm e6i104o0\" readability=\"4\"><span class=\"bbc-m04vo2\">Pie de foto, <\/span><\/p>\n<p>El presidente Daniel Ortega no se ha pronunciado sobre este fallo, pero sus delegados en La Haya se mostraron optimistas. <\/p>\n<\/figcaption><\/div>\n<\/div>\n<\/figure>\n<\/div>\n<p><h2 id=\"2-Por-qu\u00e9-las-islas-est\u00e1n-controladas-por-Colombia\" tabindex=\"-1\" class=\"bbc-1f03ibc eglt09e0\">2. \u00bfPor qu\u00e9 las islas est\u00e1n controladas por Colombia?<\/h2>\n<\/p>\n<div dir=\"ltr\" class=\"bbc-19j92fr ebmt73l0\" readability=\"16\">\n<p dir=\"ltr\" class=\"bbc-hhl7in e17g058b0\">Cuando los espa\u00f1oles empezaron a ejercer control sobre el Caribe tras la conquista de Am\u00e9rica en 1492, las islas fueron adjudicadas a la Capitan\u00eda de Guatemala, en Centroam\u00e9rica, y luego, a medida que creci\u00f3 el inter\u00e9s de la Corona sobre las mismas, al Virreinato de la Nueva Granada, en lo que hoy es Colombia. <\/p>\n<\/div>\n<div dir=\"ltr\" class=\"bbc-19j92fr ebmt73l0\" readability=\"9\">\n<p dir=\"ltr\" class=\"bbc-hhl7in e17g058b0\">Eso fue formalizado en una Orden Real en 1803 que dio control de las islas a Bogot\u00e1, una jurisdicci\u00f3n con mayor poder militar para defenderlas de la amenaza de los piratas. <\/p>\n<\/div>\n<div dir=\"ltr\" class=\"bbc-19j92fr ebmt73l0\" readability=\"8\">\n<p dir=\"ltr\" class=\"bbc-hhl7in e17g058b0\">Pero tres a\u00f1os despu\u00e9s se emiti\u00f3 otra resoluci\u00f3n que devolv\u00eda la Costa de Mosquitos \u2014mas no las islas\u2014 a la Capitan\u00eda de Guatemala. <\/p>\n<\/div>\n<div dir=\"ltr\" class=\"bbc-19j92fr ebmt73l0\" readability=\"7\">\n<p dir=\"ltr\" class=\"bbc-hhl7in e17g058b0\">Cada pa\u00eds interpret\u00f3 estas \u00f3rdenes reales seg\u00fan su propio inter\u00e9s. <\/p>\n<\/div>\n<div dir=\"ltr\" class=\"bbc-19j92fr ebmt73l0\" readability=\"14\">\n<p dir=\"ltr\" class=\"bbc-hhl7in e17g058b0\">En 1825, cuando ambos pa\u00edses gozaban de autonom\u00eda tras la independencia, <b>se firm\u00f3 un tratado bilateral que concertaba los l\u00edmites del momento como definitivos<\/b>. Cada pa\u00eds se concentr\u00f3 en sus propios conflictos internos y, en el caso nicarag\u00fcense, en las amenazas de las potencias internacionales interesadas en el control de los canales transatl\u00e1nticos. <\/p>\n<\/div>\n<div dir=\"ltr\" class=\"bbc-19j92fr ebmt73l0\" readability=\"12\">\n<p dir=\"ltr\" class=\"bbc-hhl7in e17g058b0\">Hasta 1928 no hubo nuevos desarrollos en el tema, cuando se firm\u00f3 el tratado Esguerra-B\u00e1rcenas, que formaliz\u00f3 algo que estaba pasando de facto: Colombia reconoci\u00f3 la soberan\u00eda de Nicaragua sobre la Costa de Mosquitos y Nicaragua reconoci\u00f3 la soberan\u00eda de Colombia sobre el archipi\u00e9lago de San Andr\u00e9s. <\/p>\n<\/div>\n<div dir=\"ltr\" class=\"bbc-19j92fr ebmt73l0\" readability=\"10\">\n<p dir=\"ltr\" class=\"bbc-hhl7in e17g058b0\">Nicaragua, sin embargo, alega que firm\u00f3 ese tratado cuando el pa\u00eds estaba controlado por Estados Unidos.<\/p>\n<\/div>\n<div dir=\"ltr\" class=\"bbc-19j92fr ebmt73l0\" readability=\"12\">\n<p dir=\"ltr\" class=\"bbc-hhl7in e17g058b0\">Las cosas se mantuvieron as\u00ed hasta 1980, cuando la revoluci\u00f3n sandinista derroc\u00f3 al r\u00e9gimen militar de Anastasio Somoza, que estaba apoyado por Estados Unidos, y demand\u00f3 a Colombia ante la CIJ por la soberan\u00eda del archipi\u00e9lago.<\/p>\n<\/div>\n<div dir=\"ltr\" class=\"bbc-19j92fr ebmt73l0\" readability=\"9\">\n<p dir=\"ltr\" class=\"bbc-hhl7in e17g058b0\">El reclamo nicarag\u00fcense queda ahora saldado, al menos en tribunales internacionales: las islas son colombianas y el agua que les rodea debe ser compartida por ambos pa\u00edses. <\/p>\n<\/div>\n<div dir=\"ltr\" class=\"bbc-1ka88fa ebmt73l0\">\n<figure class=\"bbc-1qdcvv9 e1aczekt0\">\n<div dir=\"ltr\" class=\"bbc-172p16q ebmt73l0\">\n<div dir=\"ltr\" class=\"bbc-189y18v ebmt73l0\" readability=\"6.5\">\n<div data-e2e=\"image-placeholder\" class=\"bbc-997y1y eihqrxw0\" readability=\"8\"><noscript><img loading=\"lazy\" sizes=\"(min-width: 1008px) 760px, 100vw\" srcset=\"http:\/\/nuevacordoba.net\/wp-content\/uploads\/2023\/07\/el-tribunal-de-la-haya-da-razon-a-colombia-frente-a-nicaragua-3-claves-de-la-disputa-territorial-entre-ambos-paises-en-el-mar-de-san-andres-20.jpg 240w, http:\/\/nuevacordoba.net\/wp-content\/uploads\/2023\/07\/el-tribunal-de-la-haya-da-razon-a-colombia-frente-a-nicaragua-3-claves-de-la-disputa-territorial-entre-ambos-paises-en-el-mar-de-san-andres-21.jpg 320w, http:\/\/nuevacordoba.net\/wp-content\/uploads\/2023\/07\/el-tribunal-de-la-haya-da-razon-a-colombia-frente-a-nicaragua-3-claves-de-la-disputa-territorial-entre-ambos-paises-en-el-mar-de-san-andres-22.jpg 480w, http:\/\/nuevacordoba.net\/wp-content\/uploads\/2023\/07\/el-tribunal-de-la-haya-da-razon-a-colombia-frente-a-nicaragua-3-claves-de-la-disputa-territorial-entre-ambos-paises-en-el-mar-de-san-andres-23.jpg 624w, http:\/\/nuevacordoba.net\/wp-content\/uploads\/2023\/07\/el-tribunal-de-la-haya-da-razon-a-colombia-frente-a-nicaragua-3-claves-de-la-disputa-territorial-entre-ambos-paises-en-el-mar-de-san-andres-24.jpg 800w\" src=\"http:\/\/nuevacordoba.net\/wp-content\/uploads\/2023\/07\/el-tribunal-de-la-haya-da-razon-a-colombia-frente-a-nicaragua-3-claves-de-la-disputa-territorial-entre-ambos-paises-en-el-mar-de-san-andres-3.jpg\" alt=\"Gustavo Petro\" width=\"800\" height=\"450\" class=\"e3vrtyk0 bbc-rb7xa0 e1mo64ex0\"><\/noscript><\/p>\n<p role=\"text\" class=\"bbc-1s1cxbv ewbcsnk0\"><span class=\"bbc-m04vo2\">Fuente de la imagen, <\/span><span lang=\"en-GB\">Getty Images<\/span><\/p>\n<\/div>\n<\/div>\n<div dir=\"ltr\" class=\"bbc-3edg7g ebmt73l0\" readability=\"6\"><figcaption dir=\"ltr\" class=\"bbc-rhuvwm e6i104o0\" readability=\"2\"><span class=\"bbc-m04vo2\">Pie de foto, <\/span><\/p>\n<p>Gustavo Petro ahora espera viajar a San Andr\u00e9s y enfocarse en el desarrollo del archipi\u00e9lago. <\/p>\n<\/figcaption><\/div>\n<\/div>\n<\/figure>\n<\/div>\n<p><h2 id=\"3-Qu\u00e9-viene-ahora\" tabindex=\"-1\" class=\"bbc-1f03ibc eglt09e0\">3. \u00bfQu\u00e9 viene ahora?<\/h2>\n<\/p>\n<div dir=\"ltr\" class=\"bbc-19j92fr ebmt73l0\" readability=\"9\">\n<p dir=\"ltr\" class=\"bbc-hhl7in e17g058b0\">Aunque el aspecto judicial y pol\u00edtico del pleito se ha resuelto, las condiciones sociales del archipi\u00e9lago y la Costa de Mosquitos est\u00e1n pendientes de soluciones. <\/p>\n<\/div>\n<div dir=\"ltr\" class=\"bbc-19j92fr ebmt73l0\" readability=\"9\">\n<p dir=\"ltr\" class=\"bbc-hhl7in e17g058b0\">\u00abEsperamos con este fallo cerrar la controversia lim\u00edtrofe y abocarnos a llevar desarrollo sostenible a nuestro archipi\u00e9lago\u00bb, dijo el presidente Petro tras el fallo. <\/p>\n<\/div>\n<div dir=\"ltr\" class=\"bbc-19j92fr ebmt73l0\" readability=\"14\">\n<p dir=\"ltr\" class=\"bbc-hhl7in e17g058b0\">En efecto, los habitantes raizales de toda esta regi\u00f3n, que incluye la costa nicarag\u00fcense y parte de Panam\u00e1, reclaman que ambos Estados tienen una deuda hist\u00f3rica hacia ellos, en la medida en que <b>sus intereses econ\u00f3micos, culturales y pol\u00edticos no han sido respetados. <\/b><\/p>\n<\/div>\n<div dir=\"ltr\" class=\"bbc-19j92fr ebmt73l0\" readability=\"13\">\n<p dir=\"ltr\" class=\"bbc-hhl7in e17g058b0\">El creole, su lengua nativa, no se ense\u00f1a en los colegios. Los pescadores artesanales est\u00e1n acorralados por la pesca industrial. El desarrollo tur\u00edstico de San Andr\u00e9s, ahora en crisis, ha desplazado muchas pr\u00e1cticas culturales raizales. <\/p>\n<\/div>\n<div dir=\"ltr\" class=\"bbc-19j92fr ebmt73l0\" readability=\"12\">\n<p dir=\"ltr\" class=\"bbc-hhl7in e17g058b0\">Los servicios b\u00e1sicos est\u00e1n concentrados en los hoteles. La misma sustentabilidad de la isla est\u00e1 amenazada por la sobrepoblaci\u00f3n, pues all\u00ed viven dos veces m\u00e1s personas de lo que, seg\u00fan estudios oficiales, el ecosistema soporta. <\/p>\n<\/div>\n<div dir=\"ltr\" class=\"bbc-19j92fr ebmt73l0\" readability=\"11\">\n<p dir=\"ltr\" class=\"bbc-hhl7in e17g058b0\">Adem\u00e1s de esto, los raizales alegan que el pleito internacional rompi\u00f3 el intercambio comercial y cultural que estos pueblos han profesado por siglos. Incluso denuncian que desde Mangua y Bogot\u00e1 se colonizaron sus tierras, sin respetar su v\u00ednculo cultural y econ\u00f3mico con las mismas. <\/p>\n<\/div>\n<div dir=\"ltr\" class=\"bbc-19j92fr ebmt73l0\" readability=\"9\">\n<p dir=\"ltr\" class=\"bbc-hhl7in e17g058b0\">En ambos pa\u00edses vive gente de las mismas familias, pero durante d\u00e9cadas su contacto ha estado sometido a los diferendos entre Bogot\u00e1 y Managua. <\/p>\n<\/div>\n<div dir=\"ltr\" class=\"bbc-19j92fr ebmt73l0\" readability=\"11\">\n<p dir=\"ltr\" class=\"bbc-hhl7in e17g058b0\">El pleito judicial, entonces, puede estar saldado, pero la deuda hist\u00f3rica hacia los pueblos raizales est\u00e1 pendiente. <\/p>\n<\/div>\n<div dir=\"ltr\" class=\"bbc-1ka88fa ebmt73l0\">\n<figure class=\"bbc-1qdcvv9 e1aczekt0\">\n<div dir=\"ltr\" class=\"bbc-172p16q ebmt73l0\">\n<div dir=\"ltr\" class=\"bbc-189y18v ebmt73l0\">\n<div data-e2e=\"image-placeholder\" class=\"bbc-997y1y eihqrxw0\"><noscript><img loading=\"lazy\" sizes=\"(min-width: 1008px) 760px, 100vw\" srcset=\"http:\/\/nuevacordoba.net\/wp-content\/uploads\/2023\/07\/el-tribunal-de-la-haya-da-razon-a-colombia-frente-a-nicaragua-3-claves-de-la-disputa-territorial-entre-ambos-paises-en-el-mar-de-san-andres-25.jpg 240w, http:\/\/nuevacordoba.net\/wp-content\/uploads\/2023\/07\/el-tribunal-de-la-haya-da-razon-a-colombia-frente-a-nicaragua-3-claves-de-la-disputa-territorial-entre-ambos-paises-en-el-mar-de-san-andres-26.jpg 320w, http:\/\/nuevacordoba.net\/wp-content\/uploads\/2023\/07\/el-tribunal-de-la-haya-da-razon-a-colombia-frente-a-nicaragua-3-claves-de-la-disputa-territorial-entre-ambos-paises-en-el-mar-de-san-andres-27.jpg 464w\" src=\"http:\/\/nuevacordoba.net\/wp-content\/uploads\/2023\/07\/el-tribunal-de-la-haya-da-razon-a-colombia-frente-a-nicaragua-3-claves-de-la-disputa-territorial-entre-ambos-paises-en-el-mar-de-san-andres-4.jpg\" alt=\"Linea \" width=\"464\" height=\"2\" class=\"e3vrtyk0 bbc-rb7xa0 e1mo64ex0\"><\/noscript><\/div>\n<\/div>\n<\/div>\n<\/figure>\n<\/div>\n<div dir=\"ltr\" class=\"bbc-19j92fr ebmt73l0\" readability=\"8\">\n<p dir=\"ltr\" class=\"bbc-hhl7in e17g058b0\">Recuerda que puedes recibir notificaciones de BBC Mundo. Descarga la nueva versi\u00f3n de nuestra app y act\u00edvalas para no perderte nuestro mejor contenido.<\/p>\n<\/div>\n","protected":false},"excerpt":{"rendered":"<p>Fuente de la imagen, Getty Images Article information Author, Daniel Pardo Role, Corresponsal de BBC Mundo en Colombia 5 horas La Corte Internacional de Justicia de La Haya (CIJ) fall\u00f3 este jueves a favor de Colombia en la \u00faltima de las disputas legales de ese pa\u00eds contra Nicaragua por el espacio mar\u00edtimo que rodea a [&hellip;]<\/p>\n","protected":false},"author":1,"featured_media":34346,"comment_status":"closed","ping_status":"closed","sticky":false,"template":"","format":"standard","meta":[],"categories":[13],"tags":[],"_links":{"self":[{"href":"http:\/\/nuevacordoba.net\/index.php\/wp-json\/wp\/v2\/posts\/34345"}],"collection":[{"href":"http:\/\/nuevacordoba.net\/index.php\/wp-json\/wp\/v2\/posts"}],"about":[{"href":"http:\/\/nuevacordoba.net\/index.php\/wp-json\/wp\/v2\/types\/post"}],"author":[{"embeddable":true,"href":"http:\/\/nuevacordoba.net\/index.php\/wp-json\/wp\/v2\/users\/1"}],"replies":[{"embeddable":true,"href":"http:\/\/nuevacordoba.net\/index.php\/wp-json\/wp\/v2\/comments?post=34345"}],"version-history":[{"count":0,"href":"http:\/\/nuevacordoba.net\/index.php\/wp-json\/wp\/v2\/posts\/34345\/revisions"}],"wp:featuredmedia":[{"embeddable":true,"href":"http:\/\/nuevacordoba.net\/index.php\/wp-json\/wp\/v2\/media\/34346"}],"wp:attachment":[{"href":"http:\/\/nuevacordoba.net\/index.php\/wp-json\/wp\/v2\/media?parent=34345"}],"wp:term":[{"taxonomy":"category","embeddable":true,"href":"http:\/\/nuevacordoba.net\/index.php\/wp-json\/wp\/v2\/categories?post=34345"},{"taxonomy":"post_tag","embeddable":true,"href":"http:\/\/nuevacordoba.net\/index.php\/wp-json\/wp\/v2\/tags?post=34345"}],"curies":[{"name":"wp","href":"https:\/\/api.w.org\/{rel}","templated":true}]}}