{"id":3436,"date":"2021-04-19T09:31:43","date_gmt":"2021-04-19T09:31:43","guid":{"rendered":"http:\/\/nuevacordoba.net\/index.php\/2021\/04\/19\/fernandez-sobre-las-clases-los-chicos-juegan-entre-si-cambiandose-los-barbijos\/"},"modified":"2021-04-19T09:31:43","modified_gmt":"2021-04-19T09:31:43","slug":"fernandez-sobre-las-clases-los-chicos-juegan-entre-si-cambiandose-los-barbijos","status":"publish","type":"post","link":"http:\/\/nuevacordoba.net\/index.php\/2021\/04\/19\/fernandez-sobre-las-clases-los-chicos-juegan-entre-si-cambiandose-los-barbijos\/","title":{"rendered":"Fern\u00e1ndez, sobre las clases: \u201cLos chicos juegan entre s\u00ed cambi\u00e1ndose los barbijos\u201d"},"content":{"rendered":"<p>El presidente Alberto Fern\u00e1ndez defendi\u00f3 este jueves su decisi\u00f3n de cerrar las escuelas y colegios del \u00c1rea Metropolitana de Buenos Aires (AMBA) durante dos semanas por el riesgo de contagios de Covid-19 que hay en los establecimientos y afirm\u00f3: \u201cLos chicos juegan entre s\u00ed cambi\u00e1ndose los barbijos\u201d.<\/p>\n<p>Fern\u00e1ndez admiti\u00f3 que la decisi\u00f3n que tom\u00f3 era resistida por el ministro de Educaci\u00f3n, Nicol\u00e1s Trotta, quien quer\u00eda mantener las clases presenciales en todo el pa\u00eds, con restricciones muy focalizadas en establecimientos en los que haya alg\u00fan nivel de alerta por casos sospechosos o confirmados de Covid-19.<\/p>\n<p>\u201cYo mismo tuve discusiones dentro de mi equipo porque el ministro de Educaci\u00f3n cre\u00eda que hab\u00eda que tratar de insistir un poco m\u00e1s con las clases presenciales. Pero las clases presenciales no son las clases presenciales solamente\u201d, dijo Fern\u00e1ndez en declaraciones a la porte\u00f1a Radio 10.<\/p>\n<p>Y agreg\u00f3: \u201cHay que ir a un colegio primario y ver en el horario de salida de los chicos como las madres se agolpan frente a las puertas, ver como de ese modo el contagio puede hacerse m\u00e1s f\u00e1cil, ver como los chicos juegan entre s\u00ed cambi\u00e1ndose los barbijos\u201d.<\/p>\n<p>El Presidente dijo que durante los doce d\u00edas que tuvo de aislamiento en la quinta presidencial de Olivos por haberse contagiado de Covid-19 mantuvo di\u00e1logo con representantes de m\u00faltiples sectores sociales y econ\u00f3micos.<\/p>\n<p>\u201cTodo este tiempo yo escuch\u00e9 a todos. He hablado con maestros de escuelas de chicos con capacidades diferentes. \u00a1Lo dif\u00edcil que se les hace trabajar con esos chicos que no entienden la dimensi\u00f3n del problema sanitario que enfrentan!\u201d, enfatiz\u00f3.<\/p>\n<figure><img alt class=\"lazyload block \" data-sizes=\"auto\" data-src=\"http:\/\/nuevacordoba.net\/wp-content\/uploads\/2021\/04\/fernandez-sobre-las-clases-los-chicos-juegan-entre-si-cambiandose-los-barbijos.jpg\" width=\"565px\" height=\"318px\"><figcaption class>Clases. Alberto defendi\u00f3 el cierre de las escuelas en el AMBA (Presidencia).<\/figcaption><\/figure>\n<h4 class>\u00bfConsenso con Rodr\u00edguez Larreta y Kicillof?<\/h4>\n<p>Fern\u00e1ndez aclar\u00f3 que decidi\u00f3 unilateralmente cerrar todas las escuelas y colegios del AMBA, sin consulta previa con el jefe de Gobierno porte\u00f1o, Horacio Rodr\u00edguez Larreta, ni con el gobernador de Buenos Aires, Axel Kicillof.<\/p>\n<p>No obstante, Kicillof fue quien hace dos semanas les propuso a Fern\u00e1ndez y a Rodr\u00edguez Larreta ir a un cierre total, un confinamiento estricto, durante al menos quince d\u00edas para intentar frenar la segunda ola de Covid-19.<\/p>\n<p>\u201cNo lo habl\u00e9 porque, miren, yo dialogo siempre y trato de hablar siempre y de hecho las medidas anteriores las dialogu\u00e9, las convers\u00e9. Quise cerrar los restaurantes y (en la Ciudad) me pidieron que no lo hiciera. Propuse cerrarlos a las 22:00 y me pidieron que lo extendieran hasta las 23:00. Consensu\u00e9 todas las medidas y despu\u00e9s me enter\u00e9 cuando las anunciaron dijeron que los comercios se pod\u00edas quedar hasta las 24:00, porque no estaban de acuerdo. Si uno habla, conversa y acuerda y despu\u00e9s dice que no est\u00e1 de acuerdo, no entiendo para qu\u00e9 lo hacemos\u201d, dijo al marcar sus diferencias con Rodr\u00edguez Larreta.<\/p>\n<p>Y asegur\u00f3: \u201cPor eso estas medias no las consensu\u00e9, las tom\u00e9 yo y me hago cargo yo. Y son las fuerzas federales las que van a hacer cumplir esto. Si la Polic\u00eda de la Ciudad de Buenos Aires no lo quiere hacer como vi que pas\u00f3 el fin de semana en Palermo\u201d.<\/p>\n<p>En ese sentido, dijo: \u201cMiren, mi tel\u00e9fono lo tiene m\u00e1s de la mitad de la Argentina, porque es el mismo n\u00famero que tengo desde 1994 y hoy lo tiene todo el mundo. \u00a1La cantidad de vecinos de Palermo que me mandaron fotos de lo que estaba pasando el fin de semana!\u201d.<\/p>\n<p>Y afirm\u00f3 que \u201clos shoppings van a estar cerrados durante los 15 d\u00edas. \u201cTenemos tambi\u00e9n que llamar la atenci\u00f3n de la gente, \u00bfno? Porque lo que se vio el fin de semana en el Unicenter\u2026 Y no eran los chicos ni adolescentes\u2026\u201d.<\/p>\n<h4 class>M\u00e1s informaci\u00f3n<\/h4>\n","protected":false},"excerpt":{"rendered":"<p>El presidente Alberto Fern\u00e1ndez defendi\u00f3 este jueves su decisi\u00f3n de cerrar las escuelas y colegios del \u00c1rea Metropolitana de Buenos Aires (AMBA) durante dos semanas por el riesgo de contagios de Covid-19 que hay en los establecimientos y afirm\u00f3: \u201cLos chicos juegan entre s\u00ed cambi\u00e1ndose los barbijos\u201d. Fern\u00e1ndez admiti\u00f3 que la decisi\u00f3n que tom\u00f3 era [&hellip;]<\/p>\n","protected":false},"author":1,"featured_media":3437,"comment_status":"closed","ping_status":"closed","sticky":false,"template":"","format":"standard","meta":[],"categories":[12],"tags":[],"_links":{"self":[{"href":"http:\/\/nuevacordoba.net\/index.php\/wp-json\/wp\/v2\/posts\/3436"}],"collection":[{"href":"http:\/\/nuevacordoba.net\/index.php\/wp-json\/wp\/v2\/posts"}],"about":[{"href":"http:\/\/nuevacordoba.net\/index.php\/wp-json\/wp\/v2\/types\/post"}],"author":[{"embeddable":true,"href":"http:\/\/nuevacordoba.net\/index.php\/wp-json\/wp\/v2\/users\/1"}],"replies":[{"embeddable":true,"href":"http:\/\/nuevacordoba.net\/index.php\/wp-json\/wp\/v2\/comments?post=3436"}],"version-history":[{"count":0,"href":"http:\/\/nuevacordoba.net\/index.php\/wp-json\/wp\/v2\/posts\/3436\/revisions"}],"wp:featuredmedia":[{"embeddable":true,"href":"http:\/\/nuevacordoba.net\/index.php\/wp-json\/wp\/v2\/media\/3437"}],"wp:attachment":[{"href":"http:\/\/nuevacordoba.net\/index.php\/wp-json\/wp\/v2\/media?parent=3436"}],"wp:term":[{"taxonomy":"category","embeddable":true,"href":"http:\/\/nuevacordoba.net\/index.php\/wp-json\/wp\/v2\/categories?post=3436"},{"taxonomy":"post_tag","embeddable":true,"href":"http:\/\/nuevacordoba.net\/index.php\/wp-json\/wp\/v2\/tags?post=3436"}],"curies":[{"name":"wp","href":"https:\/\/api.w.org\/{rel}","templated":true}]}}