{"id":34374,"date":"2023-07-14T14:40:41","date_gmt":"2023-07-14T14:40:41","guid":{"rendered":"https:\/\/puntoapunto.com.ar\/?p=348177"},"modified":"2023-07-14T14:40:41","modified_gmt":"2023-07-14T14:40:41","slug":"grupo-iraola-y-santander-firman-acuerdo-para-la-compra-de-motos","status":"publish","type":"post","link":"http:\/\/nuevacordoba.net\/index.php\/2023\/07\/14\/grupo-iraola-y-santander-firman-acuerdo-para-la-compra-de-motos\/","title":{"rendered":"Grupo Iraola y Santander firman acuerdo para la compra de motos"},"content":{"rendered":"<p><span>En el actual desafiante contexto econ\u00f3mico que atraviesa la Argentina, <\/span><a href=\"https:\/\/www.grupoiraola.com\/\"><b>Grupo Iraola<\/b><\/a><span>, el grupo econ\u00f3mico e industrial de capitales nacionales, oficializ\u00f3 un convenio con <\/span><b>Santander<\/b><span> que permitir\u00e1 a los clientes de dicha entidad acceder a herramientas de financiaci\u00f3n para la adquisici\u00f3n de las motos que produce y\/o comercializa la firma en el pa\u00eds.<\/span><\/p>\n<p><span>Esta propuesta ha sido desarrollada para que los usuarios puedan tener su primera moto o cambiar su modelo actual por uno 0km con beneficios que cobran a\u00fan mayor valor e incentivo teniendo en cuenta la coyuntura actual. El acuerdo consiste en permitir el <\/span><b>acceso a financiaci\u00f3n<\/b><span> por parte de Santander bajo <\/span><b>esquemas de cr\u00e9ditos prendarios o personales<\/b><span> -a elecci\u00f3n del usuario- que estar\u00e1 disponible en el transcurso del pr\u00f3ximo mes en los concesionarios de la red del <\/span><b>Grupo Iraola<\/b><span>, su<\/span><b> alcance es nacional <\/b><span>y comprende a todas las marcas del Grupo, entre las que destacan <\/span><b>Corven, Mondial, Kawasaki, Bajaj, Triumph y Kymco.<\/b><span>&nbsp;<\/span><\/p>\n<p><span>De esta forma y por medio de este anuncio, los clientes de<\/span> <span>Santander suman un nuevo beneficio para la adquisici\u00f3n de unidades de m\u00faltiples segmentos de motocicletas, satisfaciendo todo tipo de prestaciones y necesidades.&nbsp;<\/span><\/p>\n<p><img loading=\"lazy\" decoding=\"async\" alt width=\"5760\" height=\"3840\" data-sizes=\"(max-width: 5760px) 100vw, 5760px\" class=\"alignnone size-full wp-image-348179 lazyload\" src=\"http:\/\/nuevacordoba.net\/wp-content\/uploads\/2023\/07\/grupo-iraola-y-santander-firman-acuerdo-para-la-compra-de-motos.png\" srcset=\"http:\/\/nuevacordoba.net\/wp-content\/uploads\/2023\/07\/grupo-iraola-y-santander-firman-acuerdo-para-la-compra-de-motos.png 5760w, http:\/\/nuevacordoba.net\/wp-content\/uploads\/2023\/07\/grupo-iraola-y-santander-firman-acuerdo-para-la-compra-de-motos-1.png 300w, http:\/\/nuevacordoba.net\/wp-content\/uploads\/2023\/07\/grupo-iraola-y-santander-firman-acuerdo-para-la-compra-de-motos-2.png 1024w, http:\/\/nuevacordoba.net\/wp-content\/uploads\/2023\/07\/grupo-iraola-y-santander-firman-acuerdo-para-la-compra-de-motos-3.png 768w, http:\/\/nuevacordoba.net\/wp-content\/uploads\/2023\/07\/grupo-iraola-y-santander-firman-acuerdo-para-la-compra-de-motos-4.png 1536w, http:\/\/nuevacordoba.net\/wp-content\/uploads\/2023\/07\/grupo-iraola-y-santander-firman-acuerdo-para-la-compra-de-motos-5.png 2048w, http:\/\/nuevacordoba.net\/wp-content\/uploads\/2023\/07\/grupo-iraola-y-santander-firman-acuerdo-para-la-compra-de-motos-6.png 750w, http:\/\/nuevacordoba.net\/wp-content\/uploads\/2023\/07\/grupo-iraola-y-santander-firman-acuerdo-para-la-compra-de-motos-7.png 1140w\"><\/p>\n<p><span>Al respecto, <\/span><b>Santiago L\u00f3pez&nbsp;Olaciregui<\/b><span>, <\/span><span>ejecutivo de Grupo Iraola<\/span><b>,<\/b><span> expres\u00f3: <\/span><i><span>\u201cCon una trayectoria industrial de m\u00e1s de 50 a\u00f1os de compromiso ininterrumpido con el pa\u00eds, nos enorgullece poder \u2013a\u00fan en estos tiempos complejos- ofrecer herramientas como la que resulta de este tipo de acuerdos, que tienen como prop\u00f3sito facilitarles a los argentinos el acceso a la m\u00e1s amplia gama de motos que fomentan el consumo y el desarrollo de la industria nacional, beneficiando a toda la cadena de valor\u201d.<\/span><\/i><\/p>\n<p><span>Por su parte, Mart\u00edn Solano, referente de esta alianza en Santander agreg\u00f3:<\/span><i><span> \u201cNuestra misi\u00f3n es contribuir al progreso de las personas y las empresas, y en ello ponemos nuestros m\u00e1ximos esfuerzos. Cuando el Grupo Iraola, una de las terminales m\u00e1s importantes de motos, nos coment\u00f3 sus necesidades, decidimos crear una soluci\u00f3n integral que cubra el financiamiento a toda la gama de sus productos basada en los Super Pr\u00e9stamos Prendarios del Banco Santander y los Pr\u00e9stamos Personales Todo en Cuotas, de Santander Consumer\u201d.&nbsp;<\/span><\/i><\/p>\n<p><span>Y contin\u00faa<\/span><i><span>: \u201cDe esta forma acompa\u00f1amos con una soluci\u00f3n digital y completa a toda su red de concesionarios, consumidores y al crecimiento del mercado de motos en general, obteniendo como resultado final seguir fortaleciendo el consumo interno y la industria argentina. Es un orgullo poner siempre al cliente en el centro y junto a Grupo Iraola lograr que todas las personas puedan adquirir su moto 0km con una financiaci\u00f3n simple, \u00e1gil y con las mejores tasas del mercado\u201d.<\/span><\/i><\/p>\n","protected":false},"excerpt":{"rendered":"<p>En el actual desafiante contexto econ\u00f3mico que atraviesa la Argentina, Grupo Iraola, el grupo econ\u00f3mico e industrial de capitales nacionales, oficializ\u00f3 un convenio con Santander que permitir\u00e1 a los clientes de dicha entidad acceder a herramientas de financiaci\u00f3n para la adquisici\u00f3n de las motos que produce y\/o comercializa la firma en el pa\u00eds. Esta propuesta [&hellip;]<\/p>\n","protected":false},"author":1,"featured_media":34375,"comment_status":"open","ping_status":"closed","sticky":false,"template":"","format":"standard","meta":[],"categories":[14],"tags":[],"_links":{"self":[{"href":"http:\/\/nuevacordoba.net\/index.php\/wp-json\/wp\/v2\/posts\/34374"}],"collection":[{"href":"http:\/\/nuevacordoba.net\/index.php\/wp-json\/wp\/v2\/posts"}],"about":[{"href":"http:\/\/nuevacordoba.net\/index.php\/wp-json\/wp\/v2\/types\/post"}],"author":[{"embeddable":true,"href":"http:\/\/nuevacordoba.net\/index.php\/wp-json\/wp\/v2\/users\/1"}],"replies":[{"embeddable":true,"href":"http:\/\/nuevacordoba.net\/index.php\/wp-json\/wp\/v2\/comments?post=34374"}],"version-history":[{"count":0,"href":"http:\/\/nuevacordoba.net\/index.php\/wp-json\/wp\/v2\/posts\/34374\/revisions"}],"wp:featuredmedia":[{"embeddable":true,"href":"http:\/\/nuevacordoba.net\/index.php\/wp-json\/wp\/v2\/media\/34375"}],"wp:attachment":[{"href":"http:\/\/nuevacordoba.net\/index.php\/wp-json\/wp\/v2\/media?parent=34374"}],"wp:term":[{"taxonomy":"category","embeddable":true,"href":"http:\/\/nuevacordoba.net\/index.php\/wp-json\/wp\/v2\/categories?post=34374"},{"taxonomy":"post_tag","embeddable":true,"href":"http:\/\/nuevacordoba.net\/index.php\/wp-json\/wp\/v2\/tags?post=34374"}],"curies":[{"name":"wp","href":"https:\/\/api.w.org\/{rel}","templated":true}]}}