{"id":34415,"date":"2023-07-14T13:04:13","date_gmt":"2023-07-14T13:04:13","guid":{"rendered":"https:\/\/puntoapunto.com.ar\/?p=348163"},"modified":"2023-07-14T13:04:13","modified_gmt":"2023-07-14T13:04:13","slug":"passerini-vendio-su-plan-de-gestion-frente-a-empresarios-y-emprendedores","status":"publish","type":"post","link":"http:\/\/nuevacordoba.net\/index.php\/2023\/07\/14\/passerini-vendio-su-plan-de-gestion-frente-a-empresarios-y-emprendedores\/","title":{"rendered":"Passerini vendi\u00f3 su plan de gesti\u00f3n frente a empresarios y emprendedores"},"content":{"rendered":"<p>Ante<strong> m\u00e1s de 450 empresarios, comerciantes y emprendedores locales<\/strong>, convocados por Impulsa Argentina, el candidato a intendente de Hacemos Unidos Por C\u00f3rdoba,<strong><a href=\"https:\/\/puntoapunto.com.ar\/elecciones-la-estrategia-del-peronismo-para-que-gane-passerini\/\" target=\"_blank\" rel=\"noopener\"> Daniel Passerini<\/a>,<\/strong> present\u00f3 su Plan de Gesti\u00f3n 2023-2027.<\/p>\n<p>Se trata de un <strong>compendio de pol\u00edticas p\u00fablicas<\/strong> que el actual viceintendente propone, para dar continuidad y desarrollo al camino trazado a partir de la actual gesti\u00f3n municipal luego de a\u00f1os de atraso y desidia.<\/p>\n<p>\u201cTomamos medidas fuertes que nos permitieron<strong> dar vuelta el d\u00e9ficit, que en 2019 era del 8.1 % y hoy es del 1.8 %. Eso nos permite hoy tener el 25 % del presupuesto disponible para inversiones.<\/strong> Solo el a\u00f1o pasado ejecutamos 33 mil millones de pesos de recursos propios en obras\u201d, enumer\u00f3 Passerini.<\/p>\n<p>El programa de gobierno presentado por Passerini se basa en<strong> cuatro ejes:<\/strong><\/p>\n<ul>\n<li>Gobierno responsable , seguridad econ\u00f3mica, seguridad jur\u00eddica y previsibilidad<\/li>\n<li>Sostenibilidad fiscal: no volver al gasto salarial que se llevaba el 90% de los ingresos, como forma de seguir garantizando un presupuesto con inversiones.<\/li>\n<li>Visi\u00f3n de ciudad con un abordaje integral, como condici\u00f3n principal para conducir el desarrollo urbano.<\/li>\n<li>Ciudad ordenada, integrada y sostenible, planificada y gestionada de forma participativa.<\/li>\n<\/ul>\n<p>Luego, resumi\u00f3 algunas de las medidas planificadas junto a su equipo de trabajo para el per\u00edodo 2023-2027.<\/p>\n<p>En materia<strong> econ\u00f3mica y financiera<\/strong>, dijo: \u201cEn estos tres a\u00f1os y medio hemos generado un gobierno responsable, que garantiza la seguridad econ\u00f3mica y jur\u00eddica, que da previsibilidad\u201d, sostuvo Passerini.<\/p>\n<p>Adem\u00e1s, asegur\u00f3 que su gobierno mantendr\u00e1 y fortalecer\u00e1 las pol\u00edticas de obras urbanas y de infraestructura y aumentar\u00e1 el presupuesto destinado para salud y educaci\u00f3n.<\/p>\n<p><img loading=\"lazy\" decoding=\"async\" alt width=\"1024\" height=\"683\" data-sizes=\"(max-width: 1024px) 100vw, 1024px\" class=\"aligncenter wp-image-348165 size-large lazyload\" src=\"http:\/\/nuevacordoba.net\/wp-content\/uploads\/2023\/07\/passerini-vendio-su-plan-de-gestion-frente-a-empresarios-y-emprendedores.jpg\" srcset=\"http:\/\/nuevacordoba.net\/wp-content\/uploads\/2023\/07\/passerini-vendio-su-plan-de-gestion-frente-a-empresarios-y-emprendedores.jpg 1024w, http:\/\/nuevacordoba.net\/wp-content\/uploads\/2023\/07\/passerini-vendio-su-plan-de-gestion-frente-a-empresarios-y-emprendedores-1.jpg 300w, http:\/\/nuevacordoba.net\/wp-content\/uploads\/2023\/07\/passerini-vendio-su-plan-de-gestion-frente-a-empresarios-y-emprendedores-2.jpg 768w, http:\/\/nuevacordoba.net\/wp-content\/uploads\/2023\/07\/passerini-vendio-su-plan-de-gestion-frente-a-empresarios-y-emprendedores-3.jpg 750w, http:\/\/nuevacordoba.net\/wp-content\/uploads\/2023\/07\/passerini-vendio-su-plan-de-gestion-frente-a-empresarios-y-emprendedores-4.jpg 1140w, http:\/\/nuevacordoba.net\/wp-content\/uploads\/2023\/07\/passerini-vendio-su-plan-de-gestion-frente-a-empresarios-y-emprendedores-5.jpg 1368w\"><\/p>\n<p>En este sentido, el candidato oficialista consider\u00f3 fundamental <strong>mantener el equilibrio fiscal<\/strong> alcanzado durante la actual gesti\u00f3n, para poder ofrecer a los vecinos m\u00e1s y mejores servicios, simplificando procesos a partir de la eliminaci\u00f3n de tasas.<\/p>\n<p>En materia de modernizaci\u00f3n, Passerini destac\u00f3 el impacto del proceso de digitalizaci\u00f3n de tr\u00e1mites que tuvo lugar en los \u00faltimos tres a\u00f1os, colocando a C\u00f3rdoba a la vanguardia a nivel regional.<\/p>\n<p>Otro aspecto fundamental de la exposici\u00f3n gir\u00f3 en torno al<strong> desarrollo urbano de la <a href=\"https:\/\/cordoba.gob.ar\/\" target=\"_blank\" rel=\"noopener\">ciudad<\/a><\/strong>, para lo que consider\u00f3 clave el <strong>trabajo coordinado del sector p\u00fablico y privado<\/strong> para avanzar hacia una densificaci\u00f3n controlada de la ciudad, sobre todo en zonas dentro del anillo de circunvalaci\u00f3n.<\/p>\n<p>Entre otras medidas, mencion\u00f3 la <strong>generaci\u00f3n de un nuevo concepto de desarrollo barrial:<\/strong> \u00abCentralidades Pr\u00f3ximas\u00bb es el nombre que lleva el proyecto de fortalecer diferentes centros vitales de la ciudad, que aglutinan actividades productivas, comerciales, sociales, etc.<\/p>\n<p>El fortalecimiento del espacio p\u00fablico se complementar\u00e1 con la<strong> creaci\u00f3n de nuevas supermanzanas y parques.&nbsp;<\/strong><\/p>\n<p>En materia de infraestructura<strong>, Passerini anticip\u00f3 que ya tienen elaborado un ambicioso plan de obra p\u00fablica<\/strong> para <strong>alumbrado, pavimentaci\u00f3n, cloacas y agua potable.<\/strong><\/p>\n<p>En alumbrado p\u00fablico, se comprometi\u00f3 a instalar m\u00e1s de 81.000 nuevas luces LED; iluminando as\u00ed con esta tecnolog\u00eda a toda la ciudad. En este sentido record\u00f3 que en 2019 C\u00f3rdoba ten\u00eda solo el 19% del alumbrado p\u00fablico con LED, y esta gesti\u00f3n est\u00e1 por alcanzar el 49%.<\/p>\n<p>El plan contempla la creaci\u00f3n de un moderno sistema de Telegestion para el Monitoreo y Control Remoto de la infraestructura de alumbrado p\u00fablico.<\/p>\n<p>El plan de obras viales trazado por Passerini no es menos ambicioso: <strong>el viceintendente asegur\u00f3 que en los pr\u00f3ximos cuatro a\u00f1os su gesti\u00f3n pavimentar\u00e1 4.000 cuadras de calles tierra.<\/strong><\/p>\n<p>\u201cPodemos garantizar un ritmo de <strong>inversi\u00f3n de 1.000 cuadras por a\u00f1o<\/strong>, por lo que *a fines de 2027 podremos tener pavimentada toda la ciudad\u201d*, asegur\u00f3 el viceintendente.<\/p>\n<p>Esto se complementar\u00e1 con la ejecuci\u00f3n de 13 nuevos desag\u00fces pluviales y la construcci\u00f3n de redes de agua potable que permitan la incorporaci\u00f3n de 75 nuevas barriadas, para que sus vecinos puedan contar con este vital servicio.<\/p>\n<p>Finalmente, Passerini se comprometi\u00f3 a la<strong> construcci\u00f3n de casi 50.000 metros lineales de nuevos nexos cloacales que permitir\u00e1n conectar a nuevas viviendas de toda la ciudad y llevar el servicio de gas natural al 100 % de las parcelas de la ciudad.<\/strong><\/p>\n","protected":false},"excerpt":{"rendered":"<p>Ante m\u00e1s de 450 empresarios, comerciantes y emprendedores locales, convocados por Impulsa Argentina, el candidato a intendente de Hacemos Unidos Por C\u00f3rdoba, Daniel Passerini, present\u00f3 su Plan de Gesti\u00f3n 2023-2027. Se trata de un compendio de pol\u00edticas p\u00fablicas que el actual viceintendente propone, para dar continuidad y desarrollo al camino trazado a partir de la [&hellip;]<\/p>\n","protected":false},"author":1,"featured_media":34416,"comment_status":"open","ping_status":"closed","sticky":false,"template":"","format":"standard","meta":[],"categories":[12,14],"tags":[],"_links":{"self":[{"href":"http:\/\/nuevacordoba.net\/index.php\/wp-json\/wp\/v2\/posts\/34415"}],"collection":[{"href":"http:\/\/nuevacordoba.net\/index.php\/wp-json\/wp\/v2\/posts"}],"about":[{"href":"http:\/\/nuevacordoba.net\/index.php\/wp-json\/wp\/v2\/types\/post"}],"author":[{"embeddable":true,"href":"http:\/\/nuevacordoba.net\/index.php\/wp-json\/wp\/v2\/users\/1"}],"replies":[{"embeddable":true,"href":"http:\/\/nuevacordoba.net\/index.php\/wp-json\/wp\/v2\/comments?post=34415"}],"version-history":[{"count":0,"href":"http:\/\/nuevacordoba.net\/index.php\/wp-json\/wp\/v2\/posts\/34415\/revisions"}],"wp:featuredmedia":[{"embeddable":true,"href":"http:\/\/nuevacordoba.net\/index.php\/wp-json\/wp\/v2\/media\/34416"}],"wp:attachment":[{"href":"http:\/\/nuevacordoba.net\/index.php\/wp-json\/wp\/v2\/media?parent=34415"}],"wp:term":[{"taxonomy":"category","embeddable":true,"href":"http:\/\/nuevacordoba.net\/index.php\/wp-json\/wp\/v2\/categories?post=34415"},{"taxonomy":"post_tag","embeddable":true,"href":"http:\/\/nuevacordoba.net\/index.php\/wp-json\/wp\/v2\/tags?post=34415"}],"curies":[{"name":"wp","href":"https:\/\/api.w.org\/{rel}","templated":true}]}}