{"id":3446,"date":"2021-04-19T15:00:41","date_gmt":"2021-04-19T15:00:41","guid":{"rendered":"http:\/\/nuevacordoba.net\/index.php\/2021\/04\/19\/trasladaron-al-encarcelado-opositor-navalny-a-un-hospital-de-otra-prision\/"},"modified":"2021-04-19T15:00:41","modified_gmt":"2021-04-19T15:00:41","slug":"trasladaron-al-encarcelado-opositor-navalny-a-un-hospital-de-otra-prision","status":"publish","type":"post","link":"http:\/\/nuevacordoba.net\/index.php\/2021\/04\/19\/trasladaron-al-encarcelado-opositor-navalny-a-un-hospital-de-otra-prision\/","title":{"rendered":"Trasladaron al encarcelado opositor Navalny a un hospital de otra prisi\u00f3n"},"content":{"rendered":"<div class=\"image\" id=\"image\" readability=\"7\"> <img src=\"http:\/\/nuevacordoba.net\/wp-content\/uploads\/2021\/04\/trasladaron-al-encarcelado-opositor-navalny-a-un-hospital-de-otra-prision.jpg\" alt=\"Navalny fue detenido al retornar a Rusia y condenado a dos a\u00f1os y medio de c\u00e1rcel (AFP)\" title=\"Navalny fue detenido al retornar a Rusia y condenado a dos a\u00f1os y medio de c\u00e1rcel (AFP)\"><\/p>\n<p>Navalny fue detenido al retornar a Rusia y condenado a dos a\u00f1os y medio de c\u00e1rcel (AFP)<\/p>\n<\/div>\n<p>El servicio penitenciario de Rusia traslad\u00f3 este lunes al encarcelado l\u00edder opositor Alexey Navalny, en huelga de hambre desde hace unas tres semanas, a un hospital de otra prisi\u00f3n para hacerle un tratamiento con vitaminas.<\/p>\n<p><strong>\u00abUna comisi\u00f3n de m\u00e9dicos decidi\u00f3 el traslado de A. Navalny a una unidad hospitalaria para los condenados que se encuentra en el territorio de la colonia penitenciaria N\u00ba 3\u00bb<\/strong>, indic\u00f3 el servicio penitenciario de la regi\u00f3n de Vladimir en un comunicado.<\/p>\n<p>\u00abEl estado de salud de Navalny se considera satisfactorio actualmente. Es examinado diariamente por un m\u00e9dico terapeuta\u00bb, agreg\u00f3.<\/p>\n<p>Seg\u00fan la misma fuente, \u00abcon el consentimiento del paciente, se le prescribi\u00f3 una terapia de vitaminas\u00bb, inform\u00f3 la agencia de noticias AFP.<\/p>\n<p><strong>El estado de salud de Navalny se deterior\u00f3 en los \u00faltimos d\u00edas, y allegados dijeron que corre el riesgo de graves problemas card\u00edacos y renales que pueden provocarle la muerte.<\/strong><\/p>\n<p><strong>Navalny dej\u00f3 de alimentarse el 31 de marzo en protesta por las malas condiciones de detenci\u00f3n<\/strong> y acus\u00f3 a la administraci\u00f3n penitenciaria de impedir el acceso de un m\u00e9dico y medicamentos pese a que sufre una doble hernia de disco, seg\u00fan sus abogados.<\/p>\n<p>Sus m\u00e9dicos aseguraron el domingo que les impidieron visitarlo.<\/p>\n<p>Seg\u00fan \u00e9l, tambi\u00e9n fue amenazado con ser alimentado por la fuerza, opci\u00f3n que tienen las autoridades rusas en caso de negarse a alimentarse de un preso.<\/p>\n<div class=\"js-code\" readability=\"8.2779850746269\">\n<blockquote class=\"twitter-tweet\" readability=\"9.7388059701493\">\n<p lang=\"ru\" dir=\"ltr\">\u041d\u043e\u0432\u043e\u0441\u0442\u0438 \u043f\u0440\u043e \u00ab\u043f\u0435\u0440\u0435\u0432\u043e\u0434 \u041d\u0430\u0432\u0430\u043b\u044c\u043d\u043e\u0433\u043e \u0432 \u0431\u043e\u043b\u044c\u043d\u0438\u0446\u0443\u00bb &#8211; \u0434\u043b\u044f \u0433\u0440\u043e\u043c\u043a\u0438\u0445 \u0437\u0430\u0433\u043e\u043b\u043e\u0432\u043a\u043e\u0432. \u0415\u0433\u043e \u043f\u0435\u0440\u0435\u0432\u043e\u0434\u044f\u0442 \u043f\u0440\u043e\u0441\u0442\u043e \u0432 \u0434\u0440\u0443\u0433\u0443\u044e \u043a\u043e\u043b\u043e\u043d\u0438\u044e (\u0418\u041a-3 \u0441\u0442\u0440\u043e\u0433\u043e\u0433\u043e \u0440\u0435\u0436\u0438\u043c\u0430), \u043d\u0430 \u0442\u0435\u0440\u0440\u0438\u0442\u043e\u0440\u0438\u0438 \u043a\u043e\u0442\u043e\u0440\u043e\u0439 \u0435\u0441\u0442\u044c \u0431\u043e\u043b\u044c\u043d\u0438\u0446\u0430, \u0441\u043f\u0435\u0446\u0438\u0430\u043b\u0438\u0437\u0438\u0440\u0443\u044e\u0449\u0430\u044f\u0441\u044f \u043d\u0430 \u0431\u043e\u043b\u044c\u043d\u044b\u0445 \u0441 \u0442\u0443\u0431\u0435\u0440\u043a\u0443\u043b\u0435\u0437\u043e\u043c. \u0410\u043b\u0435\u043a\u0441\u0435\u0439 \u0432 \u043a\u043e\u043b\u043e\u043d\u0438\u0438. \u0412\u0440\u0430\u0447\u0435\u0439 \u043a \u043d\u0435\u043c\u0443 \u043f\u043e-\u043f\u0440\u0435\u0436\u043d\u0435\u043c\u0443 \u043d\u0435 \u043f\u0443\u0441\u043a\u0430\u044e\u0442<\/p>\n<p>\u2014 Alexey Navalny (@navalny) <a href=\"https:\/\/twitter.com\/navalny\/status\/1384093558605447177?ref_src=twsrc%5Etfw\">April 19, 2021<\/a><\/p><\/blockquote><\/div>\n<p><strong>La Uni\u00f3n Europea (UE) se declar\u00f3 ayer \u00abprofundamente preocupada\u00bb por la salud de Navalny, <\/strong>y los cancilleres del bloque iniciaron hoy una reuni\u00f3n por videoconferencia para analizar el caso del opositor y las relaciones con Rusia.<\/p>\n<p>Poco antes de abrir esa videoconferencia, el jefe de la diplomacia de la UE, Josep Borrell, responsabiliz\u00f3 directamente \u00aba las autoridades de Rusia por la situaci\u00f3n de salud\u00bb de Navalny.<\/p>\n<p><strong>Estados Unidos advirti\u00f3 el domingo que habr\u00eda \u00abconsecuencias\u00bb para Rusia si Navalny mor\u00eda en prisi\u00f3n durante su huelga de hambre.<\/strong><\/p>\n<p>El portavoz del Gobierno ruso, Dmitri Peskov, rechaz\u00f3 hoy de forma enf\u00e1tica los comentarios de funcionarios occidentales.<\/p>\n<p><strong>\u00abNo podemos aceptar tales declaraciones por parte de representantes de otros gobiernos. No hacemos seguimiento del estado de salud de los detenidos rusos\u00bb<\/strong>, dijo.<\/p>\n<p>Navalny regres\u00f3 a Rusia en enero tras cinco meses de convalecencia en Alemania a ra\u00edz de un presunto envenenamiento del que acusa al Kremlin, aunque sin pruebas.<\/p>\n<p>El Gobierno ruso rechaza las acusaciones.<\/p>\n<p><strong>Navalny fue detenido al retornar a Rusia y condenado a dos a\u00f1os y medio de c\u00e1rcel por un antiguo caso de fraude, que el opositor denuncia como pol\u00edticamente motivado.<\/strong><\/p>\n<p>Leonid Volkov, cofundador del partido pol\u00edtico de Navalny y su mano derecha, convoc\u00f3 el domingo a protestar contra el Gobierno en Mosc\u00fa y San Petesburgo el pr\u00f3ximo mi\u00e9rcoles.<\/p>\n<p>Esta manifestaci\u00f3n est\u00e1 organizada el mismo d\u00eda que el discurso del presidente Vladimir Putin ante las dos c\u00e1maras del Parlamento, en el que hablar\u00e1 de los \u00abobjetivos\u00bb para desarrollar Rusia y las elecciones legislativas del oto\u00f1o pr\u00f3ximo.<\/p>\n<p>Una p\u00e1gina de Internet creada por la oposici\u00f3n hace unas semanas para que los rusos que deseen manifestarse puedan inscribirse contaba el domingo con cerca de 460.000 personas.<\/p>\n<p>De su lado, <strong>el Ministerio ruso del Interior advirti\u00f3 que no permitir\u00e1 la \u00abdesestabilizaci\u00f3n\u00bb<\/strong> y que adoptar\u00e1 \u00abtodas las medidas que se hagan necesarias\u00bb. <\/p>\n","protected":false},"excerpt":{"rendered":"<p>Navalny fue detenido al retornar a Rusia y condenado a dos a\u00f1os y medio de c\u00e1rcel (AFP) El servicio penitenciario de Rusia traslad\u00f3 este lunes al encarcelado l\u00edder opositor Alexey Navalny, en huelga de hambre desde hace unas tres semanas, a un hospital de otra prisi\u00f3n para hacerle un tratamiento con vitaminas. \u00abUna comisi\u00f3n de [&hellip;]<\/p>\n","protected":false},"author":1,"featured_media":3447,"comment_status":"closed","ping_status":"closed","sticky":false,"template":"","format":"standard","meta":[],"categories":[13],"tags":[],"_links":{"self":[{"href":"http:\/\/nuevacordoba.net\/index.php\/wp-json\/wp\/v2\/posts\/3446"}],"collection":[{"href":"http:\/\/nuevacordoba.net\/index.php\/wp-json\/wp\/v2\/posts"}],"about":[{"href":"http:\/\/nuevacordoba.net\/index.php\/wp-json\/wp\/v2\/types\/post"}],"author":[{"embeddable":true,"href":"http:\/\/nuevacordoba.net\/index.php\/wp-json\/wp\/v2\/users\/1"}],"replies":[{"embeddable":true,"href":"http:\/\/nuevacordoba.net\/index.php\/wp-json\/wp\/v2\/comments?post=3446"}],"version-history":[{"count":0,"href":"http:\/\/nuevacordoba.net\/index.php\/wp-json\/wp\/v2\/posts\/3446\/revisions"}],"wp:featuredmedia":[{"embeddable":true,"href":"http:\/\/nuevacordoba.net\/index.php\/wp-json\/wp\/v2\/media\/3447"}],"wp:attachment":[{"href":"http:\/\/nuevacordoba.net\/index.php\/wp-json\/wp\/v2\/media?parent=3446"}],"wp:term":[{"taxonomy":"category","embeddable":true,"href":"http:\/\/nuevacordoba.net\/index.php\/wp-json\/wp\/v2\/categories?post=3446"},{"taxonomy":"post_tag","embeddable":true,"href":"http:\/\/nuevacordoba.net\/index.php\/wp-json\/wp\/v2\/tags?post=3446"}],"curies":[{"name":"wp","href":"https:\/\/api.w.org\/{rel}","templated":true}]}}