{"id":3450,"date":"2021-04-19T23:12:39","date_gmt":"2021-04-19T23:12:39","guid":{"rendered":"http:\/\/estaciontrip.com.ar\/?p=5522"},"modified":"2021-04-19T23:12:39","modified_gmt":"2021-04-19T23:12:39","slug":"el-parque-nacional-traslasierra-cumple-3-anos-protegiendo-especies-en-peligro","status":"publish","type":"post","link":"http:\/\/nuevacordoba.net\/index.php\/2021\/04\/19\/el-parque-nacional-traslasierra-cumple-3-anos-protegiendo-especies-en-peligro\/","title":{"rendered":"El Parque Nacional Traslasierra cumple 3 a\u00f1os protegiendo especies en peligro"},"content":{"rendered":"<p>El Parque Nacional Traslasierra celebra este domingo 18 de abril, el 3\u00b0 aniversario de su creaci\u00f3n en la provincia de C\u00f3rdoba.<\/p>\n<p>Se ubica entre el cord\u00f3n monta\u00f1oso de las&nbsp;sierras de Pocho&nbsp;y la regi\u00f3n de los&nbsp;Llanos riojanos, en el l\u00edmite con la provincia de&nbsp;La Rioja, al&nbsp;norte&nbsp;de la RP 28; y ocupa parte de los departamentos&nbsp;Minas&nbsp;y&nbsp;Pocho. Abarca una superficie de 44 mil hect\u00e1reas.<\/p>\n<p><strong>Por el momento no recibe visitas de turistas.<\/strong><\/p>\n<p>Como valor natural, se estima que el \u00e1rea es h\u00e1bitat de 230 especies de aves, 35 especies de mam\u00edferos y 30 especies de reptiles, muchos de ellos en alg\u00fan grado de peligro de extinci\u00f3n en territorio nacional.<\/p>\n<p>El \u00e1rea que se declar\u00f3 protegida corresponde a la que fue la estancia Pinas -una de las m\u00e1s extensas de la Argentina en una superficie ininterrumpida- que perteneciera al pol\u00edtico, abogado y escritor&nbsp;Lisandro de la Torre. Luego de su suicidio, las tierras fueron rematadas por el&nbsp;Banco Espa\u00f1ol del R\u00edo de la Plata&nbsp;debido a que no se abonaron las cuotas correspondientes a una&nbsp;hipoteca. Fueron adquiridas por el hacendado cordob\u00e9s&nbsp;Juan Feliciano Manubens Calvet, quien falleci\u00f3 en 1981 sin dejar herederos reconocidos, por lo que se inici\u00f3 un largo pleito judicial sucesorio.Luego de 35 a\u00f1os de posesi\u00f3n judicial de estas tierras, la provincia de C\u00f3rdoba sancion\u00f3 la que declar\u00f3 de utilidad p\u00fablica y sujeta a expropiaci\u00f3n y cedi\u00f3 todas las hect\u00e1reas de la estancia a la Administraci\u00f3n de Parques Nacionales, con el fin de crear un parque nacional.<\/p>\n<div id=\"envira-gallery-wrap-5524\" class=\"envira-gallery-wrap envira-gallery-theme-base envira-lightbox-theme-base\" itemscope itemtype=\"https:\/\/schema.org\/ImageGallery\">\n<div data-row-height data-gallery-theme id=\"envira-gallery-5524\" class=\"envira-gallery-public envira-gallery-1-columns envira-clear enviratope envira-gallery-css-animations\" data-envira-columns=\"1\">\n<div id=\"envira-gallery-item-5525\" class=\"envira-gallery-item enviratope-item envira-gallery-item-1 envira-lazy-load\" itemscope itemtype=\"https:\/\/schema.org\/ImageObject\">\n<div class=\"envira-gallery-item-inner\"><a href=\"http:\/\/nuevacordoba.net\/wp-content\/uploads\/2021\/04\/el-parque-nacional-traslasierra-cumple-3-anos-protegiendo-especies-en-peligro-1.jpg\" class=\"envira-gallery-5524 envira-gallery-link\" rel=\"enviragallery5524\" title=\"Especie emblem\u00e1tica del Parque Nacional Traslasierra\" data-envira-caption=\"Especie emblem\u00e1tica del Parque Nacional Traslasierra\" data-envira-retina data-thumbnail itemprop=\"contentUrl\"><\/p>\n<div class=\"envira-lazy\" data-test-width=\"640\" data-test-height=\"480\"><img id=\"envira-gallery-image-5525\" class=\"envira-gallery-image envira-gallery-image-1\" data-envira-index=\"1\" src=\"http:\/\/nuevacordoba.net\/wp-content\/uploads\/2021\/04\/el-parque-nacional-traslasierra-cumple-3-anos-protegiendo-especies-en-peligro.jpg\" data-envira-src=\"http:\/\/nuevacordoba.net\/wp-content\/uploads\/2021\/04\/el-parque-nacional-traslasierra-cumple-3-anos-protegiendo-especies-en-peligro.jpg\" data-envira-gallery-id=\"5524\" data-envira-item-id=\"5525\" data-envira-caption=\"Especie emblem\u00e1tica del Parque Nacional Traslasierra\" alt title=\"Especie emblem\u00e1tica del Parque Nacional Traslasierra\" itemprop=\"thumbnailUrl\" data-envira-srcset=\"http:\/\/nuevacordoba.net\/wp-content\/uploads\/2021\/04\/el-parque-nacional-traslasierra-cumple-3-anos-protegiendo-especies-en-peligro.jpg 400w,http:\/\/nuevacordoba.net\/wp-content\/uploads\/2021\/04\/el-parque-nacional-traslasierra-cumple-3-anos-protegiendo-especies-en-peligro.jpg 2x\" srcset=\"data:image\/gif;base64,R0lGODlhAQABAIAAAP\/\/\/\/\/\/\/yH5BAEKAAEALAAAAAABAAEAAAICTAEAOw==\"><\/div>\n<p><\/a><\/div>\n<\/div>\n<\/div>\n<\/div>\n<p><noscript><img src=\"http:\/\/nuevacordoba.net\/wp-content\/uploads\/2021\/04\/el-parque-nacional-traslasierra-cumple-3-anos-protegiendo-especies-en-peligro-1.jpg\" alt><\/noscript> <\/p>\n<p><strong>C\u00f3mo es el Parque<\/strong><\/p>\n<p>El Parque Nacional Traslasierra conserva un sector chaque\u00f1o relevante y particular por sus valores ecosist\u00e9micos: se trata del Chaco Seco Serrano.<\/p>\n<p>Las serran\u00edas de Guasapampa&nbsp;y del Pocho se extienden en el \u00e1rea protegida dominando&nbsp;el paisaje chaque\u00f1o. <strong>Los bosques que alberga est\u00e1n representados por algarrobos, quebrachos, breas, cardones y cha\u00f1ares. Adem\u00e1s hay otros ambientes naturales como arbustales, pastizales y sectores salinos.<\/strong><\/p>\n<p>Muchas de las especies que <strong>habitan o se desarrollan en el Parque est\u00e1n en alg\u00fan grado de peligro a nivel nacional como la tortuga de tierra, el \u00e1guila coronada, el cardenal amarillo, el carpintero negro, el oso melero, y el tucu-tuc cordob\u00e9s que adem\u00e1s es end\u00e9mico<\/strong>. Recientemente <strong>se descubri\u00f3 una especie nunca antes detectada en C\u00f3rdoba y en peligro de extinci\u00f3n a nivel global: el pecar\u00ed chaque\u00f1o o chancho quimilero<\/strong>. Tambi\u00e9n, esta&nbsp;\u00e1rea protegida resguarda las \u00faltimas poblaciones de <strong>guanacos<\/strong> en la provincia, adem\u00e1s de <strong>lampalaguas y otras serpientes. La boa arco\u00edris chaque\u00f1a es su emblema.<\/strong><\/p>\n","protected":false},"excerpt":{"rendered":"<p>El Parque Nacional Traslasierra celebra este domingo 18 de abril, el 3\u00b0 aniversario de su creaci\u00f3n en la provincia de C\u00f3rdoba. Se ubica entre el cord\u00f3n monta\u00f1oso de las&nbsp;sierras de Pocho&nbsp;y la regi\u00f3n de los&nbsp;Llanos riojanos, en el l\u00edmite con la provincia de&nbsp;La Rioja, al&nbsp;norte&nbsp;de la RP 28; y ocupa parte de los departamentos&nbsp;Minas&nbsp;y&nbsp;Pocho. Abarca [&hellip;]<\/p>\n","protected":false},"author":1,"featured_media":3451,"comment_status":"closed","ping_status":"closed","sticky":false,"template":"","format":"standard","meta":[],"categories":[11],"tags":[],"_links":{"self":[{"href":"http:\/\/nuevacordoba.net\/index.php\/wp-json\/wp\/v2\/posts\/3450"}],"collection":[{"href":"http:\/\/nuevacordoba.net\/index.php\/wp-json\/wp\/v2\/posts"}],"about":[{"href":"http:\/\/nuevacordoba.net\/index.php\/wp-json\/wp\/v2\/types\/post"}],"author":[{"embeddable":true,"href":"http:\/\/nuevacordoba.net\/index.php\/wp-json\/wp\/v2\/users\/1"}],"replies":[{"embeddable":true,"href":"http:\/\/nuevacordoba.net\/index.php\/wp-json\/wp\/v2\/comments?post=3450"}],"version-history":[{"count":0,"href":"http:\/\/nuevacordoba.net\/index.php\/wp-json\/wp\/v2\/posts\/3450\/revisions"}],"wp:featuredmedia":[{"embeddable":true,"href":"http:\/\/nuevacordoba.net\/index.php\/wp-json\/wp\/v2\/media\/3451"}],"wp:attachment":[{"href":"http:\/\/nuevacordoba.net\/index.php\/wp-json\/wp\/v2\/media?parent=3450"}],"wp:term":[{"taxonomy":"category","embeddable":true,"href":"http:\/\/nuevacordoba.net\/index.php\/wp-json\/wp\/v2\/categories?post=3450"},{"taxonomy":"post_tag","embeddable":true,"href":"http:\/\/nuevacordoba.net\/index.php\/wp-json\/wp\/v2\/tags?post=3450"}],"curies":[{"name":"wp","href":"https:\/\/api.w.org\/{rel}","templated":true}]}}