{"id":3454,"date":"2021-04-19T19:57:59","date_gmt":"2021-04-19T19:57:59","guid":{"rendered":"http:\/\/cordobanewsnet.wordpress.com\/?p=5353"},"modified":"2021-04-19T19:57:59","modified_gmt":"2021-04-19T19:57:59","slug":"alberto-anuncio-un-bono-para-el-personal-de-salud-de-6-500-por-tres-meses","status":"publish","type":"post","link":"http:\/\/nuevacordoba.net\/index.php\/2021\/04\/19\/alberto-anuncio-un-bono-para-el-personal-de-salud-de-6-500-por-tres-meses\/","title":{"rendered":"Alberto anunci\u00f3 un bono para el personal de salud de $6.500 por tres meses"},"content":{"rendered":"<div><img src=\"http:\/\/nuevacordoba.net\/wp-content\/uploads\/2021\/04\/alberto-anuncio-un-bono-para-el-personal-de-salud-de-6-500-por-tres-meses.jpg\" class=\"ff-og-image-inserted\"><\/div>\n<p>E<strong>l anuncio se produjo tras el revuelo causado por sus declaraciones de la semana pasada referidas a un \u201crelajamiento\u201d del sistema de salud,<\/strong>&nbsp;aunque luego sostuvo que sus dichos fueron malinterpretados y de todos modos pidi\u00f3 disculpas.<\/p>\n<p>\u201cHoy estamos anunciando el aumento de camas, la construcci\u00f3n de m\u00e1s hospitales y tambi\u00e9n anunciamos que durante los pr\u00f3ximos tres meses al personal de la salud les vamos a sumar a sus ingresos la suma de&nbsp;<strong>$ 6.500 mensuales<\/strong>. Un bono que les ayude a sobrellevar en los meses venideros un mayor esfuerzo.&nbsp;Ser\u00e1n 740 mil personas del sistema de salud las que van a recibir este bono\u201d, indic\u00f3 el primer mandatario mientras encabezaba un acto en el Museo Casa Rosada.<\/p>\n<p>Mir\u00e1 tambi\u00e9n<\/p>\n<p>Segunda ola de coronavirus<\/p>\n<p>El jefe de Estado estuvo acompa\u00f1ado por los ministros de Obras P\u00fablicas, Gabriel Katopodis, y de Salud, Carla Vizzotti, en tanto que tambi\u00e9n participaron de forma virtual los gobernadores de San Juan, Sergio U\u00f1ac; de Santa Fe, Omar Perotti; de Santa Cruz, Alicia Kirchner; y de Neuqu\u00e9n, Omar Guti\u00e9rrez.<\/p>\n<p><strong>El Presidente remarc\u00f3 que el Gobierno nacional seguir\u00e1 trabajando para \u201cconseguir las vacunas\u201d y subray\u00f3 que \u201cse ha puesto de moda esto de decir que no hay vacunas\u201d.<\/strong><\/p>\n<p>\u201cEn el mundo no hay vacunas. Pero tengo la tranquilidad de decir que somos de los pocos pa\u00edses en el mundo que sigue recibiendo vacunas y sigue vacunando a sus ciudadanos\u201d, resalt\u00f3.<\/p>\n<p>fuente Cadena 3<\/p>\n<div id=\"jp-post-flair\" class=\"sharedaddy sd-like-enabled sd-sharing-enabled\">\n<div class=\"sharedaddy sd-sharing-enabled\">\n<div class=\"robots-nocontent sd-block sd-social sd-social-icon-text sd-sharing\">\n<h3 class=\"sd-title\">Share this:<\/h3>\n<\/div>\n<\/div>\n<div class=\"sharedaddy sd-block sd-like jetpack-likes-widget-wrapper jetpack-likes-widget-unloaded\" id=\"like-post-wrapper-143108178-5353-607e804167d17\" data-src=\"\/\/widgets.wp.com\/likes\/index.html?ver=20210413#blog_id=143108178&amp;post_id=5353&amp;origin=cordobanewsnet.wordpress.com&amp;obj_id=143108178-5353-607e804167d17\" data-name=\"like-post-frame-143108178-5353-607e804167d17\">\n<h3 class=\"sd-title\">Me gusta esto:<\/h3>\n<p><span class=\"button\"><span>Me gusta<\/span><\/span> <span class=\"loading\">Cargando&#8230;<\/span><\/p>\n<p><span class=\"sd-text-color\"><\/span><\/div>\n<p><h3 class=\"jp-relatedposts-headline\"><em>Relacionado<\/em><\/h3>\n<\/p>\n<\/div>\n","protected":false},"excerpt":{"rendered":"<p>El anuncio se produjo tras el revuelo causado por sus declaraciones de la semana pasada referidas a un \u201crelajamiento\u201d del sistema de salud,&nbsp;aunque luego sostuvo que sus dichos fueron malinterpretados y de todos modos pidi\u00f3 disculpas. \u201cHoy estamos anunciando el aumento de camas, la construcci\u00f3n de m\u00e1s hospitales y tambi\u00e9n anunciamos que durante los pr\u00f3ximos [&hellip;]<\/p>\n","protected":false},"author":1,"featured_media":3455,"comment_status":"closed","ping_status":"closed","sticky":false,"template":"","format":"standard","meta":[],"categories":[14],"tags":[],"_links":{"self":[{"href":"http:\/\/nuevacordoba.net\/index.php\/wp-json\/wp\/v2\/posts\/3454"}],"collection":[{"href":"http:\/\/nuevacordoba.net\/index.php\/wp-json\/wp\/v2\/posts"}],"about":[{"href":"http:\/\/nuevacordoba.net\/index.php\/wp-json\/wp\/v2\/types\/post"}],"author":[{"embeddable":true,"href":"http:\/\/nuevacordoba.net\/index.php\/wp-json\/wp\/v2\/users\/1"}],"replies":[{"embeddable":true,"href":"http:\/\/nuevacordoba.net\/index.php\/wp-json\/wp\/v2\/comments?post=3454"}],"version-history":[{"count":0,"href":"http:\/\/nuevacordoba.net\/index.php\/wp-json\/wp\/v2\/posts\/3454\/revisions"}],"wp:featuredmedia":[{"embeddable":true,"href":"http:\/\/nuevacordoba.net\/index.php\/wp-json\/wp\/v2\/media\/3455"}],"wp:attachment":[{"href":"http:\/\/nuevacordoba.net\/index.php\/wp-json\/wp\/v2\/media?parent=3454"}],"wp:term":[{"taxonomy":"category","embeddable":true,"href":"http:\/\/nuevacordoba.net\/index.php\/wp-json\/wp\/v2\/categories?post=3454"},{"taxonomy":"post_tag","embeddable":true,"href":"http:\/\/nuevacordoba.net\/index.php\/wp-json\/wp\/v2\/tags?post=3454"}],"curies":[{"name":"wp","href":"https:\/\/api.w.org\/{rel}","templated":true}]}}