{"id":34695,"date":"2023-07-23T22:38:28","date_gmt":"2023-07-23T22:38:28","guid":{"rendered":"http:\/\/nuevacordoba.net\/index.php\/2023\/07\/23\/icardi-firmara-contrato-con-galatasaray-por-tres-anos\/"},"modified":"2023-07-23T22:38:28","modified_gmt":"2023-07-23T22:38:28","slug":"icardi-firmara-contrato-con-galatasaray-por-tres-anos","status":"publish","type":"post","link":"http:\/\/nuevacordoba.net\/index.php\/2023\/07\/23\/icardi-firmara-contrato-con-galatasaray-por-tres-anos\/","title":{"rendered":"Icardi firmar\u00e1 contrato con Galatasaray por tres a\u00f1os"},"content":{"rendered":"<figure class=\"mb-3\"><img loading=\"lazy\" data-src=\"http:\/\/nuevacordoba.net\/wp-content\/uploads\/2023\/07\/icardi-firmara-contrato-con-galatasaray-por-tres-anos.jpg\" src=\"https:\/\/www.telam.com.ar\/assets\/img\/not_image.png\" class=\" lazy \" width=\"100%\" height=\"100%\" alt=\"Icardi seguir en Galatasaray hasta junio de 2026\"><figcaption> Icardi seguir\u00e1 en Galatasaray hasta junio de 2026. <\/figcaption><\/figure>\n<p>El delantero argentino Mauro Icardi firmar\u00e1 un nuevo contrato con Galatasaray de Turqu\u00eda, por tres a\u00f1os, y conservar\u00e1 su lugar en la entidad de Estambul, luego de haber convertido 23 goles en 26 partidos durante la pasada campa\u00f1a.<\/p>\n<p>El atacante rosarino, de 30 a\u00f1os, se integrar\u00e1 al equipo que dirige el DT Okan Buruk, que debutar\u00e1 en el certamen local de la Superliga el pr\u00f3ximo 12 de agosto, en compromiso que sostendr\u00e1 con Kayserispor.<\/p>\n<p>Par\u00eds Saint Germain, entidad francesa que hab\u00eda cedido al goleador en el per\u00edodo 2022-2023, \u201crecibir\u00e1 10 millones de euros por la operaci\u00f3n\u201d, seg\u00fan confi\u00f3 el sitio especializado Sky Sports.<\/p>\n<p>Independientemente de suscribir un nuevo v\u00ednculo con el club turco hasta junio de 2026, Icardi tiene una propuesta para continuar su carrera en Newell\u2019s, a pr\u00e9stamo. La posibilidad de que se radique en la Argentina estar\u00eda sujeta a la evoluci\u00f3n de salud de su esposa, la medi\u00e1tica Wanda Nara.<\/p>\n<p>Durante el primer semestre del 2023, el atacante rosarino fue fundamental para consolidar el rendimiento del Galatasaray, que se adjudic\u00f3 la Superliga y la Copa de Turqu\u00eda.<\/p>\n<p>Antes de iniciar la competencia local, el club de Estambul tiene previsto animar cotejos de ida y vuelta de preclasificaci\u00f3n de la Liga de Campeones de Europa ante Zalgiris Vilna, de Lituania. <\/p>\n","protected":false},"excerpt":{"rendered":"<p>Icardi seguir\u00e1 en Galatasaray hasta junio de 2026. El delantero argentino Mauro Icardi firmar\u00e1 un nuevo contrato con Galatasaray de Turqu\u00eda, por tres a\u00f1os, y conservar\u00e1 su lugar en la entidad de Estambul, luego de haber convertido 23 goles en 26 partidos durante la pasada campa\u00f1a. El atacante rosarino, de 30 a\u00f1os, se integrar\u00e1 al [&hellip;]<\/p>\n","protected":false},"author":1,"featured_media":34696,"comment_status":"closed","ping_status":"closed","sticky":false,"template":"","format":"standard","meta":[],"categories":[10],"tags":[],"_links":{"self":[{"href":"http:\/\/nuevacordoba.net\/index.php\/wp-json\/wp\/v2\/posts\/34695"}],"collection":[{"href":"http:\/\/nuevacordoba.net\/index.php\/wp-json\/wp\/v2\/posts"}],"about":[{"href":"http:\/\/nuevacordoba.net\/index.php\/wp-json\/wp\/v2\/types\/post"}],"author":[{"embeddable":true,"href":"http:\/\/nuevacordoba.net\/index.php\/wp-json\/wp\/v2\/users\/1"}],"replies":[{"embeddable":true,"href":"http:\/\/nuevacordoba.net\/index.php\/wp-json\/wp\/v2\/comments?post=34695"}],"version-history":[{"count":0,"href":"http:\/\/nuevacordoba.net\/index.php\/wp-json\/wp\/v2\/posts\/34695\/revisions"}],"wp:featuredmedia":[{"embeddable":true,"href":"http:\/\/nuevacordoba.net\/index.php\/wp-json\/wp\/v2\/media\/34696"}],"wp:attachment":[{"href":"http:\/\/nuevacordoba.net\/index.php\/wp-json\/wp\/v2\/media?parent=34695"}],"wp:term":[{"taxonomy":"category","embeddable":true,"href":"http:\/\/nuevacordoba.net\/index.php\/wp-json\/wp\/v2\/categories?post=34695"},{"taxonomy":"post_tag","embeddable":true,"href":"http:\/\/nuevacordoba.net\/index.php\/wp-json\/wp\/v2\/tags?post=34695"}],"curies":[{"name":"wp","href":"https:\/\/api.w.org\/{rel}","templated":true}]}}