{"id":34709,"date":"2023-07-24T06:50:39","date_gmt":"2023-07-24T06:50:39","guid":{"rendered":"https:\/\/www.bbc.com\/mundo\/articles\/c2x56m73vxro"},"modified":"2023-07-24T06:50:39","modified_gmt":"2023-07-24T06:50:39","slug":"el-conservador-partido-popular-gana-las-elecciones-en-espana-pero-queda-la-incertidumbre-de-quien-gobernara","status":"publish","type":"post","link":"http:\/\/nuevacordoba.net\/index.php\/2023\/07\/24\/el-conservador-partido-popular-gana-las-elecciones-en-espana-pero-queda-la-incertidumbre-de-quien-gobernara\/","title":{"rendered":"El conservador Partido Popular gana las elecciones en Espa\u00f1a pero queda la incertidumbre de qui\u00e9n gobernar\u00e1"},"content":{"rendered":"<div dir=\"ltr\" class=\"bbc-1ka88fa ebmt73l0\">\n<figure class=\"bbc-1qdcvv9 e1aczekt0\">\n<div dir=\"ltr\" class=\"bbc-172p16q ebmt73l0\">\n<div dir=\"ltr\" class=\"bbc-189y18v ebmt73l0\" readability=\"6.5\">\n<div data-e2e=\"image-placeholder\" class=\"bbc-997y1y eihqrxw0\" readability=\"8\"><img loading=\"lazy\" sizes=\"(min-width: 1008px) 760px, 100vw\" srcset=\"http:\/\/nuevacordoba.net\/wp-content\/uploads\/2023\/07\/el-conservador-partido-popular-gana-las-elecciones-en-espana-pero-queda-la-incertidumbre-de-quien-gobernara-6.jpg 240w, http:\/\/nuevacordoba.net\/wp-content\/uploads\/2023\/07\/el-conservador-partido-popular-gana-las-elecciones-en-espana-pero-queda-la-incertidumbre-de-quien-gobernara-7.jpg 320w, http:\/\/nuevacordoba.net\/wp-content\/uploads\/2023\/07\/el-conservador-partido-popular-gana-las-elecciones-en-espana-pero-queda-la-incertidumbre-de-quien-gobernara-8.jpg 480w, http:\/\/nuevacordoba.net\/wp-content\/uploads\/2023\/07\/el-conservador-partido-popular-gana-las-elecciones-en-espana-pero-queda-la-incertidumbre-de-quien-gobernara-9.jpg 624w, http:\/\/nuevacordoba.net\/wp-content\/uploads\/2023\/07\/el-conservador-partido-popular-gana-las-elecciones-en-espana-pero-queda-la-incertidumbre-de-quien-gobernara-10.jpg 800w\" src=\"http:\/\/nuevacordoba.net\/wp-content\/uploads\/2023\/07\/el-conservador-partido-popular-gana-las-elecciones-en-espana-pero-queda-la-incertidumbre-de-quien-gobernara.jpg\" alt=\"Alberto N\u00fa\u00f1ez Feij\u00f3o\" width=\"1024\" height=\"683\" class=\"e3vrtyk0 bbc-rb7xa0 e1mo64ex0\"><\/p>\n<p role=\"text\" class=\"bbc-1s1cxbv ewbcsnk0\"><span class=\"bbc-m04vo2\">Fuente de la imagen, <\/span><span lang=\"en-GB\">Getty Images<\/span><\/p>\n<\/div>\n<\/div>\n<div dir=\"ltr\" class=\"bbc-3edg7g ebmt73l0\" readability=\"7\"><figcaption dir=\"ltr\" class=\"bbc-rhuvwm e6i104o0\" readability=\"4\"><span class=\"bbc-m04vo2\">Pie de foto, <\/span><\/p>\n<p>Alberto N\u00fa\u00f1ez Feij\u00f3o logr\u00f3 la victoria, pero puede que no sea suficiente para que pueda formar gobierno.<\/p>\n<\/figcaption><\/div>\n<\/div>\n<\/figure>\n<\/div>\n<section role=\"region\" aria-labelledby=\"article-byline\" class=\"bbc-1vjaf6b\"><strong id=\"article-byline\" aria-hidden=\"true\" class=\"bbc-m04vo2\">Article information<\/strong><\/p>\n<ul role=\"list\" class=\"bbc-1rvtlej\">\n<li><span role=\"text\"><span class=\"bbc-m04vo2\">Author, <\/span><span class=\"bbc-1ypcc2\">Redacci\u00f3n<\/span><\/span><\/li>\n<li><span role=\"text\"><span class=\"bbc-m04vo2\">Role, <!-- --> <\/span><span class=\"bbc-1y5sx98\">BBC News Mundo<\/span><\/span><\/li>\n<li class=\"bbc-v8pmqw\">\n<p><time datetime=\"2023-07-23\" class=\"bbc-1dafq0j e1mklfmt0\">23 julio 2023<\/time><\/p>\n<\/li>\n<\/ul>\n<\/section>\n<div dir=\"ltr\" class=\"bbc-19j92fr ebmt73l0\" readability=\"8\">\n<p dir=\"ltr\" class=\"bbc-hhl7in e17g058b0\"><b>Espa\u00f1a vot\u00f3 este domingo en unas elecciones anticipadas que estuvieron marcadas por el calor extremo y que arrojan unos resultados m\u00e1s ajustados de lo que indicaban los sondeos.<\/b><\/p>\n<\/div>\n<div dir=\"ltr\" class=\"bbc-19j92fr ebmt73l0\" readability=\"11\">\n<p dir=\"ltr\" class=\"bbc-hhl7in e17g058b0\">Con casi el 100% de los votos escrutados, el conservador Partido Popular (PP) liderado por <b>Alberto N\u00fa\u00f1ez Feij\u00f3o<\/b> gan\u00f3 por delante del Partido Socialista (PSOE) del actual presidente del gobierno, <b>Pedro S\u00e1nchez<\/b>.<\/p>\n<\/div>\n<div dir=\"ltr\" class=\"bbc-19j92fr ebmt73l0\" readability=\"8\">\n<p dir=\"ltr\" class=\"bbc-hhl7in e17g058b0\"><b>El PP obtuvo 136 esca\u00f1os, por 122 del PSOE<\/b>.<\/p>\n<\/div>\n<div dir=\"ltr\" class=\"bbc-19j92fr ebmt73l0\" readability=\"9\">\n<p dir=\"ltr\" class=\"bbc-hhl7in e17g058b0\">El partido de extrema derecha Vox se situ\u00f3 en tercer lugar con 33 esca\u00f1os y la coalici\u00f3n de izquierda Sumar en cuarto, con 31.<\/p>\n<\/div>\n<div dir=\"ltr\" class=\"bbc-19j92fr ebmt73l0\" readability=\"10\">\n<p dir=\"ltr\" class=\"bbc-hhl7in e17g058b0\">El Congreso de los Diputados tiene 350 esca\u00f1os, por lo que se necesitan 176 para tener mayor\u00eda. Con los resultados actuales, ninguno de los dos grandes partidos puede gobernar en solitario.<\/p>\n<\/div>\n<div dir=\"ltr\" class=\"bbc-19j92fr ebmt73l0\" readability=\"8\">\n<p dir=\"ltr\" class=\"bbc-hhl7in e17g058b0\">A partir de este lunes comenzar\u00e1n las negociaciones para pactos de investidura y quiz\u00e1s S\u00e1nchez podr\u00eda repetir como presidente con el apoyo de Sumar y de fuerzas independentistas m\u00e1s peque\u00f1as.<\/p>\n<\/div>\n<div dir=\"ltr\" class=\"bbc-19j92fr ebmt73l0\" readability=\"10\">\n<p dir=\"ltr\" class=\"bbc-hhl7in e17g058b0\">Pese a ganar, es muy complicado que Feij\u00f3o pueda llegar a ser presidente. Si no hay acuerdos, tambi\u00e9n es posible que se vuelvan a repetir los comicios en unos meses.<\/p>\n<\/div>\n<div dir=\"ltr\" class=\"bbc-1ka88fa ebmt73l0\">\n<figure class=\"bbc-1qdcvv9 e1aczekt0\">\n<div dir=\"ltr\" class=\"bbc-172p16q ebmt73l0\">\n<div dir=\"ltr\" class=\"bbc-189y18v ebmt73l0\" readability=\"6.5\">\n<div data-e2e=\"image-placeholder\" class=\"bbc-997y1y eihqrxw0\" readability=\"8\"><noscript><img loading=\"lazy\" sizes=\"(min-width: 1008px) 760px, 100vw\" srcset=\"http:\/\/nuevacordoba.net\/wp-content\/uploads\/2023\/07\/el-conservador-partido-popular-gana-las-elecciones-en-espana-pero-queda-la-incertidumbre-de-quien-gobernara-11.jpg 240w, http:\/\/nuevacordoba.net\/wp-content\/uploads\/2023\/07\/el-conservador-partido-popular-gana-las-elecciones-en-espana-pero-queda-la-incertidumbre-de-quien-gobernara-12.jpg 320w, http:\/\/nuevacordoba.net\/wp-content\/uploads\/2023\/07\/el-conservador-partido-popular-gana-las-elecciones-en-espana-pero-queda-la-incertidumbre-de-quien-gobernara-13.jpg 480w, http:\/\/nuevacordoba.net\/wp-content\/uploads\/2023\/07\/el-conservador-partido-popular-gana-las-elecciones-en-espana-pero-queda-la-incertidumbre-de-quien-gobernara-14.jpg 624w, http:\/\/nuevacordoba.net\/wp-content\/uploads\/2023\/07\/el-conservador-partido-popular-gana-las-elecciones-en-espana-pero-queda-la-incertidumbre-de-quien-gobernara-15.jpg 800w\" src=\"http:\/\/nuevacordoba.net\/wp-content\/uploads\/2023\/07\/el-conservador-partido-popular-gana-las-elecciones-en-espana-pero-queda-la-incertidumbre-de-quien-gobernara-1.jpg\" alt=\"Pedro S\u00e1nchez\" width=\"1024\" height=\"721\" class=\"e3vrtyk0 bbc-rb7xa0 e1mo64ex0\"><\/noscript><\/p>\n<p role=\"text\" class=\"bbc-1s1cxbv ewbcsnk0\"><span class=\"bbc-m04vo2\">Fuente de la imagen, <\/span><span lang=\"en-GB\">Getty Images<\/span><\/p>\n<\/div>\n<\/div>\n<div dir=\"ltr\" class=\"bbc-3edg7g ebmt73l0\" readability=\"7.5\"><figcaption dir=\"ltr\" class=\"bbc-rhuvwm e6i104o0\" readability=\"5\"><span class=\"bbc-m04vo2\">Pie de foto, <\/span><\/p>\n<p>El presidente del gobierno espa\u00f1ol, Pedro S\u00e1nchez, adelant\u00f3 las elecciones tras los resultados de los comicios regionales de mayo.<\/p>\n<\/figcaption><\/div>\n<\/div>\n<\/figure>\n<\/div>\n<div dir=\"ltr\" class=\"bbc-1ka88fa ebmt73l0\">\n<figure class=\"bbc-1qdcvv9 e1aczekt0\">\n<div dir=\"ltr\" class=\"bbc-172p16q ebmt73l0\">\n<div dir=\"ltr\" class=\"bbc-189y18v ebmt73l0\" readability=\"6.5\">\n<div data-e2e=\"image-placeholder\" class=\"bbc-997y1y eihqrxw0\" readability=\"8\"><noscript><img loading=\"lazy\" sizes=\"(min-width: 1008px) 760px, 100vw\" srcset=\"http:\/\/nuevacordoba.net\/wp-content\/uploads\/2023\/07\/el-conservador-partido-popular-gana-las-elecciones-en-espana-pero-queda-la-incertidumbre-de-quien-gobernara-16.jpg 240w, http:\/\/nuevacordoba.net\/wp-content\/uploads\/2023\/07\/el-conservador-partido-popular-gana-las-elecciones-en-espana-pero-queda-la-incertidumbre-de-quien-gobernara-17.jpg 320w, http:\/\/nuevacordoba.net\/wp-content\/uploads\/2023\/07\/el-conservador-partido-popular-gana-las-elecciones-en-espana-pero-queda-la-incertidumbre-de-quien-gobernara-18.jpg 480w, http:\/\/nuevacordoba.net\/wp-content\/uploads\/2023\/07\/el-conservador-partido-popular-gana-las-elecciones-en-espana-pero-queda-la-incertidumbre-de-quien-gobernara-19.jpg 624w, http:\/\/nuevacordoba.net\/wp-content\/uploads\/2023\/07\/el-conservador-partido-popular-gana-las-elecciones-en-espana-pero-queda-la-incertidumbre-de-quien-gobernara-20.jpg 800w\" src=\"http:\/\/nuevacordoba.net\/wp-content\/uploads\/2023\/07\/el-conservador-partido-popular-gana-las-elecciones-en-espana-pero-queda-la-incertidumbre-de-quien-gobernara-2.jpg\" alt=\"Seguidores del PP celebran la victoria\" width=\"1556\" height=\"876\" class=\"e3vrtyk0 bbc-rb7xa0 e1mo64ex0\"><\/noscript><\/p>\n<p role=\"text\" class=\"bbc-1s1cxbv ewbcsnk0\"><span class=\"bbc-m04vo2\">Fuente de la imagen, <\/span><span lang=\"en-GB\">Reuters<\/span><\/p>\n<\/div>\n<\/div>\n<div dir=\"ltr\" class=\"bbc-3edg7g ebmt73l0\" readability=\"6\"><figcaption dir=\"ltr\" class=\"bbc-rhuvwm e6i104o0\" readability=\"2\"><span class=\"bbc-m04vo2\">Pie de foto, <\/span><\/p>\n<p>Seguidores del Partido Popular se congregaron ante la sede de Madrid.<\/p>\n<\/figcaption><\/div>\n<\/div>\n<\/figure>\n<\/div>\n<p><h2 id=\"La-calculadora-de-los-pactos\" tabindex=\"-1\" class=\"bbc-1f03ibc eglt09e0\">La calculadora de los pactos<\/h2>\n<\/p>\n<div dir=\"ltr\" class=\"bbc-19j92fr ebmt73l0\" readability=\"10\">\n<p dir=\"ltr\" class=\"bbc-hhl7in e17g058b0\">Tras el intenso recuento de votos, que deja un resultado m\u00e1s ajustado de lo que se preve\u00eda, empiezan los c\u00e1lculos para ver qui\u00e9n podr\u00e1 formar gobierno.<\/p>\n<\/div>\n<div dir=\"ltr\" class=\"bbc-19j92fr ebmt73l0\" readability=\"10\">\n<p dir=\"ltr\" class=\"bbc-hhl7in e17g058b0\">Los sondeos auguraban una victoria contundente del PP, pero sin mayor\u00eda absoluta, lo que le obligaba a recurrir a Vox en busca de apoyo para gobernar.<\/p>\n<\/div>\n<div dir=\"ltr\" class=\"bbc-19j92fr ebmt73l0\" readability=\"11\">\n<p dir=\"ltr\" class=\"bbc-hhl7in e17g058b0\">El PP llegaba de obtener resultados muy positivos en las elecciones regionales y locales del 28 de mayo, lo que llev\u00f3 a S\u00e1nchez a adelantar los comicios de este domingo, en los que minimiz\u00f3 da\u00f1os hasta el punto de que puede volver a intentar ser presidente.<\/p>\n<\/div>\n<div dir=\"ltr\" class=\"bbc-19j92fr ebmt73l0\" readability=\"10\">\n<p dir=\"ltr\" class=\"bbc-hhl7in e17g058b0\">Y es que PP y Vox no alcanzan una mayor\u00eda suficiente para hacer coalici\u00f3n, por lo que los socialistas tendr\u00e1n la oportunidad de formar otro gobierno porque tienen m\u00e1s opciones para crear alianzas con otros partidos.<\/p>\n<\/div>\n<div dir=\"ltr\" class=\"bbc-19j92fr ebmt73l0\" readability=\"14\">\n<p dir=\"ltr\" class=\"bbc-hhl7in e17g058b0\">\u00abSiete a\u00f1os despu\u00e9s hemos vuelto a ganar las elecciones\u00bb, dijo Feijo\u00f3, l\u00edder del conservador PP, que pas\u00f3 de 89 a 136 esca\u00f1os, algo que, sin embargo, puede que no sirva para dirigir Espa\u00f1a. <\/p>\n<\/div>\n<div dir=\"ltr\" class=\"bbc-19j92fr ebmt73l0\" readability=\"13\">\n<p dir=\"ltr\" class=\"bbc-hhl7in e17g058b0\">\u00abLos espa\u00f1oles han dado la confianza al PP y nos han dicho que dialoguemos, y como l\u00edder del partido m\u00e1s votado, debo liderar el di\u00e1logo e intentar gobernar con la victoria electoral\u00bb, dijo el pol\u00edtico conservador, que reclama que el partido que gane las elecciones lidere el gobierno.<\/p>\n<\/div>\n<div dir=\"ltr\" class=\"bbc-19j92fr ebmt73l0\" readability=\"10\">\n<p dir=\"ltr\" class=\"bbc-hhl7in e17g058b0\">S\u00e1nchez, pese al segundo puesto, celebr\u00f3 que mejor\u00f3 los resultados de hace cuatro a\u00f1os y que el bloque de derechas no alcanz\u00f3 la mayor\u00eda necesaria para gobernar.<\/p>\n<\/div>\n<div dir=\"ltr\" class=\"bbc-19j92fr ebmt73l0\" readability=\"9\">\n<p dir=\"ltr\" class=\"bbc-hhl7in e17g058b0\">\u201cTenemos m\u00e1s votos y m\u00e1s esca\u00f1os que hace cuatro a\u00f1os\u201d, destac\u00f3 el presidente en funciones ante sus seguidores y dej\u00f3 entrever que puede intentar formar gobierno.<\/p>\n<\/div>\n<div dir=\"ltr\" class=\"bbc-19j92fr ebmt73l0\" readability=\"9\">\n<p dir=\"ltr\" class=\"bbc-hhl7in e17g058b0\">Es una de las paradojas del sistema parlamentario espa\u00f1ol, muy diferente al presidencialista que es com\u00fan en Am\u00e9rica Latina. <\/p>\n<\/div>\n<div dir=\"ltr\" class=\"bbc-19j92fr ebmt73l0\" readability=\"12\">\n<p dir=\"ltr\" class=\"bbc-hhl7in e17g058b0\">\u00abEste pa\u00eds cambi\u00f3 y dej\u00f3 el bipartidismo que vivi\u00f3 durante unos 30 a\u00f1os y <b>ahora hay que adaptarse a un parlamento m\u00e1s variado, con terceros partidos y fuerzas perif\u00e9ricas<\/b>. Y N\u00fa\u00f1ez Feij\u00f3o no puede llegar a pactos en este nuevo contexto\u00bb, le dijo a BBC Mundo el escritor y analista pol\u00edtico Daniel Bernab\u00e9.<\/p>\n<\/div>\n<div dir=\"ltr\" class=\"bbc-19j92fr ebmt73l0\" readability=\"13\">\n<p dir=\"ltr\" class=\"bbc-hhl7in e17g058b0\">Feijo\u00f3 reclam\u00f3 al PSOE que no \u00abbloquee\u00bb el gobierno de Espa\u00f1a, es decir, reclam\u00f3 una abstenci\u00f3n de los socialistas en la investidura, algo que le permitir\u00eda ser presidente, pero que no parece probable.<\/p>\n<\/div>\n<div dir=\"ltr\" class=\"bbc-1ka88fa ebmt73l0\">\n<figure class=\"bbc-1qdcvv9 e1aczekt0\">\n<div dir=\"ltr\" class=\"bbc-172p16q ebmt73l0\">\n<div dir=\"ltr\" class=\"bbc-189y18v ebmt73l0\" readability=\"6.5\">\n<div data-e2e=\"image-placeholder\" class=\"bbc-997y1y eihqrxw0\" readability=\"8\"><noscript><img loading=\"lazy\" sizes=\"(min-width: 1008px) 760px, 100vw\" srcset=\"http:\/\/nuevacordoba.net\/wp-content\/uploads\/2023\/07\/el-conservador-partido-popular-gana-las-elecciones-en-espana-pero-queda-la-incertidumbre-de-quien-gobernara-21.jpg 240w, http:\/\/nuevacordoba.net\/wp-content\/uploads\/2023\/07\/el-conservador-partido-popular-gana-las-elecciones-en-espana-pero-queda-la-incertidumbre-de-quien-gobernara-22.jpg 320w, http:\/\/nuevacordoba.net\/wp-content\/uploads\/2023\/07\/el-conservador-partido-popular-gana-las-elecciones-en-espana-pero-queda-la-incertidumbre-de-quien-gobernara-23.jpg 480w, http:\/\/nuevacordoba.net\/wp-content\/uploads\/2023\/07\/el-conservador-partido-popular-gana-las-elecciones-en-espana-pero-queda-la-incertidumbre-de-quien-gobernara-24.jpg 624w, http:\/\/nuevacordoba.net\/wp-content\/uploads\/2023\/07\/el-conservador-partido-popular-gana-las-elecciones-en-espana-pero-queda-la-incertidumbre-de-quien-gobernara-25.jpg 800w\" src=\"http:\/\/nuevacordoba.net\/wp-content\/uploads\/2023\/07\/el-conservador-partido-popular-gana-las-elecciones-en-espana-pero-queda-la-incertidumbre-de-quien-gobernara-3.jpg\" alt=\"Santiago Abascal\" width=\"1024\" height=\"682\" class=\"e3vrtyk0 bbc-rb7xa0 e1mo64ex0\"><\/noscript><\/p>\n<p role=\"text\" class=\"bbc-1s1cxbv ewbcsnk0\"><span class=\"bbc-m04vo2\">Fuente de la imagen, <\/span><span lang=\"en-GB\">Getty Images<\/span><\/p>\n<\/div>\n<\/div>\n<div dir=\"ltr\" class=\"bbc-3edg7g ebmt73l0\" readability=\"8\"><figcaption dir=\"ltr\" class=\"bbc-rhuvwm e6i104o0\" readability=\"6\"><span class=\"bbc-m04vo2\">Pie de foto, <\/span><\/p>\n<p>El l\u00edder de ultraderecha de Vox, Santiago Abascal, buscaba ser clave para un gobierno de derechas, pero su ca\u00edda de votos merm\u00f3 esa posibilidad.<\/p>\n<\/figcaption><\/div>\n<\/div>\n<\/figure>\n<\/div>\n<p><h2 id=\"El-precio-de-los-apoyos\" tabindex=\"-1\" class=\"bbc-1f03ibc eglt09e0\">El precio de los apoyos<\/h2>\n<\/p>\n<div dir=\"ltr\" class=\"bbc-19j92fr ebmt73l0\" readability=\"10\">\n<p dir=\"ltr\" class=\"bbc-hhl7in e17g058b0\">El PP no alcanza una mayor\u00eda suficiente con las fuerzas m\u00e1s afines y esperaba resultados mejores tras las elecciones regionales y locales de hace unos meses, por lo que su victoria ha sido considerada como \u00abamarga\u00bb por los analistas.<\/p>\n<\/div>\n<div dir=\"ltr\" class=\"bbc-19j92fr ebmt73l0\" readability=\"10\">\n<p dir=\"ltr\" class=\"bbc-hhl7in e17g058b0\">La ultraderecha de Vox, con la que el PP ha pactado en gobiernos regionales, pierde fuerza cuando se esperaba que pudiera ser clave incluso para entrar en un eventual gobierno del bloque de derecha.<\/p>\n<\/div>\n<div dir=\"ltr\" class=\"bbc-19j92fr ebmt73l0\" readability=\"12\">\n<p dir=\"ltr\" class=\"bbc-hhl7in e17g058b0\">Si Feij\u00f3o no lo logra, ser\u00e1 el turno de S\u00e1nchez, que necesitar\u00e1 pactar la investidura con Sumar y con otras fuerzas menores nacionalistas o independentistas vascas y catalanas que pondr\u00e1n precio a los apoyos, tal y como ha sucedido en la anterior legislatura.<\/p>\n<\/div>\n<div dir=\"ltr\" class=\"bbc-19j92fr ebmt73l0\" readability=\"8\">\n<p dir=\"ltr\" class=\"bbc-hhl7in e17g058b0\">La combinaci\u00f3n de fuerzas de izquierda e independentistas llev\u00f3 a sus cr\u00edticos de derecha a bautizarlo como un <b>\u00abgobierno Frankenstein\u00bb<\/b>.<\/p>\n<\/div>\n<div dir=\"ltr\" class=\"bbc-19j92fr ebmt73l0\" readability=\"11\">\n<p dir=\"ltr\" class=\"bbc-hhl7in e17g058b0\">El PSOE, sin embargo, es el \u00fanico de entre esas fuerzas pol\u00edticas afines que puede decir que ha mejorado sus resultados respecto a 2019, pero sus potenciales socios vuelven a ser clave.<\/p>\n<\/div>\n<div dir=\"ltr\" class=\"bbc-19j92fr ebmt73l0\" readability=\"11\">\n<p dir=\"ltr\" class=\"bbc-hhl7in e17g058b0\">\u00abNo haremos presidente a S\u00e1nchez a cambio de nada\u00bb, dijo una portavoz del partido <b>JuntsxCatalunya<\/b>, que en campa\u00f1a dijo que reclamar\u00e1 un refer\u00e9ndum de independencia para Catalu\u00f1a y cuyos 7 diputados pueden ser clave.<\/p>\n<\/div>\n<div dir=\"ltr\" class=\"bbc-19j92fr ebmt73l0\" readability=\"8\">\n<p dir=\"ltr\" class=\"bbc-hhl7in e17g058b0\">Si ni Feij\u00f3o ni S\u00e1nchez logran una investidura en los pr\u00f3ximos meses es posible incluso que haya nuevas elecciones.<\/p>\n<\/div>\n<div dir=\"ltr\" class=\"bbc-19j92fr ebmt73l0\" readability=\"10\">\n<p dir=\"ltr\" class=\"bbc-hhl7in e17g058b0\">Pese a que el bipartidismo se refuerza en estos comicios, desde hace a\u00f1os la irrupci\u00f3n de fuerzas de derecha e izquierda como Vox o Sumar a nivel nacional complica las aritm\u00e9ticas parlamentarias y hacen m\u00e1s dif\u00edciles los pactos. <\/p>\n<\/div>\n<p><h2 id=\"Una-jornada-electoral-inusual\" tabindex=\"-1\" class=\"bbc-1f03ibc eglt09e0\">Una jornada electoral inusual<\/h2>\n<\/p>\n<div dir=\"ltr\" class=\"bbc-1ka88fa ebmt73l0\">\n<figure class=\"bbc-1qdcvv9 e1aczekt0\">\n<div dir=\"ltr\" class=\"bbc-172p16q ebmt73l0\">\n<div dir=\"ltr\" class=\"bbc-189y18v ebmt73l0\" readability=\"6.5\">\n<div data-e2e=\"image-placeholder\" class=\"bbc-997y1y eihqrxw0\" readability=\"8\"><noscript><img loading=\"lazy\" sizes=\"(min-width: 1008px) 760px, 100vw\" srcset=\"http:\/\/nuevacordoba.net\/wp-content\/uploads\/2023\/07\/el-conservador-partido-popular-gana-las-elecciones-en-espana-pero-queda-la-incertidumbre-de-quien-gobernara-26.jpg 240w, http:\/\/nuevacordoba.net\/wp-content\/uploads\/2023\/07\/el-conservador-partido-popular-gana-las-elecciones-en-espana-pero-queda-la-incertidumbre-de-quien-gobernara-27.jpg 320w, http:\/\/nuevacordoba.net\/wp-content\/uploads\/2023\/07\/el-conservador-partido-popular-gana-las-elecciones-en-espana-pero-queda-la-incertidumbre-de-quien-gobernara-28.jpg 480w, http:\/\/nuevacordoba.net\/wp-content\/uploads\/2023\/07\/el-conservador-partido-popular-gana-las-elecciones-en-espana-pero-queda-la-incertidumbre-de-quien-gobernara-29.jpg 624w, http:\/\/nuevacordoba.net\/wp-content\/uploads\/2023\/07\/el-conservador-partido-popular-gana-las-elecciones-en-espana-pero-queda-la-incertidumbre-de-quien-gobernara-30.jpg 800w\" src=\"http:\/\/nuevacordoba.net\/wp-content\/uploads\/2023\/07\/el-conservador-partido-popular-gana-las-elecciones-en-espana-pero-queda-la-incertidumbre-de-quien-gobernara-4.jpg\" alt=\"Unas personas esperan para votar en Espa\u00f1a\" width=\"1014\" height=\"570\" class=\"e3vrtyk0 bbc-rb7xa0 e1mo64ex0\"><\/noscript><\/p>\n<p role=\"text\" class=\"bbc-1s1cxbv ewbcsnk0\"><span class=\"bbc-m04vo2\">Fuente de la imagen, <\/span><span lang=\"en-GB\">Getty Images<\/span><\/p>\n<\/div>\n<\/div>\n<div dir=\"ltr\" class=\"bbc-3edg7g ebmt73l0\" readability=\"6\"><figcaption dir=\"ltr\" class=\"bbc-rhuvwm e6i104o0\" readability=\"2\"><span class=\"bbc-m04vo2\">Pie de foto, <\/span><\/p>\n<p>Las elecciones en verano son inusuales en Espa\u00f1a.<\/p>\n<\/figcaption><\/div>\n<\/div>\n<\/figure>\n<\/div>\n<div dir=\"ltr\" class=\"bbc-19j92fr ebmt73l0\" readability=\"10\">\n<p dir=\"ltr\" class=\"bbc-hhl7in e17g058b0\">Pese a lo inusual de la convocatoria en pleno mes de julio, <b>la participaci\u00f3n super\u00f3 el 70%<\/b>, un nivel ligeramente superior al de las elecciones generales de noviembre de 2019.<\/p>\n<\/div>\n<div dir=\"ltr\" class=\"bbc-19j92fr ebmt73l0\" readability=\"7\">\n<p dir=\"ltr\" class=\"bbc-hhl7in e17g058b0\">Muchos ciudadanos votaron m\u00e1s temprano para evitar el calor abrasador.<\/p>\n<\/div>\n<div dir=\"ltr\" class=\"bbc-19j92fr ebmt73l0\" readability=\"7\">\n<p dir=\"ltr\" class=\"bbc-hhl7in e17g058b0\">Muchos otros se inclinaron por el voto por correo.<\/p>\n<\/div>\n<div dir=\"ltr\" class=\"bbc-19j92fr ebmt73l0\" readability=\"9\">\n<p dir=\"ltr\" class=\"bbc-hhl7in e17g058b0\">Espa\u00f1a nunca antes hab\u00eda celebrado elecciones en pleno verano, y <b>en partes del sur las temperaturas rozaban los 40 \u00baC<\/b>.<\/p>\n<\/div>\n<div dir=\"ltr\" class=\"bbc-19j92fr ebmt73l0\" readability=\"9\">\n<p dir=\"ltr\" class=\"bbc-hhl7in e17g058b0\">En los centros de votaci\u00f3n, los ventiladores el\u00e9ctricos estuvieron prendidos para mantener fresca a la gente.<\/p>\n<\/div>\n<div dir=\"ltr\" class=\"bbc-19j92fr ebmt73l0\" readability=\"11\">\n<p dir=\"ltr\" class=\"bbc-hhl7in e17g058b0\">\u00abHacer la votaci\u00f3n en esta \u00e9poca del a\u00f1o es espantoso&#8230; deber\u00eda estar prohibido\u00bb, le dijo a la AFP Maria Suner, de 80 a\u00f1os, en un colegio electoral de Madrid.<\/p>\n<\/div>\n<div dir=\"ltr\" class=\"bbc-1ka88fa ebmt73l0\">\n<figure class=\"bbc-1qdcvv9 e1aczekt0\">\n<div dir=\"ltr\" class=\"bbc-172p16q ebmt73l0\">\n<div dir=\"ltr\" class=\"bbc-189y18v ebmt73l0\">\n<div data-e2e=\"image-placeholder\" class=\"bbc-997y1y eihqrxw0\"><noscript><img loading=\"lazy\" sizes=\"(min-width: 1008px) 760px, 100vw\" srcset=\"http:\/\/nuevacordoba.net\/wp-content\/uploads\/2023\/07\/el-conservador-partido-popular-gana-las-elecciones-en-espana-pero-queda-la-incertidumbre-de-quien-gobernara-31.jpg 240w, http:\/\/nuevacordoba.net\/wp-content\/uploads\/2023\/07\/el-conservador-partido-popular-gana-las-elecciones-en-espana-pero-queda-la-incertidumbre-de-quien-gobernara-32.jpg 320w, http:\/\/nuevacordoba.net\/wp-content\/uploads\/2023\/07\/el-conservador-partido-popular-gana-las-elecciones-en-espana-pero-queda-la-incertidumbre-de-quien-gobernara-33.jpg 464w\" src=\"http:\/\/nuevacordoba.net\/wp-content\/uploads\/2023\/07\/el-conservador-partido-popular-gana-las-elecciones-en-espana-pero-queda-la-incertidumbre-de-quien-gobernara-5.jpg\" alt=\"L\u00ednea gris\" width=\"464\" height=\"2\" class=\"e3vrtyk0 bbc-rb7xa0 e1mo64ex0\"><\/noscript><\/div>\n<\/div>\n<\/div>\n<\/figure>\n<\/div>\n<div dir=\"ltr\" class=\"bbc-19j92fr ebmt73l0\" readability=\"8\">\n<p dir=\"ltr\" class=\"bbc-hhl7in e17g058b0\"><i class=\"bbc-h1y5j7 eih42320\">Recuerda que puedes recibir notificaciones de BBC News Mundo. Descarga la \u00faltima versi\u00f3n de nuestra app y act\u00edvalas para no perderte nuestro mejor contenido<\/i>.<\/p>\n<\/div>\n<section dir=\"ltr\" role=\"region\" aria-label=\"Contenido relacionado\" class=\"bbc-1n4f7vm ebmt73l0\"><\/section>\n","protected":false},"excerpt":{"rendered":"<p>Fuente de la imagen, Getty Images Pie de foto, Alberto N\u00fa\u00f1ez Feij\u00f3o logr\u00f3 la victoria, pero puede que no sea suficiente para que pueda formar gobierno. Article information Author, Redacci\u00f3n Role, BBC News Mundo 23 julio 2023 Espa\u00f1a vot\u00f3 este domingo en unas elecciones anticipadas que estuvieron marcadas por el calor extremo y que arrojan [&hellip;]<\/p>\n","protected":false},"author":1,"featured_media":34710,"comment_status":"closed","ping_status":"closed","sticky":false,"template":"","format":"standard","meta":[],"categories":[13],"tags":[],"_links":{"self":[{"href":"http:\/\/nuevacordoba.net\/index.php\/wp-json\/wp\/v2\/posts\/34709"}],"collection":[{"href":"http:\/\/nuevacordoba.net\/index.php\/wp-json\/wp\/v2\/posts"}],"about":[{"href":"http:\/\/nuevacordoba.net\/index.php\/wp-json\/wp\/v2\/types\/post"}],"author":[{"embeddable":true,"href":"http:\/\/nuevacordoba.net\/index.php\/wp-json\/wp\/v2\/users\/1"}],"replies":[{"embeddable":true,"href":"http:\/\/nuevacordoba.net\/index.php\/wp-json\/wp\/v2\/comments?post=34709"}],"version-history":[{"count":0,"href":"http:\/\/nuevacordoba.net\/index.php\/wp-json\/wp\/v2\/posts\/34709\/revisions"}],"wp:featuredmedia":[{"embeddable":true,"href":"http:\/\/nuevacordoba.net\/index.php\/wp-json\/wp\/v2\/media\/34710"}],"wp:attachment":[{"href":"http:\/\/nuevacordoba.net\/index.php\/wp-json\/wp\/v2\/media?parent=34709"}],"wp:term":[{"taxonomy":"category","embeddable":true,"href":"http:\/\/nuevacordoba.net\/index.php\/wp-json\/wp\/v2\/categories?post=34709"},{"taxonomy":"post_tag","embeddable":true,"href":"http:\/\/nuevacordoba.net\/index.php\/wp-json\/wp\/v2\/tags?post=34709"}],"curies":[{"name":"wp","href":"https:\/\/api.w.org\/{rel}","templated":true}]}}