{"id":34711,"date":"2023-07-24T03:04:46","date_gmt":"2023-07-24T03:04:46","guid":{"rendered":"https:\/\/puntoapunto.com.ar\/?p=348528"},"modified":"2023-07-24T03:04:46","modified_gmt":"2023-07-24T03:04:46","slug":"como-es-el-plan-de-gestion-que-tiene-passerini-para-la-capital","status":"publish","type":"post","link":"http:\/\/nuevacordoba.net\/index.php\/2023\/07\/24\/como-es-el-plan-de-gestion-que-tiene-passerini-para-la-capital\/","title":{"rendered":"C\u00f3mo es el plan de gesti\u00f3n que tiene Passerini para la capital"},"content":{"rendered":"<div class=\"g g-36\">\n<div class=\"g-dyn a-12 c-1\"><a class=\"gofollow\" data-track=\"MTIsMzYsMSw2MA==\" href=\"https:\/\/hospitalprivado.com.ar\/landing-trasplante.html\" target=\"_blank\" rel=\"noopener\"><img class=\"lazyload\" src=\"http:\/\/nuevacordoba.net\/wp-content\/uploads\/2023\/07\/como-es-el-plan-de-gestion-que-tiene-passerini-para-la-capital.png\"><\/a><\/div>\n<\/div>\n<p><strong><a href=\"https:\/\/puntoapunto.com.ar\/daniel-passerini-sera-el-proximo-intendente-de-cordoba\/\">Daniel Passerini<\/a>,<\/strong> el hombre de <a href=\"http:\/\/www.hacemosporcordoba.org\/\" target=\"_blank\" rel=\"noopener\">Hacemos Unidos por C\u00f3rdoba<\/a>, se consagr\u00f3 como el pr\u00f3ximo intendente de C\u00f3rdoba con m\u00e1s del 47% de los votos, junto a<strong> Javier Pretto,<\/strong> quien lo acompa\u00f1a como viceintendente.\n<\/p>\n<p>Passerini se impuso frente al opositor,<strong><a href=\"https:\/\/puntoapunto.com.ar\/de-loredo-reconocio-la-derrota-que-dijo\/\"> Rodrigo de Loredo, quien se llev\u00f3 el 40% de los votos<\/a>,<\/strong> seg\u00fan las primeras mesas escrutadas.&nbsp;<strong>Este triunfo le da cuatro a\u00f1os m\u00e1s de sinton\u00eda peronista entre el Panal y el Palacio 6 de julio.&nbsp;<\/strong>\n<\/p>\n<p>Con estos n\u00fameros, el triunfo de Passerini es inminente y con \u00e9l llega un -nuevo- plan de continuidad para la gesti\u00f3n municipal.&nbsp;Se trata de un <strong>compendio de pol\u00edticas p\u00fablicas <\/strong>que el pr\u00f3ximo intendente propone para seguir desarrollando el camino trazado por Mart\u00edn Llaryora.\n<\/p>\n<p>El programa de gobierno presentado por Passerini se basa en<strong>&nbsp;cuatro ejes:<\/strong>\n<\/p>\n<ul>\n<li>Gobierno responsable , seguridad econ\u00f3mica, seguridad jur\u00eddica y previsibilidad<\/li>\n<li>Sostenibilidad fiscal: no volver al gasto salarial que se llevaba el 90% de los ingresos, como forma de seguir garantizando un presupuesto con inversiones.<\/li>\n<li>Visi\u00f3n de ciudad con un abordaje integral, como condici\u00f3n principal para conducir el desarrollo urbano.<\/li>\n<li>Ciudad ordenada, integrada y sostenible, planificada y gestionada de forma participativa.<\/li>\n<\/ul>\n<p>\u201cTomamos medidas fuertes que nos permitieron<strong>&nbsp;dar vuelta el d\u00e9ficit, que en 2019 era del 8.1 % y hoy es del 1.8 %. Eso nos permite hoy tener el 25 % del presupuesto disponible para inversiones.<\/strong>&nbsp;Solo el a\u00f1o pasado ejecutamos 33 mil millones de pesos de recursos propios en obras\u201d, enumer\u00f3 Passerini.<\/p>\n<p>Luego, resumi\u00f3 algunas de las medidas planificadas junto a su equipo de trabajo para el per\u00edodo 2023-2027. En materia<strong>&nbsp;econ\u00f3mica y financiera<\/strong>, dijo: \u201cEn estos tres a\u00f1os y medio hemos generado un gobierno responsable, que garantiza la seguridad econ\u00f3mica y jur\u00eddica, que da previsibilidad\u201d, sostuvo Passerini.\n<\/p>\n<p>Adem\u00e1s, asegur\u00f3 que su gobierno<strong> mantendr\u00e1 y fortalecer\u00e1 las pol\u00edticas de obras urbanas y de infraestructura y aumentar\u00e1 el presupuesto destinado para salud y educaci\u00f3n.<\/strong>\n<\/p>\n<p>En materia de <strong>modernizaci\u00f3n<\/strong>, Passerini destac\u00f3 el impacto del proceso de digitalizaci\u00f3n de tr\u00e1mites que tuvo lugar en los \u00faltimos tres a\u00f1os, colocando a C\u00f3rdoba a la vanguardia a nivel regional. Adem\u00e1s apunta al fortalecimiento del espacio p\u00fablico se complementar\u00e1 con la<strong>&nbsp;creaci\u00f3n de nuevas supermanzanas y parques.&nbsp;<\/strong>\n<\/p>\n<p>En el \u00e1rea de infraestructura<strong>, anticip\u00f3 que ya tienen elaborado un ambicioso plan de obra p\u00fablica<\/strong>&nbsp;para&nbsp;<strong>alumbrado, pavimentaci\u00f3n, cloacas y agua potable.<\/strong>\n<\/p>\n<p><img loading=\"lazy\" decoding=\"async\" alt width=\"1600\" height=\"1066\" data-sizes=\"(max-width: 1600px) 100vw, 1600px\" class=\"aligncenter wp-image-348577 size-full lazyload\" src=\"http:\/\/nuevacordoba.net\/wp-content\/uploads\/2023\/07\/como-es-el-plan-de-gestion-que-tiene-passerini-para-la-capital.jpg\" srcset=\"http:\/\/nuevacordoba.net\/wp-content\/uploads\/2023\/07\/como-es-el-plan-de-gestion-que-tiene-passerini-para-la-capital.jpg 1600w, http:\/\/nuevacordoba.net\/wp-content\/uploads\/2023\/07\/como-es-el-plan-de-gestion-que-tiene-passerini-para-la-capital-1.jpg 300w, http:\/\/nuevacordoba.net\/wp-content\/uploads\/2023\/07\/como-es-el-plan-de-gestion-que-tiene-passerini-para-la-capital-2.jpg 1024w, http:\/\/nuevacordoba.net\/wp-content\/uploads\/2023\/07\/como-es-el-plan-de-gestion-que-tiene-passerini-para-la-capital-3.jpg 768w, http:\/\/nuevacordoba.net\/wp-content\/uploads\/2023\/07\/como-es-el-plan-de-gestion-que-tiene-passerini-para-la-capital-4.jpg 1536w, http:\/\/nuevacordoba.net\/wp-content\/uploads\/2023\/07\/como-es-el-plan-de-gestion-que-tiene-passerini-para-la-capital-5.jpg 750w, http:\/\/nuevacordoba.net\/wp-content\/uploads\/2023\/07\/como-es-el-plan-de-gestion-que-tiene-passerini-para-la-capital-6.jpg 1140w\">\n<\/p>\n<p>En alumbrado p\u00fablico, se comprometi\u00f3 a instalar m\u00e1s de 81.000 nuevas luces LED; iluminando as\u00ed con esta tecnolog\u00eda a toda la ciudad. En este sentido record\u00f3 que en 2019 C\u00f3rdoba ten\u00eda solo el 19% del alumbrado p\u00fablico con LED, y esta gesti\u00f3n est\u00e1 por alcanzar el 49%. El plan contempla la creaci\u00f3n de un moderno sistema de Telegestion para el Monitoreo y Control Remoto de la infraestructura de alumbrado p\u00fablico.\n<\/p>\n<p>El plan de obras viales trazado por Passerini no es menos ambicioso:&nbsp;<strong>el viceintendente asegur\u00f3 que en los pr\u00f3ximos cuatro a\u00f1os su gesti\u00f3n pavimentar\u00e1 4.000 cuadras de calles tierra.&nbsp;<\/strong>\u201cPodemos garantizar un ritmo de&nbsp;<strong>inversi\u00f3n de 1.000 cuadras por a\u00f1o<\/strong>, por lo que *a fines de 2027 podremos tener pavimentada toda la ciudad\u201d*, asegur\u00f3.\n<\/p>\n<p>Esto se complementar\u00e1 con la ejecuci\u00f3n de 13 nuevos desag\u00fces pluviales y la construcci\u00f3n de redes de agua potable que permitan la incorporaci\u00f3n de 75 nuevas barriadas, para que sus vecinos puedan contar con este vital servicio.\n<\/p>\n<p>Finalmente, Passerini se comprometi\u00f3 a la<strong>&nbsp;construcci\u00f3n de casi 50.000 metros lineales de nuevos nexos cloacales que permitir\u00e1n conectar a nuevas viviendas de toda la ciudad y llevar el servicio de gas natural al 100 % de las parcelas de la ciudad.<\/strong> <\/p>\n","protected":false},"excerpt":{"rendered":"<p>Daniel Passerini, el hombre de Hacemos Unidos por C\u00f3rdoba, se consagr\u00f3 como el pr\u00f3ximo intendente de C\u00f3rdoba con m\u00e1s del 47% de los votos, junto a Javier Pretto, quien lo acompa\u00f1a como viceintendente. Passerini se impuso frente al opositor, Rodrigo de Loredo, quien se llev\u00f3 el 40% de los votos, seg\u00fan las primeras mesas escrutadas.&nbsp;Este [&hellip;]<\/p>\n","protected":false},"author":1,"featured_media":34712,"comment_status":"open","ping_status":"closed","sticky":false,"template":"","format":"standard","meta":[],"categories":[12,14],"tags":[],"_links":{"self":[{"href":"http:\/\/nuevacordoba.net\/index.php\/wp-json\/wp\/v2\/posts\/34711"}],"collection":[{"href":"http:\/\/nuevacordoba.net\/index.php\/wp-json\/wp\/v2\/posts"}],"about":[{"href":"http:\/\/nuevacordoba.net\/index.php\/wp-json\/wp\/v2\/types\/post"}],"author":[{"embeddable":true,"href":"http:\/\/nuevacordoba.net\/index.php\/wp-json\/wp\/v2\/users\/1"}],"replies":[{"embeddable":true,"href":"http:\/\/nuevacordoba.net\/index.php\/wp-json\/wp\/v2\/comments?post=34711"}],"version-history":[{"count":0,"href":"http:\/\/nuevacordoba.net\/index.php\/wp-json\/wp\/v2\/posts\/34711\/revisions"}],"wp:featuredmedia":[{"embeddable":true,"href":"http:\/\/nuevacordoba.net\/index.php\/wp-json\/wp\/v2\/media\/34712"}],"wp:attachment":[{"href":"http:\/\/nuevacordoba.net\/index.php\/wp-json\/wp\/v2\/media?parent=34711"}],"wp:term":[{"taxonomy":"category","embeddable":true,"href":"http:\/\/nuevacordoba.net\/index.php\/wp-json\/wp\/v2\/categories?post=34711"},{"taxonomy":"post_tag","embeddable":true,"href":"http:\/\/nuevacordoba.net\/index.php\/wp-json\/wp\/v2\/tags?post=34711"}],"curies":[{"name":"wp","href":"https:\/\/api.w.org\/{rel}","templated":true}]}}