{"id":34715,"date":"2023-07-24T13:45:35","date_gmt":"2023-07-24T13:45:35","guid":{"rendered":"http:\/\/nuevacordoba.net\/index.php\/2023\/07\/24\/pedro-sanchez-celebro-el-fracaso-de-la-derecha-y-fernandez-lo-felicito-por-su-eleccion\/"},"modified":"2023-07-24T13:45:35","modified_gmt":"2023-07-24T13:45:35","slug":"pedro-sanchez-celebro-el-fracaso-de-la-derecha-y-fernandez-lo-felicito-por-su-eleccion","status":"publish","type":"post","link":"http:\/\/nuevacordoba.net\/index.php\/2023\/07\/24\/pedro-sanchez-celebro-el-fracaso-de-la-derecha-y-fernandez-lo-felicito-por-su-eleccion\/","title":{"rendered":"Pedro S\u00e1nchez celebr\u00f3 \u201cel fracaso\u201d de la derecha y Fern\u00e1ndez lo felicit\u00f3 por su elecci\u00f3n"},"content":{"rendered":"<figure class=\"mb-3\"><img loading=\"lazy\" data-src=\"http:\/\/nuevacordoba.net\/wp-content\/uploads\/2023\/07\/pedro-sanchez-celebro-el-fracaso-de-la-derecha-y-fernandez-lo-felicito-por-su-eleccion.jpg\" src=\"https:\/\/www.telam.com.ar\/assets\/img\/not_image.png\" class=\" lazy \" width=\"100%\" height=\"100%\" alt=\"Foto Archivo AFP\"><figcaption> Foto: Archivo AFP. <\/figcaption><\/figure>\n<p>El presidente del gobierno de Espa\u00f1a, Pedro S\u00e1nchez, afirm\u00f3 que <a href=\"https:\/\/www.telam.com.ar\/notas\/202307\/634833-elecciones-espana-derecha-favorita.html\" target=\"_blank\" rel=\"noopener\">el Partido Popular (PP) conservador y Vox, de extrema derecha, son \u00abinvolucionistas\u00bb y fueron \u00abderrotados\u00bb en las elecciones generales de este domingo<\/a>.<\/p>\n<p><strong>S\u00e1nchez se mostr\u00f3 sonriente cuando el escrutinio oficial de los comicios hab\u00eda superado 90% de las mesas y mostraba que su Partido Socialista (PSOE) estaba segundo, por debajo del PP, pero este no podr\u00eda alcanzar la mayor\u00eda absoluta para formar gobierno <\/strong>ni siquiera con eventuales alianzas.<\/p>\n<p><strong>\u201cAquellos que planteaban el machismo, el retroceso en derechos y libertades han fracasado, el bloque involucionista del PP con Vox ha salido derrotado, somos m\u00e1s los que queremos que Espa\u00f1a avance\u201d<\/strong>, dijo S\u00e1nchez desde una tarima frente a la sede del PSOE en Madrid.<\/p>\n<p>\u00abGracias de coraz\u00f3n\u00bb, dijo S\u00e1nchez frente a sus seguidores que coreaban \u00abPresidente, presidente\u00bb y \u00abNo pasar\u00e1n\u00bb.<\/p>\n<p>El mandatario tambi\u00e9n destac\u00f3 el crecimiento de los votos que recibi\u00f3 su espacio respecto a 2019.<\/p>\n<p><strong>\u201cHemos tenido m\u00e1s votos y m\u00e1s esca\u00f1os que hace cuatro a\u00f1os\u201d, <\/strong>dijo en referencia a los dos esca\u00f1os que sum\u00f3 hoy el PSOE, seg\u00fan el diario madrile\u00f1o El Pa\u00eds.<\/p>\n<blockquote class=\"twitter-tweet\" readability=\"12.421965317919\">\n<p lang=\"es\" dir=\"ltr\">Espa\u00f1a ha sido meridiana y rotundamente clara.<\/p>\n<p>El bloque involucionista, de retroceso, que planteaba la derogaci\u00f3n de los avances logrados estos cuatro a\u00f1os ha fracasado. <\/p>\n<p>Somos muchos m\u00e1s los que queremos que Espa\u00f1a siga avanzando.<\/p>\n<p>Muchas gracias a todos y a todas. <a href=\"https:\/\/t.co\/3ztlnGHAyo\">pic.twitter.com\/3ztlnGHAyo<\/a><\/p>\n<p>\u2014 Pedro S\u00e1nchez (@sanchezcastejon) <a href=\"https:\/\/twitter.com\/sanchezcastejon\/status\/1683244293283098624?ref_src=twsrc%5Etfw\">July 23, 2023<\/a><\/p><\/blockquote>\n<p>A su vez, celebr\u00f3 el resultado de sus aliados con quien podr\u00eda conformar un bloque progresista para renovar su mandato.<\/p>\n<p>S\u00e1nchez plante\u00f3 su llamado a las urnas, que inicialmente est\u00e1 previsto para diciembre, pero decidi\u00f3 adelantar luego de que el PP lo superara en las elecciones subnacionales del 28 de mayo pasado.<\/p>\n<p><strong>\u201cHace unas semanas convoqu\u00e9 las elecciones anticipadas porque cre\u00eda que ten\u00edamos una sociedad que decid\u00eda qu\u00e9 rumbo tomar: o un rumbo de avance o de retroceso\u201d,<\/strong> afirm\u00f3.<\/p>\n<p>\u201cEspa\u00f1a ha sido clara, el bloque involucionista que planteaba una derogaci\u00f3n total de todos los avances que hemos logrado estos cuatro a\u00f1os ha fracasado\u201d, evalu\u00f3.<\/p>\n<h2 class> Las felicitaciones de Alberto <\/h2>\n<p> El presidente Alberto Fern\u00e1ndez felicit\u00f3 este domingo al jefe del Gobierno de Espa\u00f1a, el socialista Pedro S\u00e1nchez, por haber realizado una \u00ab<strong>extraordinaria elecci\u00f3n\u00bb e<\/strong>n ese pa\u00eds y destac\u00f3 que los ciudadanos espa\u00f1oles con su voto \u00abrevalorizaron el Estado de Derecho\u00bb.<\/p>\n<p>\u00abFelicitaciones querido amigo Pedro S\u00e1nchez Castej\u00f3n por la extraordinaria elecci\u00f3n que hiciste\u00bb, salud\u00f3 Fern\u00e1ndez en su cuenta de Twitter.<\/p>\n<p>Agreg\u00f3 que <strong>\u00abmillones de espa\u00f1oles revalorizaron el Estado de Derecho y la han preservado de aquellos que usan la democracia para despu\u00e9s negarla en el Gobierno\u00bb<\/strong>.<\/p>\n<blockquote class=\"twitter-tweet\" readability=\"6.7709497206704\">\n<p lang=\"es\" dir=\"ltr\">Felicitaciones querido amigo <a href=\"https:\/\/twitter.com\/sanchezcastejon?ref_src=twsrc%5Etfw\">@sanchezcastejon<\/a> por la extraordinaria elecci\u00f3n que hiciste. Millones de espa\u00f1oles revalorizaron el Estado de derecho y la han preservado de aquellos que usan la democracia para despu\u00e9s negarla en el Gobierno. Te mando un fuerte abrazo a la distancia. <a href=\"https:\/\/t.co\/oF0IcMgG3Y\">pic.twitter.com\/oF0IcMgG3Y<\/a><\/p>\n<p>\u2014 Alberto Fern\u00e1ndez (@alferdez) <a href=\"https:\/\/twitter.com\/alferdez\/status\/1683234234335371265?ref_src=twsrc%5Etfw\">July 23, 2023<\/a><\/p><\/blockquote>\n<p>\u00abTe mando un fuerte abrazo a la distancia\u00bb, finaliz\u00f3 el mandatario argentino al conocerse los resultados de la elecci\u00f3n general donde el Partido Popular (PP), conservador y opositor, se impuso pero lejos de la mayor\u00eda absoluta del Congreso de los Diputados, por lo que qued\u00f3 en una paridad relativa con el Partido Socialista (PSOE) gobernante encabezado por S\u00e1nchez. <\/p>\n","protected":false},"excerpt":{"rendered":"<p>Foto: Archivo AFP. El presidente del gobierno de Espa\u00f1a, Pedro S\u00e1nchez, afirm\u00f3 que el Partido Popular (PP) conservador y Vox, de extrema derecha, son \u00abinvolucionistas\u00bb y fueron \u00abderrotados\u00bb en las elecciones generales de este domingo. S\u00e1nchez se mostr\u00f3 sonriente cuando el escrutinio oficial de los comicios hab\u00eda superado 90% de las mesas y mostraba que [&hellip;]<\/p>\n","protected":false},"author":1,"featured_media":34716,"comment_status":"closed","ping_status":"closed","sticky":false,"template":"","format":"standard","meta":[],"categories":[13],"tags":[],"_links":{"self":[{"href":"http:\/\/nuevacordoba.net\/index.php\/wp-json\/wp\/v2\/posts\/34715"}],"collection":[{"href":"http:\/\/nuevacordoba.net\/index.php\/wp-json\/wp\/v2\/posts"}],"about":[{"href":"http:\/\/nuevacordoba.net\/index.php\/wp-json\/wp\/v2\/types\/post"}],"author":[{"embeddable":true,"href":"http:\/\/nuevacordoba.net\/index.php\/wp-json\/wp\/v2\/users\/1"}],"replies":[{"embeddable":true,"href":"http:\/\/nuevacordoba.net\/index.php\/wp-json\/wp\/v2\/comments?post=34715"}],"version-history":[{"count":0,"href":"http:\/\/nuevacordoba.net\/index.php\/wp-json\/wp\/v2\/posts\/34715\/revisions"}],"wp:featuredmedia":[{"embeddable":true,"href":"http:\/\/nuevacordoba.net\/index.php\/wp-json\/wp\/v2\/media\/34716"}],"wp:attachment":[{"href":"http:\/\/nuevacordoba.net\/index.php\/wp-json\/wp\/v2\/media?parent=34715"}],"wp:term":[{"taxonomy":"category","embeddable":true,"href":"http:\/\/nuevacordoba.net\/index.php\/wp-json\/wp\/v2\/categories?post=34715"},{"taxonomy":"post_tag","embeddable":true,"href":"http:\/\/nuevacordoba.net\/index.php\/wp-json\/wp\/v2\/tags?post=34715"}],"curies":[{"name":"wp","href":"https:\/\/api.w.org\/{rel}","templated":true}]}}