{"id":34826,"date":"2023-07-27T20:20:56","date_gmt":"2023-07-27T20:20:56","guid":{"rendered":"https:\/\/prensa.cba.gov.ar\/?p=561427"},"modified":"2023-07-27T20:20:56","modified_gmt":"2023-07-27T20:20:56","slug":"isep-inscripciones-abiertas-a-la-jornada-los-desafios-de-la-escuela-y-la-formacion-docente-hoy","status":"publish","type":"post","link":"http:\/\/nuevacordoba.net\/index.php\/2023\/07\/27\/isep-inscripciones-abiertas-a-la-jornada-los-desafios-de-la-escuela-y-la-formacion-docente-hoy\/","title":{"rendered":"Isep: inscripciones abiertas a la jornada \u201cLos desaf\u00edos de la escuela y la formaci\u00f3n docente hoy\u201d\u00a0"},"content":{"rendered":"<div><img src=\"http:\/\/nuevacordoba.net\/wp-content\/uploads\/2023\/07\/isep-inscripciones-abiertas-a-la-jornada-los-desafios-de-la-escuela-y-la-formacion-docente-hoy.png\" class=\"ff-og-image-inserted\"><\/div>\n<ul>\n<li><strong>Se trata del primer encuentro entre docentes y especialistas del campo de la educaci\u00f3n para revisar y analizar los problemas vinculados al oficio docente, en general, y a la ense\u00f1anza, en particular.<\/strong><\/li>\n<li><strong>La primera jornada ser\u00e1 el 8 de agosto. En esta nota, toda la informaci\u00f3n sobre el evento y c\u00f3mo concretar el proceso de inscripci\u00f3n.<\/strong><\/li>\n<\/ul>\n<p>El Ministerio de Educaci\u00f3n de la Provincia informa que el Instituto Superior de Estudios Pedag\u00f3gicos (Isep) abri\u00f3 el per\u00edodo de inscripci\u00f3n para la primera jornada de estudio \u201cLos desaf\u00edos de la escuela y la formaci\u00f3n docente hoy. Problemas, pol\u00edticas y experiencias: avances y pendientes\u201d, que se enmarca en el Ciclo Di\u00e1logos sobre Pedagog\u00eda.<\/p>\n<p>El primer encuentro se realizar\u00e1 el martes 8 de agosto en la Sala Mayor de la Universidad Provincial de C\u00f3rdoba. Participar\u00e1n Liliana Abrate, directora de Educaci\u00f3n Superior de la provincia; Adriana Fontana, directora del Isep; e In\u00e9s Dussel, investigadora y docente, quienes dialogar\u00e1n en torno a los desaf\u00edos de la formaci\u00f3n docente inicial y continua.<\/p>\n<p>Por la tarde, en tanto, reconocidos especialistas participar\u00e1n en diferentes mesas de di\u00e1logo sobre asuntos relevantes vinculados a la disciplina y a su ense\u00f1anza. <\/p>\n<p><strong>| Inscripci\u00f3n<\/strong><strong><\/strong><\/p>\n<p>Los\/as interesados\/as podr\u00e1n realizar el tr\u00e1mite de inscripci\u00f3n en este<a href=\"https:\/\/docs.google.com\/forms\/d\/e\/1FAIpQLSeHo8z8urf_D-crB4zMpDqXuI89BoNk_EWUN94sfv1mWgkfnw\/viewform\"> enlace.<\/a> <\/p>\n<p>Cabe aclarar que en el formulario de inscripci\u00f3n se podr\u00e1 optar por dos recorridos: participar de la jornada presencial o hacerlo de manera virtual. En el primer caso, deber\u00e1n seleccionar, adem\u00e1s, las mesas de di\u00e1logo a las cuales se inscribir\u00e1n, que tambi\u00e9n ser\u00e1n de asistencia presencial.&nbsp;<\/p>\n<p><strong>Sobre las jornadas de estudio<\/strong><\/p>\n<p>El objetivo es hacer lugar al estudio entre colegas docentes, dialogar con el prop\u00f3sito de analizar los problemas vinculados al oficio docente, en general, y a la ense\u00f1anza, en particular.&nbsp;<\/p>\n<p>De este modo, con experiencias, con datos, con clases en el haber, en estas jornadas se abrir\u00e1n conversaciones que ayuden a revisar el oficio de ense\u00f1ar, a identificar aquello que le es propio, m\u00e1s all\u00e1 de la materia, del nivel o de la modalidad; m\u00e1s all\u00e1 de los tiempos y de las tecnolog\u00edas que lo atraviesan.<\/p>\n<p>A su vez, propondr\u00e1n di\u00e1logos espec\u00edficos, que atiendan a las diferentes disciplinas y\/o \u00e1reas del saber escolar y a sus avances en las did\u00e1cticas.&nbsp;<\/p>\n<p>Por consultas, comunicarse telef\u00f3nicamente al (0351) 433-8615, o a trav\u00e9s del correo electr\u00f3nico mesadeayuda@isep-cba.edu.ar. Tambi\u00e9n de manera presencial en las oficinas ubicadas en Agust\u00edn Garz\u00f3n 1221, barrio San Vicente (C\u00f3rdoba) de 9 a 19.<\/p>\n","protected":false},"excerpt":{"rendered":"<p>Se trata del primer encuentro entre docentes y especialistas del campo de la educaci\u00f3n para revisar y analizar los problemas vinculados al oficio docente, en general, y a la ense\u00f1anza, en particular. La primera jornada ser\u00e1 el 8 de agosto. En esta nota, toda la informaci\u00f3n sobre el evento y c\u00f3mo concretar el proceso de [&hellip;]<\/p>\n","protected":false},"author":1,"featured_media":34827,"comment_status":"closed","ping_status":"closed","sticky":false,"template":"","format":"standard","meta":[],"categories":[14],"tags":[],"_links":{"self":[{"href":"http:\/\/nuevacordoba.net\/index.php\/wp-json\/wp\/v2\/posts\/34826"}],"collection":[{"href":"http:\/\/nuevacordoba.net\/index.php\/wp-json\/wp\/v2\/posts"}],"about":[{"href":"http:\/\/nuevacordoba.net\/index.php\/wp-json\/wp\/v2\/types\/post"}],"author":[{"embeddable":true,"href":"http:\/\/nuevacordoba.net\/index.php\/wp-json\/wp\/v2\/users\/1"}],"replies":[{"embeddable":true,"href":"http:\/\/nuevacordoba.net\/index.php\/wp-json\/wp\/v2\/comments?post=34826"}],"version-history":[{"count":0,"href":"http:\/\/nuevacordoba.net\/index.php\/wp-json\/wp\/v2\/posts\/34826\/revisions"}],"wp:featuredmedia":[{"embeddable":true,"href":"http:\/\/nuevacordoba.net\/index.php\/wp-json\/wp\/v2\/media\/34827"}],"wp:attachment":[{"href":"http:\/\/nuevacordoba.net\/index.php\/wp-json\/wp\/v2\/media?parent=34826"}],"wp:term":[{"taxonomy":"category","embeddable":true,"href":"http:\/\/nuevacordoba.net\/index.php\/wp-json\/wp\/v2\/categories?post=34826"},{"taxonomy":"post_tag","embeddable":true,"href":"http:\/\/nuevacordoba.net\/index.php\/wp-json\/wp\/v2\/tags?post=34826"}],"curies":[{"name":"wp","href":"https:\/\/api.w.org\/{rel}","templated":true}]}}