{"id":34836,"date":"2023-07-27T21:18:00","date_gmt":"2023-07-27T21:18:00","guid":{"rendered":"https:\/\/www.ole.com.ar\/autos\/piloto-indycar-argentina-turismo-carretera-canapino-mclaughlin_0_x7UZDG9J0o.html"},"modified":"2023-07-27T21:18:00","modified_gmt":"2023-07-27T21:18:00","slug":"el-otro-piloto-de-la-indycar-que-podria-correr-en-argentina","status":"publish","type":"post","link":"http:\/\/nuevacordoba.net\/index.php\/2023\/07\/27\/el-otro-piloto-de-la-indycar-que-podria-correr-en-argentina\/","title":{"rendered":"El otro piloto de la IndyCar que podr\u00eda correr en Argentina"},"content":{"rendered":"<p><time class=\"createDate\" datetime=\"2023-07-27T18:18:000-03:00\">27\/07\/2023 18:18hs.<\/time><time class=\"modificatedDate\" datetime=\"2023-07-27T18:18:000-03:00\"><\/time><\/p>\n<div id=\"storyBody\">\n<div class=\"custom-text \" readability=\"28.698591549296\">\n<p>Recientemente <a href=\"https:\/\/sbKJfCrB2L\">se confirm\u00f3 el regreso de Agust\u00edn Canapino al Turismo Carretera<\/a>. El piloto de <strong>Juncos Hollinger Racing<\/strong> disputar\u00e1 la <strong>\u00faltima fecha de la etapa regular<\/strong> en el Aut\u00f3dromo de Buenos Aires como <strong>piloto invitado.<\/strong> Tras esto, un corredor compa\u00f1ero del Tit\u00e1n en la <a href=\"https:\/\/www.ole.com.ar\/tema\/indycar.html\" target=\"_blank\" title=\"Indycar\" alt=\"Indycar\" class=\"slug\" rel=\"noopener\">IndyCar<\/a> brome\u00f3 en redes sociales con querer participar en la vuelta del argentino.<\/p>\n<\/div>\n<div class=\"custom-text \" readability=\"38\">\n<p>Se trata del neozeland\u00e9s, <strong>Scott McLaughlin<\/strong>. El actual piloto del <strong>Team Penske<\/strong>, que actualmente se encuentra <strong>quinto en la tabla del campeonato de la IndyCar<\/strong>, jug\u00f3 en sus redes sociales con la posibilidad de sumarse a la carrera tras responder un tuit que confirmaba la vuelta de Canapino a la categor\u00eda de automovilismo argentino.<\/p>\n<\/div>\n<div class=\"custom-text \" readability=\"34.51048951049\">\n<p>El Tit\u00e1n le respondi\u00f3 citando su tuit y etiquet\u00f3 a <a href=\"https:\/\/www.ole.com.ar\/tema\/actc.html\" title=\"ACTC\" alt=\"ACTC\" class=\"slug\">ACTC<\/a> para que comenzara a tramitar un auto para McLaughlin. Adem\u00e1s, colg\u00f3 una foto en la que se ve el p\u00fablico argentino y coment\u00f3 <strong>\u00ab+ de 50 autos con el mejor sonido y las tribunas llenas en la pista m\u00e1s r\u00e1pida de Sudam\u00e9rica\u00bb.<\/strong><\/p>\n<\/div>\n<div class=\"sc-e7b891c4-0 jPbnQF\"><img alt=\"McLaughlin podr\u00eda venir a la Argentina. (REUTER)\" src=\"http:\/\/nuevacordoba.net\/wp-content\/uploads\/2023\/07\/el-otro-piloto-de-la-indycar-que-podria-correr-en-argentina.jpg\" width=\"720\" height=\"100\" decoding=\"async\" data-nimg=\"future\" loading=\"lazy\"><span class=\"epigraphe\">McLaughlin podr\u00eda venir a la Argentina. (REUTER)<\/span><\/div>\n<div class=\"custom-text \" readability=\"37\">\n<p><strong>Marquin Parts<\/strong>, la escuadra de Venado Tuerto en la que participa , <strong>le ofreci\u00f3 al neozeland\u00e9s el Torino <\/strong>que utiliz\u00f3<strong> Esteban Gini <\/strong>hasta la competencia en Posadas para que corra en la categor\u00eda. El equipo public\u00f3 un tuit en el cual se expres\u00f3: \u201c\u00a1Hola Scott McLaughlin! \u00a1Descubrimos que quer\u00e9s correr en la #TCenBuenosAires y en la #MaquinParts tenemos un auto listo para vos! El equipo campe\u00f3n te espera\u201d.<\/p>\n<\/div>\n<div class=\"sc-e7b891c4-0 jPbnQF\"><img alt=\"Canapino palpita su regreso al TC. \" src=\"http:\/\/nuevacordoba.net\/wp-content\/uploads\/2023\/07\/el-otro-piloto-de-la-indycar-que-podria-correr-en-argentina-1.jpg\" width=\"720\" height=\"100\" decoding=\"async\" data-nimg=\"future\" loading=\"lazy\"><span class=\"epigraphe\">Canapino palpita su regreso al TC. <\/span><\/div>\n<p><h2>El otro piloto que brome\u00f3 con sumarse<\/h2>\n<\/p>\n<div class=\"custom-text \" readability=\"40\">\n<p><strong>Max Papis<\/strong>, corredor italiano de 53 a\u00f1os, public\u00f3 un tuit en el que brome\u00f3 con \u00abestar disponible\u00bb. Adem\u00e1s, agreg\u00f3 que no est\u00e1 retirado, sino que est\u00e1 viejo pero que es oro. En tanto, Canapino cit\u00f3 su mensaje, se ri\u00f3 y dijo: \u00abAhora necesitamos dos autos!\u00bb.<\/p>\n<\/div>\n<div class=\"sc-a7166897-0 exHLBh\" readability=\"6\">\n<section readability=\"2\"><picture><img alt=\"Agust\u00edn Canapino vuelve al TC en Buenos Aires\" src=\"http:\/\/nuevacordoba.net\/wp-content\/uploads\/2023\/07\/el-otro-piloto-de-la-indycar-que-podria-correr-en-argentina-2.jpg\" width=\"290\" height=\"290\" decoding=\"async\" data-nimg=\"future\" loading=\"lazy\"><\/picture>\n<p><span>Mir\u00e1 tambi\u00e9n<\/span><\/p>\n<hr>\n<h3>Agust\u00edn Canapino vuelve al TC en Buenos Aires<\/h3>\n<\/p>\n<\/section>\n<\/div>\n<div class=\"sc-a7166897-0 exHLBh\" readability=\"6\">\n<section readability=\"2\"><picture><img alt=\"Video: Canapino golpe\u00f3 su auto contra los muros de Iowa\" src=\"http:\/\/nuevacordoba.net\/wp-content\/uploads\/2023\/07\/el-otro-piloto-de-la-indycar-que-podria-correr-en-argentina-3.jpg\" width=\"290\" height=\"290\" decoding=\"async\" data-nimg=\"future\" loading=\"lazy\"><\/picture>\n<p><span>Mir\u00e1 tambi\u00e9n<\/span><\/p>\n<hr>\n<h3>Video: Canapino golpe\u00f3 su auto contra los muros de Iowa<\/h3>\n<\/p>\n<\/section>\n<\/div>\n<div class=\"sc-a7166897-0 exHLBh\" readability=\"6\">\n<section readability=\"2\"><picture><img alt=\"Canapino cerr\u00f3 una buena actuaci\u00f3n en el \u00f3valo de Iowa\" src=\"http:\/\/nuevacordoba.net\/wp-content\/uploads\/2023\/07\/el-otro-piloto-de-la-indycar-que-podria-correr-en-argentina-4.jpg\" width=\"290\" height=\"290\" decoding=\"async\" data-nimg=\"future\" loading=\"lazy\"><\/picture>\n<p><span>Mir\u00e1 tambi\u00e9n<\/span><\/p>\n<hr>\n<h3>Canapino cerr\u00f3 una buena actuaci\u00f3n en el \u00f3valo de Iowa<\/h3>\n<\/p>\n<\/section>\n<\/div>\n<\/div>\n","protected":false},"excerpt":{"rendered":"<p>27\/07\/2023 18:18hs. Recientemente se confirm\u00f3 el regreso de Agust\u00edn Canapino al Turismo Carretera. El piloto de Juncos Hollinger Racing disputar\u00e1 la \u00faltima fecha de la etapa regular en el Aut\u00f3dromo de Buenos Aires como piloto invitado. Tras esto, un corredor compa\u00f1ero del Tit\u00e1n en la IndyCar brome\u00f3 en redes sociales con querer participar en la [&hellip;]<\/p>\n","protected":false},"author":1,"featured_media":34837,"comment_status":"closed","ping_status":"closed","sticky":false,"template":"","format":"standard","meta":[],"categories":[10],"tags":[],"_links":{"self":[{"href":"http:\/\/nuevacordoba.net\/index.php\/wp-json\/wp\/v2\/posts\/34836"}],"collection":[{"href":"http:\/\/nuevacordoba.net\/index.php\/wp-json\/wp\/v2\/posts"}],"about":[{"href":"http:\/\/nuevacordoba.net\/index.php\/wp-json\/wp\/v2\/types\/post"}],"author":[{"embeddable":true,"href":"http:\/\/nuevacordoba.net\/index.php\/wp-json\/wp\/v2\/users\/1"}],"replies":[{"embeddable":true,"href":"http:\/\/nuevacordoba.net\/index.php\/wp-json\/wp\/v2\/comments?post=34836"}],"version-history":[{"count":0,"href":"http:\/\/nuevacordoba.net\/index.php\/wp-json\/wp\/v2\/posts\/34836\/revisions"}],"wp:featuredmedia":[{"embeddable":true,"href":"http:\/\/nuevacordoba.net\/index.php\/wp-json\/wp\/v2\/media\/34837"}],"wp:attachment":[{"href":"http:\/\/nuevacordoba.net\/index.php\/wp-json\/wp\/v2\/media?parent=34836"}],"wp:term":[{"taxonomy":"category","embeddable":true,"href":"http:\/\/nuevacordoba.net\/index.php\/wp-json\/wp\/v2\/categories?post=34836"},{"taxonomy":"post_tag","embeddable":true,"href":"http:\/\/nuevacordoba.net\/index.php\/wp-json\/wp\/v2\/tags?post=34836"}],"curies":[{"name":"wp","href":"https:\/\/api.w.org\/{rel}","templated":true}]}}