{"id":3484,"date":"2021-04-20T13:26:06","date_gmt":"2021-04-20T13:26:06","guid":{"rendered":"http:\/\/www.bbc.com\/mundo\/noticias-56683896"},"modified":"2021-04-20T13:26:06","modified_gmt":"2021-04-20T13:26:06","slug":"los-gobiernos-de-america-latina-le-fallaron-a-la-gente-en-la-pandemia-monica-de-bolle-economista","status":"publish","type":"post","link":"http:\/\/nuevacordoba.net\/index.php\/2021\/04\/20\/los-gobiernos-de-america-latina-le-fallaron-a-la-gente-en-la-pandemia-monica-de-bolle-economista\/","title":{"rendered":"\u00abLos gobiernos de Am\u00e9rica Latina le fallaron a la gente en la pandemia\u00bb: M\u00f3nica de Bolle, economista"},"content":{"rendered":"<div dir=\"ltr\" class=\"e1j2237y6 bbc-q4ibpr e57qer20\">\n<div class=\"bbc-1atl7vu e1c9i7u14\">\n<ul role=\"list\" class=\"bbc-cdrraw e1c9i7u12\">\n<li role=\"listitem\" class=\"bbc-1a3w4ok e1c9i7u11\">Cecilia Barr\u00eda<\/li>\n<li role=\"listitem\" class=\"bbc-1p92jtu e1c9i7u10\">BBC News Mundo<\/li>\n<\/ul>\n<\/div>\n<\/div>\n<p><time datetime=\"2021-04-20\" class=\"bbc-14xtggo e4zesg50\">1 hora<\/time><\/p>\n<div dir=\"ltr\" class=\"bbc-1ka88fa e57qer20\">\n<figure class=\"bbc-1qdcvv9 e6bmn90\">\n<div dir=\"ltr\" class=\"bbc-172p16q e57qer20\">\n<div dir=\"ltr\" class=\"bbc-189y18v e57qer20\">\n<div data-e2e=\"image-placeholder\" class=\"bbc-1k5hvrj e1whu0\"><img srcset=\"http:\/\/nuevacordoba.net\/wp-content\/uploads\/2021\/04\/los-gobiernos-de-america-latina-le-fallaron-a-la-gente-en-la-pandemia-monica-de-bolle-economista-13.jpg 240w, http:\/\/nuevacordoba.net\/wp-content\/uploads\/2021\/04\/los-gobiernos-de-america-latina-le-fallaron-a-la-gente-en-la-pandemia-monica-de-bolle-economista-14.jpg 320w, http:\/\/nuevacordoba.net\/wp-content\/uploads\/2021\/04\/los-gobiernos-de-america-latina-le-fallaron-a-la-gente-en-la-pandemia-monica-de-bolle-economista-15.jpg 480w, http:\/\/nuevacordoba.net\/wp-content\/uploads\/2021\/04\/los-gobiernos-de-america-latina-le-fallaron-a-la-gente-en-la-pandemia-monica-de-bolle-economista-16.jpg 624w, http:\/\/nuevacordoba.net\/wp-content\/uploads\/2021\/04\/los-gobiernos-de-america-latina-le-fallaron-a-la-gente-en-la-pandemia-monica-de-bolle-economista-17.jpg 800w\" alt=\"Deudos de v\u00edctimas del covid-19 en un cementerio en Manaos, Brasil.\" src=\"http:\/\/nuevacordoba.net\/wp-content\/uploads\/2021\/04\/los-gobiernos-de-america-latina-le-fallaron-a-la-gente-en-la-pandemia-monica-de-bolle-economista.jpg\" width=\"976\" class=\"bbc-fat2bc e1enwo3v0\"><\/div>\n<\/div>\n<div dir=\"ltr\" class=\"bbc-3edg7g e57qer20\" readability=\"6.5\"><figcaption dir=\"ltr\" class=\"bbc-1t9zlwf eede9f50\" readability=\"3\"><span class=\"bbc-1gnhmg2 e1yt7oin0\">Pie de foto, <\/span><\/p>\n<p>La investigadora argumenta que en muchos pa\u00edses de la regi\u00f3n se privilegi\u00f3 rescatar la econom\u00eda antes que salvar vidas.<\/p>\n<\/figcaption><\/div>\n<\/div>\n<\/figure>\n<\/div>\n<div dir=\"ltr\" class=\"bbc-19j92fr e57qer20\" readability=\"9\">\n<p dir=\"ltr\" class=\"bbc-bm53ic e1cc2ql70\"><b>\u00bfPodr\u00edan haberse evitado tantas muertes durante la pandemia? S\u00ed, contesta con \u00e9nfasis la economista brasile\u00f1a M\u00f3nica de Bolle.<\/b><\/p>\n<\/div>\n<div dir=\"ltr\" class=\"bbc-19j92fr e57qer20\" readability=\"11\">\n<p dir=\"ltr\" class=\"bbc-bm53ic e1cc2ql70\">Investigadora senior del Peterson Institute for International Economics (PIIE), acad\u00e9mica y exdirectora de Estudios Latinoamericanos y Mercados Emergentes en la Universidad Johns Hopkins, lleva a\u00f1os estudiando la regi\u00f3n.<\/p>\n<\/div>\n<div dir=\"ltr\" class=\"bbc-19j92fr e57qer20\" readability=\"10\">\n<p dir=\"ltr\" class=\"bbc-bm53ic e1cc2ql70\">De Bolle, doctora en Econom\u00eda de la London School of Economics, hizo un giro poco habitual durante la pandemia.<\/p>\n<\/div>\n<div dir=\"ltr\" class=\"bbc-19j92fr e57qer20\" readability=\"10\">\n<p dir=\"ltr\" class=\"bbc-bm53ic e1cc2ql70\">Decidi\u00f3 expandir sus investigaciones al campo de la salud p\u00fablica, especializ\u00e1ndose en estudios en inmunolog\u00eda, gen\u00e9tica y bioqu\u00edmica en la Escuela de Medicina de la Universidad de Harvard.<\/p>\n<\/div>\n<div dir=\"ltr\" class=\"bbc-19j92fr e57qer20\" readability=\"10\">\n<p dir=\"ltr\" class=\"bbc-bm53ic e1cc2ql70\">La respuesta frente a la pandemia en la regi\u00f3n \u00abfue un desastre\u00bb, dice, aunque tambi\u00e9n rescata los aspectos positivos de algunas de las pol\u00edticas econ\u00f3micas que se han implementado.<\/p>\n<\/div>\n<div dir=\"ltr\" class=\"bbc-19j92fr e57qer20\" readability=\"11\">\n<p dir=\"ltr\" class=\"bbc-bm53ic e1cc2ql70\">En entrevista con BBC Mundo, la experta analiza las diferencias entre los paquetes de est\u00edmulo entregados en Am\u00e9rica Latina para enfrentar la pandemia de covid-19, en relaci\u00f3n a las <b>ayudas fiscales <\/b>implementadas en pa\u00edses desarrollados.<\/p>\n<\/div>\n<div dir=\"ltr\" class=\"bbc-1ka88fa e57qer20\">\n<figure class=\"bbc-1qdcvv9 e6bmn90\">\n<div dir=\"ltr\" class=\"bbc-172p16q e57qer20\">\n<div dir=\"ltr\" class=\"bbc-189y18v e57qer20\">\n<div data-e2e=\"image-placeholder\" class=\"bbc-uhmmqj e1whu0\"><noscript><img srcset=\"http:\/\/nuevacordoba.net\/wp-content\/uploads\/2021\/04\/los-gobiernos-de-america-latina-le-fallaron-a-la-gente-en-la-pandemia-monica-de-bolle-economista.png 240w, http:\/\/nuevacordoba.net\/wp-content\/uploads\/2021\/04\/los-gobiernos-de-america-latina-le-fallaron-a-la-gente-en-la-pandemia-monica-de-bolle-economista-18.jpg 320w, http:\/\/nuevacordoba.net\/wp-content\/uploads\/2021\/04\/los-gobiernos-de-america-latina-le-fallaron-a-la-gente-en-la-pandemia-monica-de-bolle-economista-19.jpg 480w, http:\/\/nuevacordoba.net\/wp-content\/uploads\/2021\/04\/los-gobiernos-de-america-latina-le-fallaron-a-la-gente-en-la-pandemia-monica-de-bolle-economista-20.jpg 624w\" alt=\"line\" src=\"http:\/\/nuevacordoba.net\/wp-content\/uploads\/2021\/04\/los-gobiernos-de-america-latina-le-fallaron-a-la-gente-en-la-pandemia-monica-de-bolle-economista-1.jpg\" width=\"624\" class=\"bbc-fat2bc e1enwo3v0\"><\/noscript><\/div>\n<\/div>\n<\/div>\n<\/figure>\n<\/div>\n<div dir=\"ltr\" class=\"bbc-19j92fr e57qer20\" readability=\"9\">\n<p dir=\"ltr\" class=\"bbc-bm53ic e1cc2ql70\"><b>Aunque las pol\u00edticas econ\u00f3micas var\u00edan mucho de un pa\u00eds a otro, \u00bfqu\u00e9 elementos comunes han existido en la respuesta de los gobiernos latinoamericanos frente a la pandemia?<\/b><\/p>\n<\/div>\n<div dir=\"ltr\" class=\"bbc-19j92fr e57qer20\" readability=\"9\">\n<p dir=\"ltr\" class=\"bbc-bm53ic e1cc2ql70\">Ha existido una medida en com\u00fan, a pesar de que cada pa\u00eds hizo su propia versi\u00f3n. Se trata de los programas de transferencias de dinero que se entregan directamente a las personas.<\/p>\n<\/div>\n<div dir=\"ltr\" class=\"bbc-19j92fr e57qer20\">\n<p dir=\"ltr\" class=\"bbc-bm53ic e1cc2ql70\"><b>\u00bfC\u00f3mo han funcionado?<\/b><\/p>\n<\/div>\n<div dir=\"ltr\" class=\"bbc-19j92fr e57qer20\" readability=\"7\">\n<p dir=\"ltr\" class=\"bbc-bm53ic e1cc2ql70\">Creo que fue probablemente la m\u00e1s eficiente de todas las pol\u00edticas gubernamentales.<\/p>\n<\/div>\n<div dir=\"ltr\" class=\"bbc-19j92fr e57qer20\">\n<figure class=\"bbc-1qdcvv9 e6bmn90\">\n<div dir=\"ltr\" class=\"bbc-37mmq3 e57qer20\">\n<div dir=\"ltr\" class=\"bbc-189y18v e57qer20\" readability=\"6.5\">\n<div data-e2e=\"image-placeholder\" class=\"bbc-zt0c33 e1whu0\" readability=\"8\"><noscript><img srcset=\"http:\/\/nuevacordoba.net\/wp-content\/uploads\/2021\/04\/los-gobiernos-de-america-latina-le-fallaron-a-la-gente-en-la-pandemia-monica-de-bolle-economista-21.jpg 240w, http:\/\/nuevacordoba.net\/wp-content\/uploads\/2021\/04\/los-gobiernos-de-america-latina-le-fallaron-a-la-gente-en-la-pandemia-monica-de-bolle-economista-22.jpg 320w, http:\/\/nuevacordoba.net\/wp-content\/uploads\/2021\/04\/los-gobiernos-de-america-latina-le-fallaron-a-la-gente-en-la-pandemia-monica-de-bolle-economista-23.jpg 480w, http:\/\/nuevacordoba.net\/wp-content\/uploads\/2021\/04\/los-gobiernos-de-america-latina-le-fallaron-a-la-gente-en-la-pandemia-monica-de-bolle-economista-24.jpg 549w\" alt=\"Monica de Bolle\" src=\"http:\/\/nuevacordoba.net\/wp-content\/uploads\/2021\/04\/los-gobiernos-de-america-latina-le-fallaron-a-la-gente-en-la-pandemia-monica-de-bolle-economista-2.jpg\" width=\"549\" class=\"bbc-fat2bc e1enwo3v0\"><\/noscript><\/p>\n<p role=\"text\" class=\"bbc-1s1cxbv etq3yw90\"><span class=\"bbc-1gnhmg2 e1yt7oin0\">Fuente de la imagen, <\/span><span lang=\"en-GB\">PIIE<\/span><\/p>\n<\/div>\n<\/div>\n<div dir=\"ltr\" class=\"bbc-3edg7g e57qer20\" readability=\"6.5\"><figcaption dir=\"ltr\" class=\"bbc-1t9zlwf eede9f50\" readability=\"3\"><span class=\"bbc-1gnhmg2 e1yt7oin0\">Pie de foto, <\/span><\/p>\n<p>La economista M\u00f3nica de Bolle dice que el manejo de la pandemia y sus consecuencias econb\u00f3micas fue \u00abun desastre\u00bb en la mayor parte de la regi\u00f3n.<\/p>\n<\/figcaption><\/div>\n<\/div>\n<\/figure>\n<\/div>\n<div dir=\"ltr\" class=\"bbc-19j92fr e57qer20\" readability=\"11\">\n<p dir=\"ltr\" class=\"bbc-bm53ic e1cc2ql70\">En algunos pa\u00edses se extendieron por m\u00e1s tiempo o se entregaron m\u00e1s recursos, pero las transferencias fueron un factor crucial. No solo como una pol\u00edtica econ\u00f3mica, sino tambi\u00e9n como una pol\u00edtica de salud p\u00fablica.<\/p>\n<\/div>\n<div dir=\"ltr\" class=\"bbc-19j92fr e57qer20\" readability=\"9\">\n<p dir=\"ltr\" class=\"bbc-bm53ic e1cc2ql70\">Cuando hay muchas personas que trabajan de una manera informal son necesarias medidas como esas. En otros pa\u00edses donde la informalidad es m\u00e1s baja, el escenario no es el mismo.<\/p>\n<\/div>\n<div dir=\"ltr\" class=\"bbc-19j92fr e57qer20\" readability=\"8\">\n<p dir=\"ltr\" class=\"bbc-bm53ic e1cc2ql70\"><b>\u00bfCu\u00e1les son las diferencias entre las ayudas fiscales entregadas en Latinoam\u00e9rica y las entregadas en los pa\u00edses desarrollados?<\/b><\/p>\n<\/div>\n<div dir=\"ltr\" class=\"bbc-19j92fr e57qer20\" readability=\"10\">\n<p dir=\"ltr\" class=\"bbc-bm53ic e1cc2ql70\">La principal diferencia, si comparamos la respuesta de los pa\u00edses latinoamericanos y los europeos, es que los pa\u00edses m\u00e1s desarrollados apoyaron m\u00e1s a las peque\u00f1as empresas.<\/p>\n<\/div>\n<div dir=\"ltr\" class=\"bbc-19j92fr e57qer20\" readability=\"9\">\n<p dir=\"ltr\" class=\"bbc-bm53ic e1cc2ql70\">Por ejemplo, pagando parte de los salarios de los trabajadores para que las empresas no tuvieran que despedir a las personas.<\/p>\n<\/div>\n<div dir=\"ltr\" class=\"bbc-1ka88fa e57qer20\">\n<figure class=\"bbc-1qdcvv9 e6bmn90\">\n<div dir=\"ltr\" class=\"bbc-172p16q e57qer20\">\n<div dir=\"ltr\" class=\"bbc-189y18v e57qer20\" readability=\"6.5\">\n<div data-e2e=\"image-placeholder\" class=\"bbc-1k5hvrj e1whu0\" readability=\"8\"><noscript><img srcset=\"http:\/\/nuevacordoba.net\/wp-content\/uploads\/2021\/04\/los-gobiernos-de-america-latina-le-fallaron-a-la-gente-en-la-pandemia-monica-de-bolle-economista-25.jpg 240w, http:\/\/nuevacordoba.net\/wp-content\/uploads\/2021\/04\/los-gobiernos-de-america-latina-le-fallaron-a-la-gente-en-la-pandemia-monica-de-bolle-economista-26.jpg 320w, http:\/\/nuevacordoba.net\/wp-content\/uploads\/2021\/04\/los-gobiernos-de-america-latina-le-fallaron-a-la-gente-en-la-pandemia-monica-de-bolle-economista-27.jpg 480w, http:\/\/nuevacordoba.net\/wp-content\/uploads\/2021\/04\/los-gobiernos-de-america-latina-le-fallaron-a-la-gente-en-la-pandemia-monica-de-bolle-economista-28.jpg 624w, http:\/\/nuevacordoba.net\/wp-content\/uploads\/2021\/04\/los-gobiernos-de-america-latina-le-fallaron-a-la-gente-en-la-pandemia-monica-de-bolle-economista-29.jpg 800w\" alt=\"Personas caminando en M\u00e9xico\" src=\"http:\/\/nuevacordoba.net\/wp-content\/uploads\/2021\/04\/los-gobiernos-de-america-latina-le-fallaron-a-la-gente-en-la-pandemia-monica-de-bolle-economista-3.jpg\" width=\"976\" class=\"bbc-fat2bc e1enwo3v0\"><\/noscript><\/p>\n<p role=\"text\" class=\"bbc-1s1cxbv etq3yw90\"><span class=\"bbc-1gnhmg2 e1yt7oin0\">Fuente de la imagen, <\/span><span lang=\"en-GB\">Getty Images<\/span><\/p>\n<\/div>\n<\/div>\n<div dir=\"ltr\" class=\"bbc-3edg7g e57qer20\" readability=\"7.5\"><figcaption dir=\"ltr\" class=\"bbc-1t9zlwf eede9f50\" readability=\"5\"><span class=\"bbc-1gnhmg2 e1yt7oin0\">Pie de foto, <\/span><\/p>\n<p>La principal diferencia al comparar los pa\u00edses latinoamericanos y los europeos, dice la acad\u00e9mica, es que los pa\u00edses desarrollados apoyaron m\u00e1s a las peque\u00f1as empresas.<\/p>\n<\/figcaption><\/div>\n<\/div>\n<\/figure>\n<\/div>\n<div dir=\"ltr\" class=\"bbc-19j92fr e57qer20\" readability=\"8\">\n<p dir=\"ltr\" class=\"bbc-bm53ic e1cc2ql70\">El problema es que una medida como esa aplicada en Latinoam\u00e9rica no es realmente eficiente porque una gran parte de la poblaci\u00f3n trabaja en el sector informal.<\/p>\n<\/div>\n<div dir=\"ltr\" class=\"bbc-19j92fr e57qer20\" readability=\"7\">\n<p dir=\"ltr\" class=\"bbc-bm53ic e1cc2ql70\">Entonces lo que realmente se necesita son estas transferencias de dinero del gobierno a la gente.<\/p>\n<\/div>\n<div dir=\"ltr\" class=\"bbc-19j92fr e57qer20\" readability=\"7\">\n<p dir=\"ltr\" class=\"bbc-bm53ic e1cc2ql70\"><b>\u00bfY cu\u00e1l fue el pa\u00eds que las implement\u00f3 con mayor \u00e9xito?<\/b><\/p>\n<\/div>\n<div dir=\"ltr\" class=\"bbc-19j92fr e57qer20\" readability=\"10\">\n<p dir=\"ltr\" class=\"bbc-bm53ic e1cc2ql70\">Yo dir\u00eda que Brasil. El programa de entrega de dinero se extendi\u00f3 desde abril hasta diciembre del a\u00f1o pasado. Fue bastante generoso, lleg\u00f3 a cerca de 70 millones de personas y logr\u00f3 sostener parcialmente la econom\u00eda.<\/p>\n<\/div>\n<div dir=\"ltr\" class=\"bbc-19j92fr e57qer20\" readability=\"8\">\n<p dir=\"ltr\" class=\"bbc-bm53ic e1cc2ql70\">Seg\u00fan mis c\u00e1lculos la ca\u00edda del PIB en 2020 habr\u00eda sido al menos 6% peor de lo que finalmente fue.<\/p>\n<\/div>\n<div dir=\"ltr\" class=\"bbc-19j92fr e57qer20\" readability=\"10\">\n<p dir=\"ltr\" class=\"bbc-bm53ic e1cc2ql70\">En la regi\u00f3n las experiencias son mixtas, es dif\u00edcil compararlas, pero esta medida fue la m\u00e1s eficiente para apoyar la salud y la econom\u00eda.<\/p>\n<\/div>\n<div dir=\"ltr\" class=\"bbc-19j92fr e57qer20\" readability=\"8\">\n<p dir=\"ltr\" class=\"bbc-bm53ic e1cc2ql70\"><b>\u00bfPero esas transferencias de dinero realmente ayudaron a las personas m\u00e1s vulnerables y a las peque\u00f1as empresas?<\/b><\/p>\n<\/div>\n<div dir=\"ltr\" class=\"bbc-19j92fr e57qer20\" readability=\"14\">\n<p dir=\"ltr\" class=\"bbc-bm53ic e1cc2ql70\">Aqu\u00ed hay dos cosas: s\u00ed ayudaron a las personas m\u00e1s vulnerables, a las personas que trabajan en el sector informal, pero en el caso de las peque\u00f1as empresas, muchos pa\u00edses, incluyendo Brasil, no aplicaron programas para ayudarlas.<\/p>\n<\/div>\n<div dir=\"ltr\" class=\"bbc-1ka88fa e57qer20\">\n<figure class=\"bbc-1qdcvv9 e6bmn90\">\n<div dir=\"ltr\" class=\"bbc-172p16q e57qer20\">\n<div dir=\"ltr\" class=\"bbc-189y18v e57qer20\" readability=\"6.5\">\n<div data-e2e=\"image-placeholder\" class=\"bbc-1k5hvrj e1whu0\" readability=\"8\"><noscript><img srcset=\"http:\/\/nuevacordoba.net\/wp-content\/uploads\/2021\/04\/los-gobiernos-de-america-latina-le-fallaron-a-la-gente-en-la-pandemia-monica-de-bolle-economista-30.jpg 240w, http:\/\/nuevacordoba.net\/wp-content\/uploads\/2021\/04\/los-gobiernos-de-america-latina-le-fallaron-a-la-gente-en-la-pandemia-monica-de-bolle-economista-31.jpg 320w, http:\/\/nuevacordoba.net\/wp-content\/uploads\/2021\/04\/los-gobiernos-de-america-latina-le-fallaron-a-la-gente-en-la-pandemia-monica-de-bolle-economista-32.jpg 480w, http:\/\/nuevacordoba.net\/wp-content\/uploads\/2021\/04\/los-gobiernos-de-america-latina-le-fallaron-a-la-gente-en-la-pandemia-monica-de-bolle-economista-33.jpg 624w, http:\/\/nuevacordoba.net\/wp-content\/uploads\/2021\/04\/los-gobiernos-de-america-latina-le-fallaron-a-la-gente-en-la-pandemia-monica-de-bolle-economista-34.jpg 800w\" alt=\"Desemplados en M\u00e9xico\" src=\"http:\/\/nuevacordoba.net\/wp-content\/uploads\/2021\/04\/los-gobiernos-de-america-latina-le-fallaron-a-la-gente-en-la-pandemia-monica-de-bolle-economista-4.jpg\" width=\"976\" class=\"bbc-fat2bc e1enwo3v0\"><\/noscript><\/p>\n<p role=\"text\" class=\"bbc-1s1cxbv etq3yw90\"><span class=\"bbc-1gnhmg2 e1yt7oin0\">Fuente de la imagen, <\/span><span lang=\"en-GB\">Getty Images<\/span><\/p>\n<\/div>\n<\/div>\n<div dir=\"ltr\" class=\"bbc-3edg7g e57qer20\" readability=\"6.5\"><figcaption dir=\"ltr\" class=\"bbc-1t9zlwf eede9f50\" readability=\"3\"><span class=\"bbc-1gnhmg2 e1yt7oin0\">Pie de foto, <\/span><\/p>\n<p>La experta asegura que la entrega de dinero directamente a los m\u00e1s afectados ha funcionado en Am\u00e9rica Latina por los altos niveles de informalidad laboral.<\/p>\n<\/figcaption><\/div>\n<\/div>\n<\/figure>\n<\/div>\n<div dir=\"ltr\" class=\"bbc-19j92fr e57qer20\" readability=\"12\">\n<p dir=\"ltr\" class=\"bbc-bm53ic e1cc2ql70\">En general, los peque\u00f1os negocios no recibieron ayuda. Por eso hemos visto bancarrotas. Esto es algo que ha afectado a las econom\u00edas, al sector de servicios, que es donde hay m\u00e1s peque\u00f1os negocios.<\/p>\n<\/div>\n<div dir=\"ltr\" class=\"bbc-19j92fr e57qer20\" readability=\"8\">\n<p dir=\"ltr\" class=\"bbc-bm53ic e1cc2ql70\">De verdad que hubo muy poco apoyo para ellos en la regi\u00f3n. Creo que eso fue un error porque esos negocios emplean a mucha gente y tienden a ser vulnerables.<\/p>\n<\/div>\n<div dir=\"ltr\" class=\"bbc-19j92fr e57qer20\" readability=\"7\">\n<p dir=\"ltr\" class=\"bbc-bm53ic e1cc2ql70\">Desafortunadamente muchos de los despidos en Latinoam\u00e9rica ocurrieron en peque\u00f1as empresas.<\/p>\n<\/div>\n<div dir=\"ltr\" class=\"bbc-19j92fr e57qer20\" readability=\"11\">\n<p dir=\"ltr\" class=\"bbc-bm53ic e1cc2ql70\"><b>El caso de Brasil es <\/b><b>llamativo<\/b><b>. Usted se\u00f1ala que el programa de entrega de dinero fue exitoso, pero el presidente Bolsonaro le rest\u00f3 importancia a la pandemia<\/b><b>, que<\/b><b> ahora parece estar fuera de control<\/b><\/p>\n<\/div>\n<div dir=\"ltr\" class=\"bbc-19j92fr e57qer20\" readability=\"8\">\n<p dir=\"ltr\" class=\"bbc-bm53ic e1cc2ql70\">Es completamente parad\u00f3jico. Cuando se llev\u00f3 a la pr\u00e1ctica el a\u00f1o pasado, Bolsonaro se opuso.<\/p>\n<\/div>\n<div dir=\"ltr\" class=\"bbc-19j92fr e57qer20\" readability=\"9\">\n<p dir=\"ltr\" class=\"bbc-bm53ic e1cc2ql70\">Pero a los pocos meses de su implementaci\u00f3n, los niveles de aprobaci\u00f3n de Bolsonaro se dispararon precisamente gracias a ese programa.<\/p>\n<\/div>\n<div dir=\"ltr\" class=\"bbc-1ka88fa e57qer20\">\n<figure class=\"bbc-1qdcvv9 e6bmn90\">\n<div dir=\"ltr\" class=\"bbc-172p16q e57qer20\">\n<div dir=\"ltr\" class=\"bbc-189y18v e57qer20\" readability=\"6.5\">\n<div data-e2e=\"image-placeholder\" class=\"bbc-1k5hvrj e1whu0\" readability=\"8\"><noscript><img srcset=\"http:\/\/nuevacordoba.net\/wp-content\/uploads\/2021\/04\/los-gobiernos-de-america-latina-le-fallaron-a-la-gente-en-la-pandemia-monica-de-bolle-economista-35.jpg 240w, http:\/\/nuevacordoba.net\/wp-content\/uploads\/2021\/04\/los-gobiernos-de-america-latina-le-fallaron-a-la-gente-en-la-pandemia-monica-de-bolle-economista-36.jpg 320w, http:\/\/nuevacordoba.net\/wp-content\/uploads\/2021\/04\/los-gobiernos-de-america-latina-le-fallaron-a-la-gente-en-la-pandemia-monica-de-bolle-economista-37.jpg 480w, http:\/\/nuevacordoba.net\/wp-content\/uploads\/2021\/04\/los-gobiernos-de-america-latina-le-fallaron-a-la-gente-en-la-pandemia-monica-de-bolle-economista-38.jpg 624w, http:\/\/nuevacordoba.net\/wp-content\/uploads\/2021\/04\/los-gobiernos-de-america-latina-le-fallaron-a-la-gente-en-la-pandemia-monica-de-bolle-economista-39.jpg 800w\" alt=\"Jair Bolsonaro, presidente de Brasil.\" src=\"http:\/\/nuevacordoba.net\/wp-content\/uploads\/2021\/04\/los-gobiernos-de-america-latina-le-fallaron-a-la-gente-en-la-pandemia-monica-de-bolle-economista-5.jpg\" width=\"976\" class=\"bbc-fat2bc e1enwo3v0\"><\/noscript><\/p>\n<p role=\"text\" class=\"bbc-1s1cxbv etq3yw90\"><span class=\"bbc-1gnhmg2 e1yt7oin0\">Fuente de la imagen, <\/span><span lang=\"en-GB\">Getty Images<\/span><\/p>\n<\/div>\n<\/div>\n<div dir=\"ltr\" class=\"bbc-3edg7g e57qer20\" readability=\"7\"><figcaption dir=\"ltr\" class=\"bbc-1t9zlwf eede9f50\" readability=\"4\"><span class=\"bbc-1gnhmg2 e1yt7oin0\">Pie de foto, <\/span><\/p>\n<p>Pese a negar la importancia de la pandemia, el gobierno de Bolsonaro entreg\u00f3 ayudas monetarias a los m\u00e1s vulnerables en 2020. Subieron sus niveles de aprobaci\u00f3n.<\/p>\n<\/figcaption><\/div>\n<\/div>\n<\/figure>\n<\/div>\n<div dir=\"ltr\" class=\"bbc-19j92fr e57qer20\" readability=\"10\">\n<p dir=\"ltr\" class=\"bbc-bm53ic e1cc2ql70\">Pol\u00edticamente funcion\u00f3 muy bien para \u00e9l. Lo que encuentro realmente desconcertante es que a pesar de que consigui\u00f3 una ventaja pol\u00edtica, le puso fin en diciembre y ha sido reacio a volver a hacerlo.<\/p>\n<\/div>\n<div dir=\"ltr\" class=\"bbc-19j92fr e57qer20\" readability=\"11\">\n<p dir=\"ltr\" class=\"bbc-bm53ic e1cc2ql70\">Ahora est\u00e1n haciendo algo al respecto, pero es un programa peque\u00f1o. La pandemia est\u00e1 peor ahora de lo que estaba el a\u00f1o pasado, el pa\u00eds necesita desesperadamente un confinamiento y no lo est\u00e1 haciendo.<\/p>\n<\/div>\n<div dir=\"ltr\" class=\"bbc-19j92fr e57qer20\" readability=\"10\">\n<p dir=\"ltr\" class=\"bbc-bm53ic e1cc2ql70\">Pol\u00edticamente hablando, no me parece que haya una estrategia. Y desde un punto de vista econ\u00f3mico, tampoco parece haberla.<\/p>\n<\/div>\n<div dir=\"ltr\" class=\"bbc-19j92fr e57qer20\" readability=\"9\">\n<p dir=\"ltr\" class=\"bbc-bm53ic e1cc2ql70\"><b>Y si miramos el panorama general de la regi\u00f3n, \u00bfse podr\u00edan haber evitado tantas muertes con una mejor respuesta sanitaria y econ\u00f3mica?<\/b><\/p>\n<\/div>\n<div dir=\"ltr\" class=\"bbc-19j92fr e57qer20\" readability=\"11\">\n<p dir=\"ltr\" class=\"bbc-bm53ic e1cc2ql70\">Creo que s\u00ed, que se podr\u00edan haber evitado, porque si los pa\u00edses hubieran implementado estrategias m\u00e1s focalizadas, las cosas ser\u00edan diferentes.<\/p>\n<\/div>\n<div dir=\"ltr\" class=\"bbc-19j92fr e57qer20\" readability=\"9\">\n<p dir=\"ltr\" class=\"bbc-bm53ic e1cc2ql70\">Focalizadas en dos cosas: las transferencias de dinero para personas vulnerables y para peque\u00f1os negocios, y haber tomado las medidas sanitarias a tiempo para enfrentar la pandemia.<\/p>\n<\/div>\n<div dir=\"ltr\" class=\"bbc-1ka88fa e57qer20\">\n<figure class=\"bbc-1qdcvv9 e6bmn90\">\n<div dir=\"ltr\" class=\"bbc-172p16q e57qer20\">\n<div dir=\"ltr\" class=\"bbc-189y18v e57qer20\" readability=\"6.5\">\n<div data-e2e=\"image-placeholder\" class=\"bbc-1k5hvrj e1whu0\" readability=\"8\"><noscript><img srcset=\"http:\/\/nuevacordoba.net\/wp-content\/uploads\/2021\/04\/los-gobiernos-de-america-latina-le-fallaron-a-la-gente-en-la-pandemia-monica-de-bolle-economista-40.jpg 240w, http:\/\/nuevacordoba.net\/wp-content\/uploads\/2021\/04\/los-gobiernos-de-america-latina-le-fallaron-a-la-gente-en-la-pandemia-monica-de-bolle-economista-41.jpg 320w, http:\/\/nuevacordoba.net\/wp-content\/uploads\/2021\/04\/los-gobiernos-de-america-latina-le-fallaron-a-la-gente-en-la-pandemia-monica-de-bolle-economista-42.jpg 480w, http:\/\/nuevacordoba.net\/wp-content\/uploads\/2021\/04\/los-gobiernos-de-america-latina-le-fallaron-a-la-gente-en-la-pandemia-monica-de-bolle-economista-43.jpg 624w, http:\/\/nuevacordoba.net\/wp-content\/uploads\/2021\/04\/los-gobiernos-de-america-latina-le-fallaron-a-la-gente-en-la-pandemia-monica-de-bolle-economista-44.jpg 800w\" alt=\"Pobreza en Brasil\" src=\"http:\/\/nuevacordoba.net\/wp-content\/uploads\/2021\/04\/los-gobiernos-de-america-latina-le-fallaron-a-la-gente-en-la-pandemia-monica-de-bolle-economista-6.jpg\" width=\"976\" class=\"bbc-fat2bc e1enwo3v0\"><\/noscript><\/p>\n<p role=\"text\" class=\"bbc-1s1cxbv etq3yw90\"><span class=\"bbc-1gnhmg2 e1yt7oin0\">Fuente de la imagen, <\/span><span lang=\"en-GB\">Getty Images<\/span><\/p>\n<\/div>\n<\/div>\n<div dir=\"ltr\" class=\"bbc-3edg7g e57qer20\" readability=\"8.5\"><figcaption dir=\"ltr\" class=\"bbc-1t9zlwf eede9f50\" readability=\"7\"><span class=\"bbc-1gnhmg2 e1yt7oin0\">Pie de foto, <\/span><\/p>\n<p>La entrega directa de dinero a personas vulnerables y apeque\u00f1os negocios, adem\u00e1s de haber tomado las medidas sanitarias a tiempo para enfrentar la pandemia, habr\u00edan sido una buena estrategia, comenta la analista.<\/p>\n<\/figcaption><\/div>\n<\/div>\n<\/figure>\n<\/div>\n<div dir=\"ltr\" class=\"bbc-19j92fr e57qer20\" readability=\"11\">\n<p dir=\"ltr\" class=\"bbc-bm53ic e1cc2ql70\">Esas dos cosas habr\u00edan sido muy buenas repuestas, habr\u00edan tenido un costo menor, habr\u00edan tenido un mayor impacto en el control de la pandemia. Habr\u00edan salvado m\u00e1s vidas y habr\u00edan ahorrado costos. Hubo mucho dinero gastado que se fue a ninguna parte. <\/p>\n<\/div>\n<div dir=\"ltr\" class=\"bbc-19j92fr e57qer20\" readability=\"8\">\n<p dir=\"ltr\" class=\"bbc-bm53ic e1cc2ql70\"><b>Adem\u00e1s de Brasil, \u00bfqu\u00e9 otros pa\u00edses han manejado mal la crisis?<\/b><\/p>\n<\/div>\n<div dir=\"ltr\" class=\"bbc-19j92fr e57qer20\" readability=\"7\">\n<p dir=\"ltr\" class=\"bbc-bm53ic e1cc2ql70\"><b>Pero M\u00e9xico ha implementado ciertas medidas econ\u00f3micas para enfrentar la pandemia\u2026<\/b><\/p>\n<\/div>\n<div dir=\"ltr\" class=\"bbc-19j92fr e57qer20\" readability=\"8\">\n<p dir=\"ltr\" class=\"bbc-bm53ic e1cc2ql70\">S\u00ed, pero podr\u00eda haber hecho mucho m\u00e1s. <\/p>\n<\/div>\n<div dir=\"ltr\" class=\"bbc-19j92fr e57qer20\" readability=\"13\">\n<p dir=\"ltr\" class=\"bbc-bm53ic e1cc2ql70\">Cuando miras la regi\u00f3n, uno se pregunta, \u00bfqu\u00e9 est\u00e1n haciendo estos l\u00edderes pol\u00edticos? A AMLO no le ha afectado pol\u00edticamente, su aprobaci\u00f3n es alta, pese a no haber hecho las cosas demasiado bien.<\/p>\n<\/div>\n<div dir=\"ltr\" class=\"bbc-1ka88fa e57qer20\">\n<figure class=\"bbc-1qdcvv9 e6bmn90\">\n<div dir=\"ltr\" class=\"bbc-172p16q e57qer20\">\n<div dir=\"ltr\" class=\"bbc-189y18v e57qer20\" readability=\"6.5\">\n<div data-e2e=\"image-placeholder\" class=\"bbc-1k5hvrj e1whu0\" readability=\"8\"><noscript><img srcset=\"http:\/\/nuevacordoba.net\/wp-content\/uploads\/2021\/04\/los-gobiernos-de-america-latina-le-fallaron-a-la-gente-en-la-pandemia-monica-de-bolle-economista-45.jpg 240w, http:\/\/nuevacordoba.net\/wp-content\/uploads\/2021\/04\/los-gobiernos-de-america-latina-le-fallaron-a-la-gente-en-la-pandemia-monica-de-bolle-economista-46.jpg 320w, http:\/\/nuevacordoba.net\/wp-content\/uploads\/2021\/04\/los-gobiernos-de-america-latina-le-fallaron-a-la-gente-en-la-pandemia-monica-de-bolle-economista-47.jpg 480w, http:\/\/nuevacordoba.net\/wp-content\/uploads\/2021\/04\/los-gobiernos-de-america-latina-le-fallaron-a-la-gente-en-la-pandemia-monica-de-bolle-economista-48.jpg 624w, http:\/\/nuevacordoba.net\/wp-content\/uploads\/2021\/04\/los-gobiernos-de-america-latina-le-fallaron-a-la-gente-en-la-pandemia-monica-de-bolle-economista-49.jpg 800w\" alt=\"Andr\u00e9s Manuel L\u00f3pez Obrador, presidente de M\u00e9xico.\" src=\"http:\/\/nuevacordoba.net\/wp-content\/uploads\/2021\/04\/los-gobiernos-de-america-latina-le-fallaron-a-la-gente-en-la-pandemia-monica-de-bolle-economista-7.jpg\" width=\"976\" class=\"bbc-fat2bc e1enwo3v0\"><\/noscript><\/p>\n<p role=\"text\" class=\"bbc-1s1cxbv etq3yw90\"><span class=\"bbc-1gnhmg2 e1yt7oin0\">Fuente de la imagen, <\/span><span lang=\"en-GB\">Getty Images<\/span><\/p>\n<\/div>\n<\/div>\n<div dir=\"ltr\" class=\"bbc-3edg7g e57qer20\" readability=\"6.5\"><figcaption dir=\"ltr\" class=\"bbc-1t9zlwf eede9f50\" readability=\"3\"><span class=\"bbc-1gnhmg2 e1yt7oin0\">Pie de foto, <\/span><\/p>\n<p>\u00abAMLO podr\u00eda haber mucho m\u00e1s\u00bb, dice M\u00f3nica de Bolle.<\/p>\n<\/figcaption><\/div>\n<\/div>\n<\/figure>\n<\/div>\n<div dir=\"ltr\" class=\"bbc-19j92fr e57qer20\" readability=\"9\">\n<p dir=\"ltr\" class=\"bbc-bm53ic e1cc2ql70\">El nivel de aprobaci\u00f3n de Bolsonaro ahora est\u00e1 comenzando a caer. Hubo elecciones en Ecuador y Per\u00fa, vienen elecciones en Chile y en general hay l\u00edderes que est\u00e1n en una posici\u00f3n debilitada. <\/p>\n<\/div>\n<div dir=\"ltr\" class=\"bbc-19j92fr e57qer20\" readability=\"8\">\n<p dir=\"ltr\" class=\"bbc-bm53ic e1cc2ql70\">Las perspectivas no parecen buenas. El a\u00f1o pasado Latinoam\u00e9rica tuvo uno de los peores desempe\u00f1os en el mundo y en 2021 va a ser lo mismo. <\/p>\n<\/div>\n<div dir=\"ltr\" class=\"bbc-19j92fr e57qer20\" readability=\"8\">\n<p dir=\"ltr\" class=\"bbc-bm53ic e1cc2ql70\">Es impresionante ver c\u00f3mo muchos de los pa\u00edses no tomaron las medidas necesarias para contener la pandemia.<\/p>\n<\/div>\n<div dir=\"ltr\" class=\"bbc-19j92fr e57qer20\" readability=\"9\">\n<p dir=\"ltr\" class=\"bbc-bm53ic e1cc2ql70\"><b>Si no fue necesariamente un problema de falta de recursos en las econom\u00edas m\u00e1s grandes de la regi\u00f3n, \u00bfpor qu\u00e9 no hicieron lo correcto seg\u00fan su punto de vista?<\/b><\/p>\n<\/div>\n<div dir=\"ltr\" class=\"bbc-19j92fr e57qer20\" readability=\"8\">\n<p dir=\"ltr\" class=\"bbc-bm53ic e1cc2ql70\">No hicieron lo correcto porque no entendieron desde un inicio que la pandemia y la econom\u00eda van inextricablemente juntas. No se puede separar el problema de salud del problema econ\u00f3mico.<\/p>\n<\/div>\n<div dir=\"ltr\" class=\"bbc-19j92fr e57qer20\" readability=\"11\">\n<p dir=\"ltr\" class=\"bbc-bm53ic e1cc2ql70\">Todos estos pa\u00edses partieron de la idea de que ten\u00edan que proteger la econom\u00eda, que era mejor evitar los confinamientos y se mantuvieron en esa l\u00ednea por un largo tiempo, salvo algunas excepciones.<\/p>\n<\/div>\n<div dir=\"ltr\" class=\"bbc-1ka88fa e57qer20\">\n<figure class=\"bbc-1qdcvv9 e6bmn90\">\n<div dir=\"ltr\" class=\"bbc-172p16q e57qer20\">\n<div dir=\"ltr\" class=\"bbc-189y18v e57qer20\" readability=\"6.5\">\n<div data-e2e=\"image-placeholder\" class=\"bbc-1k5hvrj e1whu0\" readability=\"8\"><noscript><img srcset=\"http:\/\/nuevacordoba.net\/wp-content\/uploads\/2021\/04\/los-gobiernos-de-america-latina-le-fallaron-a-la-gente-en-la-pandemia-monica-de-bolle-economista-50.jpg 240w, http:\/\/nuevacordoba.net\/wp-content\/uploads\/2021\/04\/los-gobiernos-de-america-latina-le-fallaron-a-la-gente-en-la-pandemia-monica-de-bolle-economista-51.jpg 320w, http:\/\/nuevacordoba.net\/wp-content\/uploads\/2021\/04\/los-gobiernos-de-america-latina-le-fallaron-a-la-gente-en-la-pandemia-monica-de-bolle-economista-52.jpg 480w, http:\/\/nuevacordoba.net\/wp-content\/uploads\/2021\/04\/los-gobiernos-de-america-latina-le-fallaron-a-la-gente-en-la-pandemia-monica-de-bolle-economista-53.jpg 624w, http:\/\/nuevacordoba.net\/wp-content\/uploads\/2021\/04\/los-gobiernos-de-america-latina-le-fallaron-a-la-gente-en-la-pandemia-monica-de-bolle-economista-54.jpg 800w\" alt=\"Apret\u00f3n de manos en hospital de Italia\" src=\"http:\/\/nuevacordoba.net\/wp-content\/uploads\/2021\/04\/los-gobiernos-de-america-latina-le-fallaron-a-la-gente-en-la-pandemia-monica-de-bolle-economista-8.jpg\" width=\"976\" class=\"bbc-fat2bc e1enwo3v0\"><\/noscript><\/p>\n<p role=\"text\" class=\"bbc-1s1cxbv etq3yw90\"><span class=\"bbc-1gnhmg2 e1yt7oin0\">Fuente de la imagen, <\/span><span lang=\"en-GB\">Getty Images<\/span><\/p>\n<\/div>\n<\/div>\n<div dir=\"ltr\" class=\"bbc-3edg7g e57qer20\" readability=\"6\"><figcaption dir=\"ltr\" class=\"bbc-1t9zlwf eede9f50\" readability=\"2\"><span class=\"bbc-1gnhmg2 e1yt7oin0\">Pie de foto, <\/span><\/p>\n<p>La investigadora dice que \u00abno se puede separar el problema de salud del problema econ\u00f3mico\u00bb.<\/p>\n<\/figcaption><\/div>\n<\/div>\n<\/figure>\n<\/div>\n<div dir=\"ltr\" class=\"bbc-19j92fr e57qer20\" readability=\"8\">\n<p dir=\"ltr\" class=\"bbc-bm53ic e1cc2ql70\">Muchos gobiernos fracasaron en entender que tomar medidas para controlar la pandemia era bueno para la econom\u00eda.<\/p>\n<\/div>\n<div dir=\"ltr\" class=\"bbc-19j92fr e57qer20\" readability=\"9\">\n<p dir=\"ltr\" class=\"bbc-bm53ic e1cc2ql70\">Lo segundo es que las medidas econ\u00f3micas deber\u00edan haber respondido a las necesidades. Esto no es cualquier crisis econ\u00f3mica. Es una crisis econ\u00f3mica provocada por un problema de salud p\u00fablica. Por eso hay que conectar las dos cosas.<\/p>\n<\/div>\n<div dir=\"ltr\" class=\"bbc-19j92fr e57qer20\" readability=\"7\">\n<p dir=\"ltr\" class=\"bbc-bm53ic e1cc2ql70\"><b>\u00bfDir\u00eda entonces que los gobiernos le fallaron a la gente?<\/b><\/p>\n<\/div>\n<div dir=\"ltr\" class=\"bbc-19j92fr e57qer20\" readability=\"8\">\n<p dir=\"ltr\" class=\"bbc-bm53ic e1cc2ql70\">S\u00ed, creo que en general los gobiernos de Am\u00e9rica Latina le fallaron a la gente en la pandemia. <\/p>\n<\/div>\n<div dir=\"ltr\" class=\"bbc-19j92fr e57qer20\" readability=\"7\">\n<p dir=\"ltr\" class=\"bbc-bm53ic e1cc2ql70\"><b>\u00bfY qu\u00e9 pa\u00edses lo hicieron mejor que otros?<\/b><\/p>\n<\/div>\n<div dir=\"ltr\" class=\"bbc-19j92fr e57qer20\" readability=\"7\">\n<p dir=\"ltr\" class=\"bbc-bm53ic e1cc2ql70\">Dir\u00eda que Uruguay fue el pa\u00eds que mejor lo hizo. <\/p>\n<\/div>\n<div dir=\"ltr\" class=\"bbc-19j92fr e57qer20\" readability=\"9\">\n<p dir=\"ltr\" class=\"bbc-bm53ic e1cc2ql70\">Argentina no lo hizo tan mal, pero econ\u00f3micamente Argentina tiene sus propios problemas. El resto de la regi\u00f3n fue un desastre.<\/p>\n<\/div>\n<div dir=\"ltr\" class=\"bbc-19j92fr e57qer20\" readability=\"7\">\n<p dir=\"ltr\" class=\"bbc-bm53ic e1cc2ql70\"><b>\u00bfQu\u00e9 fue lo peor de ese desastre? \u00bf<\/b><b>Q<\/b><b>u\u00e9 promesas no se cumplieron?<\/b><\/p>\n<\/div>\n<div dir=\"ltr\" class=\"bbc-19j92fr e57qer20\" readability=\"8\">\n<p dir=\"ltr\" class=\"bbc-bm53ic e1cc2ql70\">La idea de proteger a los m\u00e1s vulnerables no se ha cumplido. Los pa\u00edses levantaron muchas de las medidas demasiado pronto. <\/p>\n<\/div>\n<div dir=\"ltr\" class=\"bbc-1ka88fa e57qer20\">\n<figure class=\"bbc-1qdcvv9 e6bmn90\">\n<div dir=\"ltr\" class=\"bbc-172p16q e57qer20\">\n<div dir=\"ltr\" class=\"bbc-189y18v e57qer20\" readability=\"6.5\">\n<div data-e2e=\"image-placeholder\" class=\"bbc-1k5hvrj e1whu0\" readability=\"8\"><noscript><img srcset=\"http:\/\/nuevacordoba.net\/wp-content\/uploads\/2021\/04\/los-gobiernos-de-america-latina-le-fallaron-a-la-gente-en-la-pandemia-monica-de-bolle-economista-55.jpg 240w, http:\/\/nuevacordoba.net\/wp-content\/uploads\/2021\/04\/los-gobiernos-de-america-latina-le-fallaron-a-la-gente-en-la-pandemia-monica-de-bolle-economista-56.jpg 320w, http:\/\/nuevacordoba.net\/wp-content\/uploads\/2021\/04\/los-gobiernos-de-america-latina-le-fallaron-a-la-gente-en-la-pandemia-monica-de-bolle-economista-57.jpg 480w, http:\/\/nuevacordoba.net\/wp-content\/uploads\/2021\/04\/los-gobiernos-de-america-latina-le-fallaron-a-la-gente-en-la-pandemia-monica-de-bolle-economista-58.jpg 624w, http:\/\/nuevacordoba.net\/wp-content\/uploads\/2021\/04\/los-gobiernos-de-america-latina-le-fallaron-a-la-gente-en-la-pandemia-monica-de-bolle-economista-59.jpg 800w\" alt=\"Billetes de Brasil\" src=\"http:\/\/nuevacordoba.net\/wp-content\/uploads\/2021\/04\/los-gobiernos-de-america-latina-le-fallaron-a-la-gente-en-la-pandemia-monica-de-bolle-economista-9.jpg\" width=\"976\" class=\"bbc-fat2bc e1enwo3v0\"><\/noscript><\/p>\n<p role=\"text\" class=\"bbc-1s1cxbv etq3yw90\"><span class=\"bbc-1gnhmg2 e1yt7oin0\">Fuente de la imagen, <\/span><span lang=\"en-GB\">Getty Images<\/span><\/p>\n<\/div>\n<\/div>\n<div dir=\"ltr\" class=\"bbc-3edg7g e57qer20\" readability=\"6.5\"><figcaption dir=\"ltr\" class=\"bbc-1t9zlwf eede9f50\" readability=\"3\"><span class=\"bbc-1gnhmg2 e1yt7oin0\">Pie de foto, <\/span><\/p>\n<p>La idea de proteger a los m\u00e1s vulnerables no se ha cumplido, argumenta la experta.<\/p>\n<\/figcaption><\/div>\n<\/div>\n<\/figure>\n<\/div>\n<div dir=\"ltr\" class=\"bbc-19j92fr e57qer20\" readability=\"8\">\n<p dir=\"ltr\" class=\"bbc-bm53ic e1cc2ql70\">Lo que tenemos es una regi\u00f3n con alta desigualdad y el legado de esta pandemia es una mayor desigualdad.<\/p>\n<\/div>\n<div dir=\"ltr\" class=\"bbc-19j92fr e57qer20\" readability=\"7\">\n<p dir=\"ltr\" class=\"bbc-bm53ic e1cc2ql70\"><b>\u00bfCu\u00e1l es la principal lecci\u00f3n que le deja esta pandemia a los gobiernos de la regi\u00f3n?<\/b><\/p>\n<\/div>\n<div dir=\"ltr\" class=\"bbc-19j92fr e57qer20\" readability=\"10\">\n<p dir=\"ltr\" class=\"bbc-bm53ic e1cc2ql70\">No sabemos por cu\u00e1nto tiempo va a durar esta pandemia. Y despu\u00e9s de esta tendremos otras pandemias. Lo que Am\u00e9rica Latina deber\u00eda hacer es aprender de sus errores, especialmente del gran error de separar el tema de la salud del tema econ\u00f3mico. Eso no se puede hacer durante una pandemia. <\/p>\n<\/div>\n<div dir=\"ltr\" class=\"bbc-19j92fr e57qer20\" readability=\"8\">\n<p dir=\"ltr\" class=\"bbc-bm53ic e1cc2ql70\">La lecci\u00f3n es que si no haces nada frente a la pandemia, la econom\u00eda va a sufrir.<\/p>\n<\/div>\n<div dir=\"ltr\" class=\"bbc-1ka88fa e57qer20\">\n<figure class=\"bbc-1qdcvv9 e6bmn90\">\n<div dir=\"ltr\" class=\"bbc-172p16q e57qer20\">\n<div dir=\"ltr\" class=\"bbc-189y18v e57qer20\">\n<div data-e2e=\"image-placeholder\" class=\"bbc-uhmmqj e1whu0\"><noscript><img srcset=\"http:\/\/nuevacordoba.net\/wp-content\/uploads\/2021\/04\/los-gobiernos-de-america-latina-le-fallaron-a-la-gente-en-la-pandemia-monica-de-bolle-economista.png 240w, http:\/\/nuevacordoba.net\/wp-content\/uploads\/2021\/04\/los-gobiernos-de-america-latina-le-fallaron-a-la-gente-en-la-pandemia-monica-de-bolle-economista-18.jpg 320w, http:\/\/nuevacordoba.net\/wp-content\/uploads\/2021\/04\/los-gobiernos-de-america-latina-le-fallaron-a-la-gente-en-la-pandemia-monica-de-bolle-economista-19.jpg 480w, http:\/\/nuevacordoba.net\/wp-content\/uploads\/2021\/04\/los-gobiernos-de-america-latina-le-fallaron-a-la-gente-en-la-pandemia-monica-de-bolle-economista-20.jpg 624w\" alt=\"line\" src=\"http:\/\/nuevacordoba.net\/wp-content\/uploads\/2021\/04\/los-gobiernos-de-america-latina-le-fallaron-a-la-gente-en-la-pandemia-monica-de-bolle-economista-1.jpg\" width=\"624\" class=\"bbc-fat2bc e1enwo3v0\"><\/noscript><\/div>\n<\/div>\n<\/div>\n<\/figure>\n<\/div>\n<div dir=\"ltr\" class=\"bbc-19j92fr e57qer20\" readability=\"7\">\n<p dir=\"ltr\" class=\"bbc-bm53ic e1cc2ql70\"><b>Los paquetes de est\u00edmulo fiscal en montos<\/b><\/p>\n<\/div>\n<div dir=\"ltr\" class=\"bbc-19j92fr e57qer20\" readability=\"10\">\n<p dir=\"ltr\" class=\"bbc-bm53ic e1cc2ql70\">Mientras las econom\u00edas avanzadas desembolsaron m\u00e1s recursos como porcentaje del PIB, las ayudas fiscales en Am\u00e9rica Latina fueron menores y bastante similares a las de pa\u00edses emergentes en otras regiones del mundo.<\/p>\n<\/div>\n<div dir=\"ltr\" class=\"bbc-19j92fr e57qer20\">\n<div id=\"include-1\" class=\"bbc-1npwuzj e1vg4u840\">\n<div data-idt-uuid=\"4b192392-63bc-4990-b25f-892a2caa4bc7\">\n<div data-graphicuuid=\"4b192392-63bc-4990-b25f-892a2caa4bc7\" class=\"PicContainer-iky41v-0 dkfFzK\">\n<div data-graphicpic=\"true\" class=\"Img__PicImage-s1jp862x-1 dtAYqF\"><img src=\"http:\/\/nuevacordoba.net\/wp-content\/uploads\/2021\/04\/los-gobiernos-de-america-latina-le-fallaron-a-la-gente-en-la-pandemia-monica-de-bolle-economista-10.jpg\" alt class=\"Img__Image-s1jp862x-0 eHpYIp\"><\/p>\n<p>Getty<\/p>\n<\/div>\n<div data-graphictext=\"true\" dir=\"ltr\" class=\"TextContainer-s1h09wvt-0 bTxczK\"><span class=\"Title-s5nqr84-0 ddVPjZ\">Ayudas fiscales durante la pandemia<\/span><\/p>\n<p class=\"Subheading-s1hcgie-0 jFwtuC\">Como porcentaje del PIB\n<\/p>\n<ul class=\"idt-cloud-normal-figures FigureList-yjhr8u-0 dUzJAX\" readability=\"1\">\n<li class=\"FigureList__Figure-yjhr8u-1 kBgHrk\" readability=\"0\">\n<p><strong class=\"RegularFigureList__Impact-n4skma-0 bgKxEB\">18,8 <\/strong><span class=\"BaseText-w2isnj-0 eJLkrP\">Promedio econom\u00edas avanzadas<\/span><\/p>\n<\/li>\n<li class=\"FigureList__Figure-yjhr8u-1 kBgHrk\" readability=\"0\">\n<p><strong class=\"RegularFigureList__Impact-n4skma-0 bgKxEB\">8,6<\/strong><span class=\"BaseText-w2isnj-0 eJLkrP\">Promedio econom\u00edas emergentes de Asia<\/span><\/p>\n<\/li>\n<li class=\"FigureList__Figure-yjhr8u-1 kBgHrk\" readability=\"-1\">\n<p><strong class=\"RegularFigureList__Impact-n4skma-0 bgKxEB\">10<\/strong><span class=\"BaseText-w2isnj-0 eJLkrP\">Promedio econom\u00edas emergentes de Europa<\/span><\/p>\n<\/li>\n<\/ul>\n<p><span class=\"Source__SourceText-s1mlfx3o-0 fBOTuQ\">BID<\/span><\/div>\n<\/div>\n<\/div>\n<\/div>\n<\/div>\n<div dir=\"ltr\" class=\"bbc-19j92fr e57qer20\">\n<p dir=\"ltr\" class=\"bbc-bm53ic e1cc2ql70\"><b>C\u00f3mo se financiaron<\/b><\/p>\n<\/div>\n<div dir=\"ltr\" class=\"bbc-19j92fr e57qer20\" readability=\"17\">\n<p dir=\"ltr\" class=\"bbc-bm53ic e1cc2ql70\">Los pa\u00edses tuvieron que endeudarse para enfrentar la emergencia sanitaria y econ\u00f3mica, recibieron menos ingresos producto de la crisis y, por lo tanto, <b>aumentaron su d\u00e9ficit fiscal<\/b>, le dice a BBC Mundo Emilio Pineda, jefe de la Divisi\u00f3n Fiscal del Banco Interamericano de Desarrollo, BID, quien ha trabajado en el an\u00e1lisis t\u00e9cnico de los paquetes de est\u00edmulo.<\/p>\n<\/div>\n<div dir=\"ltr\" class=\"bbc-19j92fr e57qer20\">\n<div id=\"include-2\" class=\"bbc-1npwuzj e1vg4u840\">\n<div data-idt-uuid=\"b0a14286-db24-4f8c-a688-98ca2ea05010\">\n<div data-graphicuuid=\"b0a14286-db24-4f8c-a688-98ca2ea05010\" class=\"PicContainer-iky41v-0 dkfFzK\">\n<div data-graphicpic=\"true\" class=\"Img__PicImage-s1jp862x-1 dtAYqF\"><img src=\"http:\/\/nuevacordoba.net\/wp-content\/uploads\/2021\/04\/los-gobiernos-de-america-latina-le-fallaron-a-la-gente-en-la-pandemia-monica-de-bolle-economista-11.jpg\" alt class=\"Img__Image-s1jp862x-0 jeRhIF\"><\/p>\n<p>Getty<\/p>\n<\/div>\n<div data-graphictext=\"true\" dir=\"ltr\" class=\"TextContainer-s1h09wvt-0 bTxczK\"><span class=\"Title-s5nqr84-0 ddVPjZ\">Aumento de la deuda p\u00fablica durante la pandemia<\/span><\/p>\n<p class=\"Subheading-s1hcgie-0 jFwtuC\">Am\u00e9rica Latina<\/p>\n<p><span class=\"Source__SourceText-s1mlfx3o-0 fBOTuQ\">Fuente: BID<\/span><\/div>\n<\/div>\n<\/div>\n<\/div>\n<\/div>\n<div dir=\"ltr\" class=\"bbc-19j92fr e57qer20\" readability=\"7\">\n<p dir=\"ltr\" class=\"bbc-bm53ic e1cc2ql70\"><b>Las ayudas p\u00fablicas seg\u00fan el tipo de medida<\/b><\/p>\n<\/div>\n<div dir=\"ltr\" class=\"bbc-19j92fr e57qer20\" readability=\"8\">\n<p dir=\"ltr\" class=\"bbc-bm53ic e1cc2ql70\">Expertos coinciden en que la gran cantidad de medidas tomadas por los gobiernos se puede dividir en tres grandes grupos:<\/p>\n<\/div>\n<div dir=\"ltr\" class=\"bbc-19j92fr e57qer20\">\n<div id=\"include-3\" class=\"bbc-1npwuzj e1vg4u840\">\n<div data-idt-uuid=\"e7dc5096-0090-48d0-b038-d3f4d15b5f52\">\n<div data-graphicuuid=\"e7dc5096-0090-48d0-b038-d3f4d15b5f52\" class=\"PicContainer-iky41v-0 dkfFzK\">\n<div data-graphicpic=\"true\" class=\"Img__PicImage-s1jp862x-1 dtAYqF\"><img src=\"http:\/\/nuevacordoba.net\/wp-content\/uploads\/2021\/04\/los-gobiernos-de-america-latina-le-fallaron-a-la-gente-en-la-pandemia-monica-de-bolle-economista-12.jpg\" alt class=\"Img__Image-s1jp862x-0 ekSFKY\"><\/p>\n<p>Getty<\/p>\n<\/div>\n<div data-graphictext=\"true\" dir=\"ltr\" class=\"TextContainer-s1h09wvt-0 bTxczK\"><span class=\"Title-s5nqr84-0 ddVPjZ\">Tipos de medidas de ayuda fiscal<\/span><\/p>\n<p class=\"Subheading-s1hcgie-0 jFwtuC\">Am\u00e9rica Latina<\/p>\n<ul class=\"idt-cloud-normal-figures FigureList-yjhr8u-0 dUzJAX\" readability=\"0\">\n<li class=\"FigureList__Figure-yjhr8u-1 kBgHrk\" readability=\"-1\">\n<p><strong class=\"RegularFigureList__Impact-n4skma-0 bgKxEB\">Crisis sanitaria<\/strong><span class=\"BaseText-w2isnj-0 eJLkrP\">Recursos de emergencia para enfrentar la crisis de salud<\/span><\/p>\n<\/li>\n<li class=\"FigureList__Figure-yjhr8u-1 kBgHrk\" readability=\"-1\">\n<p><strong class=\"RegularFigureList__Impact-n4skma-0 bgKxEB\">Familias<\/strong><span class=\"BaseText-w2isnj-0 eJLkrP\">Recursos directos para las familias m\u00e1s vulnerables<\/span><\/p>\n<\/li>\n<li class=\"FigureList__Figure-yjhr8u-1 kBgHrk\" readability=\"-1\">\n<p><strong class=\"RegularFigureList__Impact-n4skma-0 bgKxEB\">Empresas<\/strong><span class=\"BaseText-w2isnj-0 eJLkrP\">Recursos para apoyar a las firmas peque\u00f1as y medianas<\/span><\/p>\n<\/li>\n<\/ul>\n<p><span class=\"Source__SourceText-s1mlfx3o-0 fBOTuQ\">Fuente: BID<\/span><\/div>\n<\/div>\n<\/div>\n<\/div>\n<\/div>\n<div dir=\"ltr\" class=\"bbc-1ka88fa e57qer20\">\n<figure class=\"bbc-1qdcvv9 e6bmn90\">\n<div dir=\"ltr\" class=\"bbc-172p16q e57qer20\">\n<div dir=\"ltr\" class=\"bbc-189y18v e57qer20\">\n<div data-e2e=\"image-placeholder\" class=\"bbc-uhmmqj e1whu0\"><noscript><img srcset=\"http:\/\/nuevacordoba.net\/wp-content\/uploads\/2021\/04\/los-gobiernos-de-america-latina-le-fallaron-a-la-gente-en-la-pandemia-monica-de-bolle-economista.png 240w, http:\/\/nuevacordoba.net\/wp-content\/uploads\/2021\/04\/los-gobiernos-de-america-latina-le-fallaron-a-la-gente-en-la-pandemia-monica-de-bolle-economista-18.jpg 320w, http:\/\/nuevacordoba.net\/wp-content\/uploads\/2021\/04\/los-gobiernos-de-america-latina-le-fallaron-a-la-gente-en-la-pandemia-monica-de-bolle-economista-19.jpg 480w, http:\/\/nuevacordoba.net\/wp-content\/uploads\/2021\/04\/los-gobiernos-de-america-latina-le-fallaron-a-la-gente-en-la-pandemia-monica-de-bolle-economista-20.jpg 624w\" alt=\"line\" src=\"http:\/\/nuevacordoba.net\/wp-content\/uploads\/2021\/04\/los-gobiernos-de-america-latina-le-fallaron-a-la-gente-en-la-pandemia-monica-de-bolle-economista-1.jpg\" width=\"624\" class=\"bbc-fat2bc e1enwo3v0\"><\/noscript><\/div>\n<\/div>\n<\/div>\n<\/figure>\n<\/div>\n<div dir=\"ltr\" class=\"bbc-19j92fr e57qer20\" readability=\"8\">\n<p dir=\"ltr\" class=\"bbc-bm53ic e1cc2ql70\"><i class=\"bbc-h1y5j7 ewc4zcb0\">Ahora puedes recibir notificaciones de BBC Mundo. Descarga la nueva versi\u00f3n de nuestra app y act\u00edvalas para no perderte nuestro mejor contenido.<\/i><\/p>\n<\/div>\n","protected":false},"excerpt":{"rendered":"<p>Cecilia Barr\u00eda BBC News Mundo 1 hora Pie de foto, La investigadora argumenta que en muchos pa\u00edses de la regi\u00f3n se privilegi\u00f3 rescatar la econom\u00eda antes que salvar vidas. \u00bfPodr\u00edan haberse evitado tantas muertes durante la pandemia? S\u00ed, contesta con \u00e9nfasis la economista brasile\u00f1a M\u00f3nica de Bolle. Investigadora senior del Peterson Institute for International Economics [&hellip;]<\/p>\n","protected":false},"author":1,"featured_media":3485,"comment_status":"closed","ping_status":"closed","sticky":false,"template":"","format":"standard","meta":[],"categories":[13],"tags":[],"_links":{"self":[{"href":"http:\/\/nuevacordoba.net\/index.php\/wp-json\/wp\/v2\/posts\/3484"}],"collection":[{"href":"http:\/\/nuevacordoba.net\/index.php\/wp-json\/wp\/v2\/posts"}],"about":[{"href":"http:\/\/nuevacordoba.net\/index.php\/wp-json\/wp\/v2\/types\/post"}],"author":[{"embeddable":true,"href":"http:\/\/nuevacordoba.net\/index.php\/wp-json\/wp\/v2\/users\/1"}],"replies":[{"embeddable":true,"href":"http:\/\/nuevacordoba.net\/index.php\/wp-json\/wp\/v2\/comments?post=3484"}],"version-history":[{"count":0,"href":"http:\/\/nuevacordoba.net\/index.php\/wp-json\/wp\/v2\/posts\/3484\/revisions"}],"wp:featuredmedia":[{"embeddable":true,"href":"http:\/\/nuevacordoba.net\/index.php\/wp-json\/wp\/v2\/media\/3485"}],"wp:attachment":[{"href":"http:\/\/nuevacordoba.net\/index.php\/wp-json\/wp\/v2\/media?parent=3484"}],"wp:term":[{"taxonomy":"category","embeddable":true,"href":"http:\/\/nuevacordoba.net\/index.php\/wp-json\/wp\/v2\/categories?post=3484"},{"taxonomy":"post_tag","embeddable":true,"href":"http:\/\/nuevacordoba.net\/index.php\/wp-json\/wp\/v2\/tags?post=3484"}],"curies":[{"name":"wp","href":"https:\/\/api.w.org\/{rel}","templated":true}]}}