{"id":34850,"date":"2023-07-28T14:34:55","date_gmt":"2023-07-28T14:34:55","guid":{"rendered":"http:\/\/nuevacordoba.net\/index.php\/2023\/07\/28\/las-peliculas-y-series-argentinas-se-fascinan-por-los-secretos-de-la-politica\/"},"modified":"2023-07-28T14:34:55","modified_gmt":"2023-07-28T14:34:55","slug":"las-peliculas-y-series-argentinas-se-fascinan-por-los-secretos-de-la-politica","status":"publish","type":"post","link":"http:\/\/nuevacordoba.net\/index.php\/2023\/07\/28\/las-peliculas-y-series-argentinas-se-fascinan-por-los-secretos-de-la-politica\/","title":{"rendered":"Las pel\u00edculas y series argentinas se fascinan por los secretos de la pol\u00edtica"},"content":{"rendered":"<figure class=\"mb-3\"><img loading=\"lazy\" data-src=\"http:\/\/nuevacordoba.net\/wp-content\/uploads\/2023\/07\/las-peliculas-y-series-argentinas-se-fascinan-por-los-secretos-de-la-politica.jpg\" src=\"https:\/\/www.telam.com.ar\/assets\/img\/not_image.png\" class=\" lazy \" width=\"100%\" height=\"100%\" alt=\"Rafael Ferro el candidato y Julieta Cardinali una incisiva periodista en Doble discurso Prensa\"><figcaption> Rafael Ferro, el candidato, y Julieta Cardinali, una incisiva periodista, en \u00abDoble discurso\u00bb. (Prensa) <\/figcaption><\/figure>\n<p>Ning\u00fan fen\u00f3meno art\u00edstico es enteramente nuevo, ninguna tendencia se construye y luego se consolida por generaci\u00f3n espont\u00e1nea y, en ese sentido, los entresijos, la trastienda, los misterios y secretos de la pol\u00edtica estuvieron presentes desde siempre en el cine y la televisi\u00f3n argentina.<\/p>\n<p>Sin embargo, tras un largo per\u00edodo en el que la producci\u00f3n audiovisual local prioriz\u00f3 otras tem\u00e1ticas y apost\u00f3 a enfoques distintos, <strong>en los \u00faltimos meses surgieron muchas series y pel\u00edculas que reconstruyeron momentos clave de la historia reciente<\/strong> desde la perspectiva de los dirigentes, referentes o figuras que los protagonizaron y otras que, aun concibiendo universos puramente ficcionales, sin conexiones directas con hechos reales, reflexionan a partir de referencias indirectas sobre la actualidad de nuestro pa\u00eds.<\/p>\n<div class=\"video_repositive\"> <a class=\"video_sticky\" href=\"javascript:void();\" onclick=\"removeStuckVideo(true);\"><i class=\"far fa-window-close\"><\/i><\/a> <\/p>\n<div id=\"m6tD1z91QGY\" class=\"video_telam\" readability=\"6\">\n<div class=\"feature_article_inner\" readability=\"32\">\n<p><h2 class=\"text-center\">\u00abDoble discurso\u00bb (Amazon Prime)<\/h2>\n<\/p><\/div>\n<p>VER VIDEO <i class=\"fas fa-play\"><\/i><\/p>\n<\/p><\/div><\/div>\n<p>Esta semana se estren\u00f3 en 22 salas de cine y el pr\u00f3ximo viernes 4 de agosto llegar\u00e1 a la plataforma de streaming Amazon Prime Video<strong> \u201cDoble discurso\u201d<\/strong>, <strong>pel\u00edcula escrita y dirigida por Hern\u00e1n Guerschuny y protagonizada por Diego Peretti, Julieta Cardinali y Rafael Ferro<\/strong> que narra la carrera hacia la presidencia de un candidato conservador (Ferro) que luego de una exitosa carrera deportiva incursiona en la pol\u00edtica como alguien que viene a renovar una actividad dominada por la corrupci\u00f3n.<\/p>\n<p>Luego de que una periodista de investigaci\u00f3n (Cardinali) denuncia sus conexiones con un poderoso empresario dedicado a cuestionados negocios (V\u00edctor Laplace), entra en escena un brillante consultor y asesor (Peretti) que trata de limpiar y reimpulsar la campa\u00f1a. Otrora un profesor universitario idealista, El Griego (as\u00ed lo conocen todos en el mundillo pol\u00edtico) s<strong>e ha convertido en un ser c\u00ednico, sin escr\u00fapulos<\/strong> y dispuesto a motorizar cualquier estrategia de manipulaci\u00f3n, confabulaci\u00f3n, desprestigio y confrontaci\u00f3n contra el rival de turno.<\/p>\n<div class=\"video_repositive\"> <a class=\"video_sticky\" href=\"javascript:void();\" onclick=\"removeStuckVideo(true);\"><i class=\"far fa-window-close\"><\/i><\/a> <\/p>\n<div id=\"QMWtJ3Mx-8g\" class=\"video_telam\">\n<div class=\"feature_article_inner\">\n<p><h2 class=\"text-center\">\u00abEl Reino\u00bb (Netflix)<\/h2>\n<\/p><\/div>\n<p>VER VIDEO <i class=\"fas fa-play\"><\/i><\/p>\n<\/p><\/div><\/div>\n<p>Algo similar, aunque desde otro punto de vista, pasa en<strong> \u201cEl Reino\u201d<\/strong>, la popular serie de Netflix que en marzo \u00faltimo present\u00f3 su segunda temporada. Peretti es, otra vez, uno de los protagonistas como Emilio V\u00e1zquez Pena, pastor evang\u00e9lico de la Iglesia del Reino de la Luz que irrumpe en el \u00e1mbito pol\u00edtico de la mano de su esposa Elena (Mercedes Mor\u00e1n) y llega hasta la presidencia en una historia que puede verse como<strong> una versi\u00f3n local de \u201cEl cuento de la criada\u201d<\/strong>, aunque quiz\u00e1s ya no con una mirada tan dist\u00f3pica luego de las experiencias en el poder de Donald Trump, Jair Bolsonaro o los gobiernos actuales en Hungr\u00eda, Polonia e Italia.<\/p>\n<figure class=\"mb-3\"><img loading=\"lazy\" data-src=\"http:\/\/nuevacordoba.net\/wp-content\/uploads\/2023\/07\/las-peliculas-y-series-argentinas-se-fascinan-por-los-secretos-de-la-politica-1.jpg\" src=\"https:\/\/www.telam.com.ar\/assets\/img\/not_image.png\" class=\" lazy \" width=\"100%\" height=\"100%\" alt=\"En Diciembre 2001 se encuentran dos presidentes radicales Fernando de la Ra Jean Pierre Noher y Ral Alfonsn Manuel Callau Prensa\"><figcaption> En \u00abDiciembre 2001\u00bb se encuentran dos presidentes radicales, Fernando de la R\u00faa (Jean Pierre Noher) y Ra\u00fal Alfons\u00edn (Manuel Callau. (Prensa) <\/figcaption><\/figure>\n<p><strong>Si \u201cEl Reino\u201d y \u201cDoble discurso\u201d no hacen referencia a casos reales<\/strong> (aunque esta \u00faltima tiene escenas filmadas, por ejemplo, en plena Casa Rosada), <strong>\u201cDiciembre 2001\u201d<\/strong> resulta el ejemplo opuesto, ya que la serie dirigida por Benjam\u00edn Avila (\u201cInfancia clandestina\u201d) llama a todos por su nombre. Fernando de la R\u00faa (Jean Pierre Noher), Carlos \u201cChacho\u201d \u00c1lvarez (Fern\u00e1n Mir\u00e1s), Domingo Cavallo (Luis Mach\u00edn), Chrystian Colombo (Luis Luque), Antonio de la R\u00faa (Ludovico Di Santo), Eduardo Duhalde (C\u00e9sar Troncoso), Manuel Callau (Ra\u00fal Alfons\u00edn), Jorge Su\u00e1rez (Adolfo Rodr\u00edguez Saa), Manuel Vicente (Ram\u00f3n Puerta), Alejandra Flechner (Hilda \u201cChiche\u201d Duhalde) y Vando Villamil (Carlos Ruckauf) son algunos de los protagonistas de aquel explosivo per\u00edodo de crisis pol\u00edtica, econ\u00f3mica y social que aparecen personificados en esta ficci\u00f3n de seis episodios de unos 40 minutos cada uno basada en el libro <strong>\u201cEl palacio y la calle\u201d, de Miguel Bonasso y disponnible en Star+<\/strong><\/p>\n<div class=\"video_repositive\"> <a class=\"video_sticky\" href=\"javascript:void();\" onclick=\"removeStuckVideo(true);\"><i class=\"far fa-window-close\"><\/i><\/a> <\/p>\n<div id=\"GqXV5etdsPM\" class=\"video_telam\">\n<div class=\"feature_article_inner\">\n<p><h2 class=\"text-center\">\u00abDiciembre 2001\u00bb (Star+)<\/h2>\n<\/p><\/div>\n<p>VER VIDEO <i class=\"fas fa-play\"><\/i><\/p>\n<\/p><\/div><\/div>\n<p>M\u00e1s all\u00e1 de los hallazgos (no menores) y de las inevitables licencias y simplificaciones de esta (y toda) serie, \u201cDiciembre 2001\u201d <strong>reconstruye de manera bastante minuciosa e implacable la din\u00e1mica muchas veces cruel de la lucha por el poder<\/strong>, las estrategias comunicacionales para enfrentar una crisis, las negociaciones dentro y fuera del equipo de gobierno, as\u00ed como las sucesivas alianzas y traiciones que cada d\u00eda (a cada hora) van cambiando el cada vez m\u00e1s delicado equilibrio de fuerzas.<\/p>\n<div class=\"video_repositive\"> <a class=\"video_sticky\" href=\"javascript:void();\" onclick=\"removeStuckVideo(true);\"><i class=\"far fa-window-close\"><\/i><\/a> <\/p>\n<div id=\"8ebGiExFS7M\" class=\"video_telam\">\n<div class=\"feature_article_inner\">\n<p><h2 class=\"text-center\">\u00abSanta Evita\u00bb (Star+)<\/h2>\n<\/p><\/div>\n<p>VER VIDEO <i class=\"fas fa-play\"><\/i><\/p>\n<\/p><\/div><\/div>\n<p>Y tambi\u00e9n en Star+ se pueden recuperar los siete cap\u00edtulos presentados el a\u00f1o pasado de<strong> \u201cSanta Evita\u201d<\/strong>, la serie basada en el libro hom\u00f3nimo de Tom\u00e1s Eloy Mart\u00ednez con Natalia Oreiro como Eva Per\u00f3n, Dar\u00edo Grandinetti como Juan Domingo Per\u00f3n y Ernesto Alterio como el siniestro coronel Carlos Moori Koenig.<\/p>\n<div class=\"video_repositive\"> <a class=\"video_sticky\" href=\"javascript:void();\" onclick=\"removeStuckVideo(true);\"><i class=\"far fa-window-close\"><\/i><\/a> <\/p>\n<div id=\"r_LUYSms8Zg\" class=\"video_telam\" readability=\"6.5\">\n<div class=\"feature_article_inner\" readability=\"33\">\n<p><h2 class=\"text-center\">\u00abArgentina, 1985\u00bb (Amazon Prime)<\/h2>\n<\/p><\/div>\n<p>VER VIDEO <i class=\"fas fa-play\"><\/i><\/p>\n<\/p><\/div><\/div>\n<p>De hecho,<strong> \u201cArgentina, 1985\u201d,<\/strong> la pel\u00edcula nacional m\u00e1s exitosa de los \u00faltimos tres a\u00f1os con&nbsp; 1.160.000 espectadores en salas (y disponible en Amazon Prime Video), tambi\u00e9n puede incluirse en esta tendencia, ya que si bien el eje es el Juicio a las Juntas de la mano de los fiscales Julio C\u00e9sar Strassera (Ricardo Dar\u00edn) y Luis Moreno Ocampo (Peter Lanzani), la trastienda del poder en aquella primavera alfonsinista y la precaria situaci\u00f3n de la por entonces naciente democracia reconquistada en 1983 est\u00e1n siempre presentes en el guion firmado por Mariano Llin\u00e1s y el tambi\u00e9n director Santiago Mitre.<\/p>\n<figure class=\"mb-3\"><img loading=\"lazy\" data-src=\"http:\/\/nuevacordoba.net\/wp-content\/uploads\/2023\/07\/las-peliculas-y-series-argentinas-se-fascinan-por-los-secretos-de-la-politica-2.jpg\" src=\"https:\/\/www.telam.com.ar\/assets\/img\/not_image.png\" class=\" lazy \" width=\"100%\" height=\"100%\" alt=\"Leonardo Sbaraglia ser Carlos Menem en la serie que puso en marcha Amazon Prime Prensa\"><figcaption> Leonardo Sbaraglia ser\u00e1 Carlos Menem en la serie que puso en marcha Amazon Prime. (Prensa) <\/figcaption><\/figure>\n<p>Y el fen\u00f3meno no parece que vaya a detenerse: Discovery tienen pr\u00e1cticamente terminada una propuesta que combina documental y ficci\u00f3n ligada al \u00bfaccidente? que en 1995 le cost\u00f3 la vida a Carlos Menem Jr., mientras que Amazon Prime Video est\u00e1 en plena producci\u00f3n de una biopic sobre Carlos Sa\u00fal Menem, presidente entre 1989 y 1999, que tendr\u00e1 ocho episodios dirigidos por Ariel Winograd y a Leonardo Sbaraglia en el papel del tan amado y odiado caudillo riojano.<\/p>\n","protected":false},"excerpt":{"rendered":"<p>Rafael Ferro, el candidato, y Julieta Cardinali, una incisiva periodista, en \u00abDoble discurso\u00bb. (Prensa) Ning\u00fan fen\u00f3meno art\u00edstico es enteramente nuevo, ninguna tendencia se construye y luego se consolida por generaci\u00f3n espont\u00e1nea y, en ese sentido, los entresijos, la trastienda, los misterios y secretos de la pol\u00edtica estuvieron presentes desde siempre en el cine y la [&hellip;]<\/p>\n","protected":false},"author":1,"featured_media":34851,"comment_status":"closed","ping_status":"closed","sticky":false,"template":"","format":"standard","meta":[],"categories":[9],"tags":[],"_links":{"self":[{"href":"http:\/\/nuevacordoba.net\/index.php\/wp-json\/wp\/v2\/posts\/34850"}],"collection":[{"href":"http:\/\/nuevacordoba.net\/index.php\/wp-json\/wp\/v2\/posts"}],"about":[{"href":"http:\/\/nuevacordoba.net\/index.php\/wp-json\/wp\/v2\/types\/post"}],"author":[{"embeddable":true,"href":"http:\/\/nuevacordoba.net\/index.php\/wp-json\/wp\/v2\/users\/1"}],"replies":[{"embeddable":true,"href":"http:\/\/nuevacordoba.net\/index.php\/wp-json\/wp\/v2\/comments?post=34850"}],"version-history":[{"count":0,"href":"http:\/\/nuevacordoba.net\/index.php\/wp-json\/wp\/v2\/posts\/34850\/revisions"}],"wp:featuredmedia":[{"embeddable":true,"href":"http:\/\/nuevacordoba.net\/index.php\/wp-json\/wp\/v2\/media\/34851"}],"wp:attachment":[{"href":"http:\/\/nuevacordoba.net\/index.php\/wp-json\/wp\/v2\/media?parent=34850"}],"wp:term":[{"taxonomy":"category","embeddable":true,"href":"http:\/\/nuevacordoba.net\/index.php\/wp-json\/wp\/v2\/categories?post=34850"},{"taxonomy":"post_tag","embeddable":true,"href":"http:\/\/nuevacordoba.net\/index.php\/wp-json\/wp\/v2\/tags?post=34850"}],"curies":[{"name":"wp","href":"https:\/\/api.w.org\/{rel}","templated":true}]}}