{"id":34854,"date":"2023-07-28T19:15:26","date_gmt":"2023-07-28T19:15:26","guid":{"rendered":"https:\/\/prensa.cba.gov.ar\/?p=561635"},"modified":"2023-07-28T19:15:26","modified_gmt":"2023-07-28T19:15:26","slug":"cordoba-e-italia-fortalecen-lazos-educativos","status":"publish","type":"post","link":"http:\/\/nuevacordoba.net\/index.php\/2023\/07\/28\/cordoba-e-italia-fortalecen-lazos-educativos\/","title":{"rendered":"C\u00f3rdoba e Italia fortalecen lazos educativos"},"content":{"rendered":"<ul>\n<li><strong>El Ministerio de Educaci\u00f3n de la Provincia y la ONG Grupo Mundial de Escuelas Italia firmaron un convenio de cooperaci\u00f3n.<\/strong><\/li>\n<li><strong>El entendimiento permitir\u00e1 que estudiantes secundarios italianos visiten la provincia, lugar donde muchos de sus antepasados emigraron.<\/strong><\/li>\n<\/ul>\n<p>El ministro de Educaci\u00f3n, Walter Grahovac, firm\u00f3 el jueves un convenio de vinculaci\u00f3n y cooperaci\u00f3n institucional con la organizaci\u00f3n no gubernamental Grupo Mundial de Escuelas, Italia (Fri.Sa.Li.), lo que permitir\u00e1 desplegar el proyecto \u201cHistorias y Memorias\u201d.<\/p>\n<p>La iniciativa contempla una primera etapa en la que arribar\u00e1n en septiembre unos 28 estudiantes y docentes italianos a distintas provincias argentinas. A C\u00f3rdoba vendr\u00e1n unos cinco alumnos y alumnas junto a un docente.<\/p>\n<p>El entendimiento tiene como objetivo desarrollar acuerdos de asociaci\u00f3n cooperativa y facilitar el di\u00e1logo regular con el objetivo de promover la internacionalizaci\u00f3n y el desarrollo educativo, social, cultural y ling\u00fc\u00edstico dentro de las escuelas de cada una de las partes.<\/p>\n<figure class=\"wp-block-image size-full\"><img decoding=\"async\" loading=\"lazy\" width=\"990\" height=\"660\" src=\"http:\/\/nuevacordoba.net\/wp-content\/uploads\/2023\/07\/cordoba-e-italia-fortalecen-lazos-educativos.png\" alt class=\"wp-image-561639\"><\/figure>\n<p>El acuerdo, que fue suscripto adem\u00e1s por el presidente de la ONG Italia, Raffaele Franzese y el director del comit\u00e9 acad\u00e9mico, Antony Muroni, pretende priorizar la cooperaci\u00f3n en el sector educativo relacionado con la implementaci\u00f3n del proyecto \u00abHistoria y Memorias\u00bb, incluyendo:<\/p>\n<p>\u2013 Convenciones escolares hermanadas.<\/p>\n<p>\u2013 Programas de inmersi\u00f3n global para estudiantes (estudiantes menores de 18 a\u00f1os).<\/p>\n<p>\u2013 Visitas de delegaciones a los respectivos \u00f3rganos educativos.<\/p>\n<p>\u2013 Oportunidades de desarrollo profesional para profesores.<\/p>\n<p>\u2013 Compartir experiencia educativa, ideas, informaci\u00f3n, habilidades y t\u00e9cnicas.<\/p>\n<figure class=\"wp-block-image size-full\"><img decoding=\"async\" loading=\"lazy\" width=\"990\" height=\"660\" src=\"http:\/\/nuevacordoba.net\/wp-content\/uploads\/2023\/07\/cordoba-e-italia-fortalecen-lazos-educativos-1.png\" alt class=\"wp-image-561640\"><\/figure>\n<p>El proyecto se encuadra en la declaraci\u00f3n de intenciones firmada en 2011 por la directora de asuntos Internacionales del Ministerio de Instrucci\u00f3n, Universidad e Investigaci\u00f3n de la Rep\u00fablica de Italia, Giunta la Spada y el titular de la cartera educativa provincia.<\/p>\n<p>El titular de la cartera educativa estuvo acompa\u00f1ado, adem\u00e1s, por la directora de Educaci\u00f3n T\u00e9cnica y Formaci\u00f3n Profesional, Claudia Brain; el subdirector de Educaci\u00f3n T\u00e9cnica y Formaci\u00f3n Profesional, Daniel Sessa; la inspectora general, Eugenia Oca\u00f1a y la responsable del \u00e1rea de cooperaci\u00f3n internacional de la direcci\u00f3n general de Educaci\u00f3n T\u00e9cnica y Formaci\u00f3n Profesional, Marisa Bianchettini.<\/p>\n","protected":false},"excerpt":{"rendered":"<p>El Ministerio de Educaci\u00f3n de la Provincia y la ONG Grupo Mundial de Escuelas Italia firmaron un convenio de cooperaci\u00f3n. El entendimiento permitir\u00e1 que estudiantes secundarios italianos visiten la provincia, lugar donde muchos de sus antepasados emigraron. El ministro de Educaci\u00f3n, Walter Grahovac, firm\u00f3 el jueves un convenio de vinculaci\u00f3n y cooperaci\u00f3n institucional con la [&hellip;]<\/p>\n","protected":false},"author":1,"featured_media":34855,"comment_status":"closed","ping_status":"closed","sticky":false,"template":"","format":"standard","meta":[],"categories":[14],"tags":[],"_links":{"self":[{"href":"http:\/\/nuevacordoba.net\/index.php\/wp-json\/wp\/v2\/posts\/34854"}],"collection":[{"href":"http:\/\/nuevacordoba.net\/index.php\/wp-json\/wp\/v2\/posts"}],"about":[{"href":"http:\/\/nuevacordoba.net\/index.php\/wp-json\/wp\/v2\/types\/post"}],"author":[{"embeddable":true,"href":"http:\/\/nuevacordoba.net\/index.php\/wp-json\/wp\/v2\/users\/1"}],"replies":[{"embeddable":true,"href":"http:\/\/nuevacordoba.net\/index.php\/wp-json\/wp\/v2\/comments?post=34854"}],"version-history":[{"count":0,"href":"http:\/\/nuevacordoba.net\/index.php\/wp-json\/wp\/v2\/posts\/34854\/revisions"}],"wp:featuredmedia":[{"embeddable":true,"href":"http:\/\/nuevacordoba.net\/index.php\/wp-json\/wp\/v2\/media\/34855"}],"wp:attachment":[{"href":"http:\/\/nuevacordoba.net\/index.php\/wp-json\/wp\/v2\/media?parent=34854"}],"wp:term":[{"taxonomy":"category","embeddable":true,"href":"http:\/\/nuevacordoba.net\/index.php\/wp-json\/wp\/v2\/categories?post=34854"},{"taxonomy":"post_tag","embeddable":true,"href":"http:\/\/nuevacordoba.net\/index.php\/wp-json\/wp\/v2\/tags?post=34854"}],"curies":[{"name":"wp","href":"https:\/\/api.w.org\/{rel}","templated":true}]}}