{"id":34856,"date":"2023-07-28T15:04:49","date_gmt":"2023-07-28T15:04:49","guid":{"rendered":"http:\/\/cordobanewsnet.wordpress.com\/2023\/07\/28\/con-12-candidatos-villa-allende-elige-intendente\/"},"modified":"2023-07-28T15:04:49","modified_gmt":"2023-07-28T15:04:49","slug":"con-12-candidatos-villa-allende-elige-intendente","status":"publish","type":"post","link":"http:\/\/nuevacordoba.net\/index.php\/2023\/07\/28\/con-12-candidatos-villa-allende-elige-intendente\/","title":{"rendered":"Con 12 candidatos, Villa Allende elige intendente"},"content":{"rendered":"<p><!-- \/featured-media --> <\/p>\n<div class=\"post-content clear\" readability=\"44.063800277393\">\n<p>Villa Allende elegir\u00e1 intendente este domingo, adem\u00e1s de concejales y tribunos de cuenta. Hace 4 a\u00f1os Eduardo \u00abGato\u00bb Romero fue electo mandatario de la ciudad pero falleci\u00f3 el 13 de febrero de 2022. Su sucesora fue Mar\u00eda Teresa Riu Cazaux de V\u00e9lez, su compa\u00f1era de f\u00f3rmula.<\/p>\n<figure class=\"wp-block-image size-large\"><img data-attachment-id=\"8091\" data-permalink=\"https:\/\/cordobanewsnet.wordpress.com\/2023\/07\/28\/con-12-candidatos-villa-allende-elige-intendente\/diseno-sin-titulo-1-2\/\" data-orig-file=\"http:\/\/nuevacordoba.net\/wp-content\/uploads\/2023\/07\/con-12-candidatos-villa-allende-elige-intendente-2.jpg\" data-orig-size=\"768,576\" data-comments-opened=\"1\" data-image-meta=\"{&quot;aperture&quot;:&quot;0&quot;,&quot;credit&quot;:&quot;Ramiro Quintanilla&quot;,&quot;camera&quot;:&quot;&quot;,&quot;caption&quot;:&quot;&quot;,&quot;created_timestamp&quot;:&quot;0&quot;,&quot;copyright&quot;:&quot;&quot;,&quot;focal_length&quot;:&quot;0&quot;,&quot;iso&quot;:&quot;0&quot;,&quot;shutter_speed&quot;:&quot;0&quot;,&quot;title&quot;:&quot;Dise\\u00f1o sin t\\u00edtulo - 1&quot;,&quot;orientation&quot;:&quot;1&quot;}\" data-image-title=\"Dise\u00f1o sin t\u00edtulo \u2013 1\" data-image-description data-image-caption data-medium-file=\"http:\/\/nuevacordoba.net\/wp-content\/uploads\/2023\/07\/con-12-candidatos-villa-allende-elige-intendente-2.jpg?w=300\" data-large-file=\"http:\/\/nuevacordoba.net\/wp-content\/uploads\/2023\/07\/con-12-candidatos-villa-allende-elige-intendente-2.jpg?w=736\" src=\"http:\/\/nuevacordoba.net\/wp-content\/uploads\/2023\/07\/con-12-candidatos-villa-allende-elige-intendente.jpg\" class=\"wp-image-8091\" srcset=\"http:\/\/nuevacordoba.net\/wp-content\/uploads\/2023\/07\/con-12-candidatos-villa-allende-elige-intendente-2.jpg 768w, http:\/\/nuevacordoba.net\/wp-content\/uploads\/2023\/07\/con-12-candidatos-villa-allende-elige-intendente-2.jpg?w=150 150w, http:\/\/nuevacordoba.net\/wp-content\/uploads\/2023\/07\/con-12-candidatos-villa-allende-elige-intendente-2.jpg?w=300 300w\" sizes=\"(max-width: 768px) 100vw, 768px\"><\/figure>\n<p>En esta oportunidad, habr\u00e1 12 candidatos al cargo con la particularidad de que la actual funcionaria no ir\u00e1 por la reelecci\u00f3n. Para estas elecciones estar\u00e1n habilitados 33.019 ciudadanos, y el conteo de los votos con la BUS (Boleta \u00danica de Sufragio) se realizar\u00e1 como en los comicios de esta capital, con actas y telegramas, y sin el sistema Turing.\ud83d\udc48\ud83c\udffb<\/p>\n<p><span id=\"wordads-inline-marker\"><\/span> <\/p>\n<div id=\"jp-post-flair\" class=\"sharedaddy sd-like-enabled sd-sharing-enabled\">\n<div class=\"sharedaddy sd-sharing-enabled\">\n<div class=\"robots-nocontent sd-block sd-social sd-social-icon-text sd-sharing\">\n<h3 class=\"sd-title\">Share this:<\/h3>\n<\/div>\n<\/div>\n<div class=\"sharedaddy sd-block sd-like jetpack-likes-widget-wrapper jetpack-likes-widget-unloaded\" id=\"like-post-wrapper-143108178-8092-64c42fcb7e49c\" data-src=\"\/\/widgets.wp.com\/likes\/index.html?ver=20230309#blog_id=143108178&amp;post_id=8092&amp;origin=cordobanewsnet.wordpress.com&amp;obj_id=143108178-8092-64c42fcb7e49c\" data-name=\"like-post-frame-143108178-8092-64c42fcb7e49c\" data-title=\"Me gusta o Compartir\">\n<h3 class=\"sd-title\">Me gusta esto:<\/h3>\n<p><span class=\"button\"><span>Me gusta<\/span><\/span> <span class=\"loading\">Cargando&#8230;<\/span><\/p>\n<p><span class=\"sd-text-color\"><\/span><\/div>\n<p><h3 class=\"jp-relatedposts-headline\"><em>Relacionado<\/em><\/h3>\n<\/p>\n<\/div><\/div>\n<p><!--\/.post-content--> <\/p>\n<footer class=\"post-meta-container clear\" readability=\"0.72043010752688\">\n<div class=\"entry-author author-avatar-show\" readability=\"14.031746031746\">\n<div class=\"author-avatar\"> <img alt src=\"http:\/\/nuevacordoba.net\/wp-content\/uploads\/2023\/07\/con-12-candidatos-villa-allende-elige-intendente-1.jpg\" srcset=\"http:\/\/nuevacordoba.net\/wp-content\/uploads\/2023\/07\/con-12-candidatos-villa-allende-elige-intendente-1.jpg 1x, http:\/\/nuevacordoba.net\/wp-content\/uploads\/2023\/07\/con-12-candidatos-villa-allende-elige-intendente-5.jpg 1.5x, http:\/\/nuevacordoba.net\/wp-content\/uploads\/2023\/07\/con-12-candidatos-villa-allende-elige-intendente-6.jpg 2x, http:\/\/nuevacordoba.net\/wp-content\/uploads\/2023\/07\/con-12-candidatos-villa-allende-elige-intendente-7.jpg 3x, http:\/\/nuevacordoba.net\/wp-content\/uploads\/2023\/07\/con-12-candidatos-villa-allende-elige-intendente-8.jpg 4x\" class=\"avatar avatar-90\" height=\"90\" width=\"90\" loading=\"lazy\" decoding=\"async\"> <\/div>\n<p><!-- .author-avatar --> <\/p>\n<p><h2 class=\"author-title\">Publicado por <span class=\"author-name\">angelaponso<\/span><\/h2>\n<\/p>\n<p><!-- .author-heading --> <\/p>\n<p class=\"author-bio\"> <a class=\"author-link\" href=\"https:\/\/cordobanewsnet.wordpress.com\/author\/angelaponso\/\" rel=\"author\"> Ver todas las entradas de angelaponso <\/a> <\/p>\n<p><!-- .author-bio --> <\/div>\n<p><!-- .entry-auhtor --> <\/footer>\n<p> <!-- \/post-meta-container --> <!-- #respond --> <\/p>\n","protected":false},"excerpt":{"rendered":"<p>Villa Allende elegir\u00e1 intendente este domingo, adem\u00e1s de concejales y tribunos de cuenta. Hace 4 a\u00f1os Eduardo \u00abGato\u00bb Romero fue electo mandatario de la ciudad pero falleci\u00f3 el 13 de febrero de 2022. Su sucesora fue Mar\u00eda Teresa Riu Cazaux de V\u00e9lez, su compa\u00f1era de f\u00f3rmula. En esta oportunidad, habr\u00e1 12 candidatos al cargo con [&hellip;]<\/p>\n","protected":false},"author":1,"featured_media":34857,"comment_status":"closed","ping_status":"closed","sticky":false,"template":"","format":"standard","meta":[],"categories":[14],"tags":[],"_links":{"self":[{"href":"http:\/\/nuevacordoba.net\/index.php\/wp-json\/wp\/v2\/posts\/34856"}],"collection":[{"href":"http:\/\/nuevacordoba.net\/index.php\/wp-json\/wp\/v2\/posts"}],"about":[{"href":"http:\/\/nuevacordoba.net\/index.php\/wp-json\/wp\/v2\/types\/post"}],"author":[{"embeddable":true,"href":"http:\/\/nuevacordoba.net\/index.php\/wp-json\/wp\/v2\/users\/1"}],"replies":[{"embeddable":true,"href":"http:\/\/nuevacordoba.net\/index.php\/wp-json\/wp\/v2\/comments?post=34856"}],"version-history":[{"count":0,"href":"http:\/\/nuevacordoba.net\/index.php\/wp-json\/wp\/v2\/posts\/34856\/revisions"}],"wp:featuredmedia":[{"embeddable":true,"href":"http:\/\/nuevacordoba.net\/index.php\/wp-json\/wp\/v2\/media\/34857"}],"wp:attachment":[{"href":"http:\/\/nuevacordoba.net\/index.php\/wp-json\/wp\/v2\/media?parent=34856"}],"wp:term":[{"taxonomy":"category","embeddable":true,"href":"http:\/\/nuevacordoba.net\/index.php\/wp-json\/wp\/v2\/categories?post=34856"},{"taxonomy":"post_tag","embeddable":true,"href":"http:\/\/nuevacordoba.net\/index.php\/wp-json\/wp\/v2\/tags?post=34856"}],"curies":[{"name":"wp","href":"https:\/\/api.w.org\/{rel}","templated":true}]}}