{"id":34864,"date":"2023-07-28T20:37:52","date_gmt":"2023-07-28T20:37:52","guid":{"rendered":"https:\/\/www.ole.com.ar\/autos\/pilotos-indycar-tc-canapino-mclaughlin-palou-oward_0_zNPEFvWRI4.html"},"modified":"2023-07-28T20:37:52","modified_gmt":"2023-07-28T20:37:52","slug":"los-pilotos-de-indycar-que-se-candidatearon-para-correr-en-el-tc","status":"publish","type":"post","link":"http:\/\/nuevacordoba.net\/index.php\/2023\/07\/28\/los-pilotos-de-indycar-que-se-candidatearon-para-correr-en-el-tc\/","title":{"rendered":"Los pilotos de IndyCar que se candidatearon para correr en el TC"},"content":{"rendered":"<p><time class=\"createDate\" datetime=\"2023-07-28T17:37:52-03:00\">28\/07\/2023 17:37hs.<\/time><time class=\"modificatedDate\" datetime=\"2023-07-28T19:59:003-03:00\"> Actualizado al 28\/07\/2023 19:59hs.<\/time><\/p>\n<div id=\"storyBody\">\n<div class=\"custom-text \" readability=\"35.36641221374\">\n<p>Recientemente <a href=\"https:\/\/sbKJfCrB2L\">se confirm\u00f3 el regreso de Agust\u00edn Canapino al Turismo Carretera<\/a>. El piloto de <strong>Juncos Hollinger Racing<\/strong> disputar\u00e1 la <strong>\u00faltima fecha de la etapa regular<\/strong> en el Aut\u00f3dromo de Buenos Aires como <strong>piloto invitado <\/strong>y, adem\u00e1s, se sumar\u00e1 a las cinco jornadas de la Copa de Oro<strong>.<\/strong> Tras su anuncio, varios compa\u00f1eros del Tit\u00e1n en la <a href=\"https:\/\/www.ole.com.ar\/tema\/indycar.html\" target=\"_blank\" title=\"Indycar\" alt=\"Indycar\" class=\"slug\" rel=\"noopener\">IndyCar<\/a>, entre los que figura un ex F\u00f3rmula 1, bromearon en sus redes sociales con querer participar en la vuelta del argentino. Eso s\u00ed, hay uno que fue tentado por un equipo de punta&#8230;<\/p>\n<\/div>\n<div class=\"custom-text \" readability=\"36\">\n<p>El primero de ellos fue el neozeland\u00e9s <strong>Scott McLaughlin<\/strong>. El actual piloto del <strong>Team Penske<\/strong>, que actualmente se encuentra <strong>quinto en la tabla del campeonato de la IndyCar<\/strong>, public\u00f3 un tuit insinuando con la posibilidad de sumarse a la carrera.<\/p>\n<\/div>\n<div class=\"custom-text \" readability=\"34.515570934256\">\n<p>El Tit\u00e1n le respondi\u00f3 citando su tuit y etiquet\u00f3 a <a href=\"https:\/\/www.ole.com.ar\/tema\/actc.html\" title=\"ACTC\" alt=\"ACTC\" class=\"slug\">ACTC<\/a> para que comenzara a tramitar un auto para McLaughlin. Adem\u00e1s, colg\u00f3 una foto en la que se ve el p\u00fablico argentino y coment\u00f3 <strong>\u00abm\u00e1s de 50 autos con el mejor sonido y las tribunas llenas en la pista m\u00e1s r\u00e1pida de Sudam\u00e9rica\u00bb.<\/strong><\/p>\n<\/div>\n<div class=\"sc-e7b891c4-0 jPbnQF\"><img alt=\"McLaughlin podr\u00eda venir a la Argentina. (REUTER)\" src=\"http:\/\/nuevacordoba.net\/wp-content\/uploads\/2023\/07\/los-pilotos-de-indycar-que-se-candidatearon-para-correr-en-el-tc.jpg\" width=\"720\" height=\"100\" decoding=\"async\" data-nimg=\"future\" loading=\"lazy\"><span class=\"epigraphe\">McLaughlin podr\u00eda venir a la Argentina. (REUTER)<\/span><\/div>\n<div class=\"custom-text \" readability=\"37\">\n<p><strong>Maquin Parts<\/strong>, la escuadra de Venado Tuerto que gan\u00f3 el torneo el a\u00f1o pasado de la mano de Jos\u00e9 Urcera, <strong>le ofreci\u00f3 al neozeland\u00e9s el Torino <\/strong>que utiliz\u00f3<strong> Esteban Gini <\/strong>hasta la competencia en Posadas para que corra en la categor\u00eda. El equipo public\u00f3 un tuit en el cual se expres\u00f3: \u201c\u00a1Hola Scott McLaughlin! \u00a1Descubrimos que quer\u00e9s correr en la #TCenBuenosAires y en la #MaquinParts tenemos un auto listo para vos! El equipo campe\u00f3n te espera\u201d.<\/p>\n<\/div>\n<div class=\"custom-text \" readability=\"41\">\n<p>Por otro lado, Canapino public\u00f3 un tuit en el que<strong> le ofrece a Scott un Coupe Chevy de Chevrolet<\/strong>. El Tit\u00e1n dijo que habl\u00f3 con Gustavo Lema, due\u00f1o del equipo JP Carrera, y confirm\u00f3 que el auto est\u00e1 listo e incluir\u00e1 el n\u00famero 3 (como Scott usa en IndyCar). Luego, Lema duplic\u00f3 la apuesta y ya le reserv\u00f3 el veh\u00edculo. <strong>\u00abScotty, ser\u00eda un honor tener manejando uno de nuestros autos como compa\u00f1ero de Agust\u00edn\u00bb<\/strong>, escribi\u00f3 en su cuenta de Twitter.<\/p>\n<\/div>\n<div class=\"custom-text \" readability=\"37\">\n<p>Adem\u00e1s de McLaughlin, otros pilotos de la categor\u00eda se expresaron v\u00eda Twitter para mostrar su inter\u00e9s en participar. El primero fue el neerland\u00e9s <strong>Rinus VeeKay.<\/strong> Luego se sumaron <strong>Alex Palou, <\/strong>l\u00edder del campeonato, y el mexicano <strong>Pato O\u00b4Ward<\/strong>.<\/p>\n<\/div>\n<div class=\"custom-text \" readability=\"39\">\n<p>El \u00faltimo en ofrecerse a participar de la fiesta argenta en el G\u00e1lvez fue un ex F\u00f3rmula 1, <strong>Romain Grosjean<\/strong>, quien compiti\u00f3 por \u00faltima vez en la M\u00e1xima en 2020 con Haas (es muy recordado su accidente en Bahrain en el que su auto se parti\u00f3 en dos y prendi\u00f3 fuego). <strong>\u00ab\u00bfQu\u00e9 est\u00e1 pasando ac\u00e1? \u00bfCu\u00e1ndo volamos hacia Argentina?\u00bb<\/strong>, fue el tuit del franc\u00e9s. \u00ab\u00a1Que venga Romain y explotamos todo!\u00bb, replic\u00f3 Canapino.<\/p>\n<\/div>\n<div class=\"custom-embedhtml\">\n<blockquote class=\"twitter-tweet\">\n<p lang=\"es\" dir=\"ltr\">Estamos listos! \ud83c\udde6\ud83c\uddf7<\/p>\n<p>\u2014 Alex Palou Montalbo (@AlexPalou) <a href=\"https:\/\/twitter.com\/AlexPalou\/status\/1684973101069606924?ref_src=twsrc%5Etfw\">July 28, 2023<\/a><\/p><\/blockquote><\/div>\n<div class=\"custom-text \" readability=\"40.94434470377\">\n<p>Ante los rumores de la participaci\u00f3n de los corredores de IndyCar en TC, <a href=\"https:\/\/www.ole.com.ar\/tema\/hugo-mazzacane.html\" title=\"Hugo Mazzacane\" alt=\"Hugo Mazzacane\" class=\"slug\">Hugo Mazzacane<\/a>, presidente de ACTC, habl\u00f3 en una conferencia sobre la posibilidad y como no afectar\u00eda a los corredores en el campeonato con respecto a los puntos. \u00abVamos a esperar el pedido, pero seguramente se los autorizar\u00e1. Tambi\u00e9n debemos hacer una aclaraci\u00f3n<strong>, como ellos van a competir por una carrera y nosotros estamos en la etapa de definici\u00f3n, se podr\u00e1 competir pero no sumar los puntos<\/strong>\u00ab, dijo y gener\u00f3 el aplauso masivo de la gente que se acerc\u00f3 hasta Tecn\u00f3polis.<\/p>\n<\/div>\n<div class=\"sc-7ce6049-0 dwIKul\">\n<div class=\"sc-7ce6049-1 bdcBBS videoText\" id=\"contentTitleundefined86Acy6lw\" readability=\"56\"><svg fill=\"#ffffff\"><symbol id=\"play\" viewBox=\"0 0 512 512\"><path d=\"M512 256C512 397.4 397.4 512 256 512C114.6 512 0 397.4 0 256C0 114.6 114.6 0 256 0C397.4 0 512 114.6 512 256zM176 168V344C176 352.7 180.7 360.7 188.3 364.9C195.8 369.2 205.1 369 212.5 364.5L356.5 276.5C363.6 272.1 368 264.4 368 256C368 247.6 363.6 239.9 356.5 235.5L212.5 147.5C205.1 142.1 195.8 142.8 188.3 147.1C180.7 151.3 176 159.3 176 168V168z\" \/><\/symbol><use xlink:href=\"#play\" \/><\/svg><\/p>\n<div class=\"right\" readability=\"7\">\n<p>Agust\u00edn Canapino<!-- --> &#8211;<!-- --> <span>28-7-2023<\/span><\/p>\n<h2 class=\"title-vid\">Mazzacane confirm\u00f3 que pasar\u00e1 con los pilotos de IndyCar<\/h2>\n<\/div>\n<\/div>\n<p><span class=\"back\" id=\"spanBackundefined86Acy6lw\"><\/span><\/div>\n<div class=\"sc-e7b891c4-0 jPbnQF\"><img alt=\"Canapino palpita su regreso al TC. \" src=\"http:\/\/nuevacordoba.net\/wp-content\/uploads\/2023\/07\/los-pilotos-de-indycar-que-se-candidatearon-para-correr-en-el-tc-1.jpg\" width=\"720\" height=\"100\" decoding=\"async\" data-nimg=\"future\" loading=\"lazy\"><span class=\"epigraphe\">Canapino palpita su regreso al TC. <\/span><\/div>\n<p><h2>El otro piloto que brome\u00f3 con sumarse<\/h2>\n<\/p>\n<div class=\"custom-text \" readability=\"41\">\n<p><strong>Max Papis<\/strong>, corredor italiano de 53 a\u00f1os que particip\u00f3 de la F1 y del WEC, public\u00f3 un tuit en el que brome\u00f3 con \u00abestar disponible\u00bb. Asimismo, agreg\u00f3 que no est\u00e1 retirado, sino que est\u00e1 viejo pero que es oro. En tanto, Canapino cit\u00f3 su mensaje, se lo tom\u00f3 con gracia y aseguro: \u00ab\u00a1Ahora necesitamos dos autos!\u00bb.<\/p>\n<\/div>\n<div class=\"sc-a7166897-0 exHLBh\" readability=\"6\">\n<section readability=\"2\"><picture><img alt=\"Agust\u00edn Canapino vuelve al TC en Buenos Aires\" src=\"http:\/\/nuevacordoba.net\/wp-content\/uploads\/2023\/07\/los-pilotos-de-indycar-que-se-candidatearon-para-correr-en-el-tc-2.jpg\" width=\"290\" height=\"290\" decoding=\"async\" data-nimg=\"future\" loading=\"lazy\"><\/picture>\n<p><span>Mir\u00e1 tambi\u00e9n<\/span><\/p>\n<hr>\n<h3>Agust\u00edn Canapino vuelve al TC en Buenos Aires<\/h3>\n<\/p>\n<\/section>\n<\/div>\n<div class=\"sc-a7166897-0 exHLBh\" readability=\"6\">\n<section readability=\"2\"><picture><img alt=\"Video: Canapino golpe\u00f3 su auto contra los muros de Iowa\" src=\"http:\/\/nuevacordoba.net\/wp-content\/uploads\/2023\/07\/los-pilotos-de-indycar-que-se-candidatearon-para-correr-en-el-tc-3.jpg\" width=\"290\" height=\"290\" decoding=\"async\" data-nimg=\"future\" loading=\"lazy\"><\/picture>\n<p><span>Mir\u00e1 tambi\u00e9n<\/span><\/p>\n<hr>\n<h3>Video: Canapino golpe\u00f3 su auto contra los muros de Iowa<\/h3>\n<\/p>\n<\/section>\n<\/div>\n<div class=\"sc-a7166897-0 exHLBh\" readability=\"6\">\n<section readability=\"2\"><picture><img alt=\"Canapino cerr\u00f3 una buena actuaci\u00f3n en el \u00f3valo de Iowa\" src=\"http:\/\/nuevacordoba.net\/wp-content\/uploads\/2023\/07\/los-pilotos-de-indycar-que-se-candidatearon-para-correr-en-el-tc-4.jpg\" width=\"290\" height=\"290\" decoding=\"async\" data-nimg=\"future\" loading=\"lazy\"><\/picture>\n<p><span>Mir\u00e1 tambi\u00e9n<\/span><\/p>\n<hr>\n<h3>Canapino cerr\u00f3 una buena actuaci\u00f3n en el \u00f3valo de Iowa<\/h3>\n<\/p>\n<\/section>\n<\/div>\n<\/div>\n","protected":false},"excerpt":{"rendered":"<p>28\/07\/2023 17:37hs. Actualizado al 28\/07\/2023 19:59hs. Recientemente se confirm\u00f3 el regreso de Agust\u00edn Canapino al Turismo Carretera. El piloto de Juncos Hollinger Racing disputar\u00e1 la \u00faltima fecha de la etapa regular en el Aut\u00f3dromo de Buenos Aires como piloto invitado y, adem\u00e1s, se sumar\u00e1 a las cinco jornadas de la Copa de Oro. Tras su [&hellip;]<\/p>\n","protected":false},"author":1,"featured_media":34865,"comment_status":"closed","ping_status":"closed","sticky":false,"template":"","format":"standard","meta":[],"categories":[10],"tags":[],"_links":{"self":[{"href":"http:\/\/nuevacordoba.net\/index.php\/wp-json\/wp\/v2\/posts\/34864"}],"collection":[{"href":"http:\/\/nuevacordoba.net\/index.php\/wp-json\/wp\/v2\/posts"}],"about":[{"href":"http:\/\/nuevacordoba.net\/index.php\/wp-json\/wp\/v2\/types\/post"}],"author":[{"embeddable":true,"href":"http:\/\/nuevacordoba.net\/index.php\/wp-json\/wp\/v2\/users\/1"}],"replies":[{"embeddable":true,"href":"http:\/\/nuevacordoba.net\/index.php\/wp-json\/wp\/v2\/comments?post=34864"}],"version-history":[{"count":0,"href":"http:\/\/nuevacordoba.net\/index.php\/wp-json\/wp\/v2\/posts\/34864\/revisions"}],"wp:featuredmedia":[{"embeddable":true,"href":"http:\/\/nuevacordoba.net\/index.php\/wp-json\/wp\/v2\/media\/34865"}],"wp:attachment":[{"href":"http:\/\/nuevacordoba.net\/index.php\/wp-json\/wp\/v2\/media?parent=34864"}],"wp:term":[{"taxonomy":"category","embeddable":true,"href":"http:\/\/nuevacordoba.net\/index.php\/wp-json\/wp\/v2\/categories?post=34864"},{"taxonomy":"post_tag","embeddable":true,"href":"http:\/\/nuevacordoba.net\/index.php\/wp-json\/wp\/v2\/tags?post=34864"}],"curies":[{"name":"wp","href":"https:\/\/api.w.org\/{rel}","templated":true}]}}