{"id":34908,"date":"2023-07-28T15:09:05","date_gmt":"2023-07-28T15:09:05","guid":{"rendered":"https:\/\/es.digitaltrends.com\/?p=996470"},"modified":"2023-07-28T15:09:05","modified_gmt":"2023-07-28T15:09:05","slug":"los-premios-emmy-se-aplazan-debido-a-la-huelga-de-sag-aftra","status":"publish","type":"post","link":"http:\/\/nuevacordoba.net\/index.php\/2023\/07\/28\/los-premios-emmy-se-aplazan-debido-a-la-huelga-de-sag-aftra\/","title":{"rendered":"Los Premios Emmy se aplazan debido a la huelga de SAG-AFTRA"},"content":{"rendered":"<p>La extensa <a href=\"https:\/\/es.digitaltrends.com\/entretenimiento\/bryan-cranston-huelga-ia-robots\/\"><strong>huelga de guionistas y actores del SAG-AFTRA<\/strong><\/a>, est\u00e1 poniendo en riesgo la realizaci\u00f3n de la versi\u00f3n 75 de estos Premios Emmy 2023 que tiene fecha original este 18 de septiembre.<\/p>\n<p><a href=\"https:\/\/variety.com\/2023\/tv\/news\/emmys-airdate-actors-writers-strike-1235681067\/\">Seg\u00fan un informe de&nbsp;<em>Variety<\/em><\/a>, los vendedores, productores y otros involucrados en la ceremonia han sido notificados de que la fecha se ha retrasado en medio de las huelgas de Hollywood.<\/p>\n<p>La Academia de Televisi\u00f3n a\u00fan no ha confirmado que los Emmy se hayan retrasado.<\/p>\n<figure class=\"alignnone\"><img src=\"http:\/\/nuevacordoba.net\/wp-content\/uploads\/2023\/07\/los-premios-emmy-se-aplazan-debido-a-la-huelga-de-sag-aftra.gif\" data-dt-lazy-src=\"https:\/\/es.digitaltrends.com\/wp-content\/uploads\/2023\/07\/Captura-web_28-7-2023_1185_1.bp_.blogspot.com_.jpeg?fit=720%2C283&amp;p=1\" onerror=\"dti_load_error(this)\" decoding=\"async\" class=\" size-large wp-image-996474 h-lightbox is-zoomable dt-lazy-load dt-lazy-pending\" alt><\/figure>\n<p>\u00abAl igual que el resto de la industria, esperamos que haya una resoluci\u00f3n equitativa y oportuna para todas las partes en las actuales negociaciones del gremio\u00bb, dijo la Academia de Televisi\u00f3n&nbsp;<a href=\"https:\/\/deadline.com\/2023\/07\/emmys-final-voting-dates-tv-academy-january-2023-telecast-delayed-strikes-1235445059\/\">en un comunicado a&nbsp;<em>Deadline<\/em>&nbsp;la semana pasada<\/a>. \u00abContinuamos monitoreando la situaci\u00f3n de cerca con nuestros socios en Fox y asesoraremos si hay una actualizaci\u00f3n disponible y cu\u00e1ndo\u00bb.<\/p>\n<p>Esta es la primera vez que la ceremonia de los Premios Emmy se retrasa desde 2001. En ese momento, la Academia de Televisi\u00f3n opt\u00f3 por posponer el evento hasta noviembre debido a los ataques del 11 de septiembre.<\/p>\n<h4 class=\"b-editors-recs-title h-editors-recs-title\"> Recomendaciones del editor<\/h4>\n<p> <span id=\"publisher-md\" itemprop=\"publisher\" itemscope itemtype=\"https:\/\/schema.org\/Organization\"> <span itemprop=\"url\" itemtype=\"https:\/\/schema.org\/Url\" content=\"https:\/\/es.digitaltrends.com\"> <span itemprop=\"logo\" itemscope itemtype=\"https:\/\/schema.org\/ImageObject\"> <meta itemprop=\"url\" content=\"https:\/\/cdn.dtcn.com\/dt\/dt-logo-small.png\"> <meta itemprop=\"width\" content=\"0\"> <meta itemprop=\"height\" content=\"0\"> <\/span> <meta itemprop=\"name\" content=\"Digital Trends Espa\u00f1ol\"> <\/span> <span itemprop=\"image\" itemscope itemtype=\"https:\/\/schema.org\/ImageObject\"> <meta itemprop=\"url\" content=\"https:\/\/es.digitaltrends.com\/wp-content\/uploads\/2023\/07\/Captura-web_28-7-2023_1185_1.bp_.blogspot.com_.jpeg?p=1\"> <\/span> <\/span> <\/p>\n","protected":false},"excerpt":{"rendered":"<p>La extensa huelga de guionistas y actores del SAG-AFTRA, est\u00e1 poniendo en riesgo la realizaci\u00f3n de la versi\u00f3n 75 de estos Premios Emmy 2023 que tiene fecha original este 18 de septiembre. Seg\u00fan un informe de&nbsp;Variety, los vendedores, productores y otros involucrados en la ceremonia han sido notificados de que la fecha se ha retrasado [&hellip;]<\/p>\n","protected":false},"author":1,"featured_media":34909,"comment_status":"open","ping_status":"closed","sticky":false,"template":"","format":"standard","meta":[],"categories":[7],"tags":[],"_links":{"self":[{"href":"http:\/\/nuevacordoba.net\/index.php\/wp-json\/wp\/v2\/posts\/34908"}],"collection":[{"href":"http:\/\/nuevacordoba.net\/index.php\/wp-json\/wp\/v2\/posts"}],"about":[{"href":"http:\/\/nuevacordoba.net\/index.php\/wp-json\/wp\/v2\/types\/post"}],"author":[{"embeddable":true,"href":"http:\/\/nuevacordoba.net\/index.php\/wp-json\/wp\/v2\/users\/1"}],"replies":[{"embeddable":true,"href":"http:\/\/nuevacordoba.net\/index.php\/wp-json\/wp\/v2\/comments?post=34908"}],"version-history":[{"count":0,"href":"http:\/\/nuevacordoba.net\/index.php\/wp-json\/wp\/v2\/posts\/34908\/revisions"}],"wp:featuredmedia":[{"embeddable":true,"href":"http:\/\/nuevacordoba.net\/index.php\/wp-json\/wp\/v2\/media\/34909"}],"wp:attachment":[{"href":"http:\/\/nuevacordoba.net\/index.php\/wp-json\/wp\/v2\/media?parent=34908"}],"wp:term":[{"taxonomy":"category","embeddable":true,"href":"http:\/\/nuevacordoba.net\/index.php\/wp-json\/wp\/v2\/categories?post=34908"},{"taxonomy":"post_tag","embeddable":true,"href":"http:\/\/nuevacordoba.net\/index.php\/wp-json\/wp\/v2\/tags?post=34908"}],"curies":[{"name":"wp","href":"https:\/\/api.w.org\/{rel}","templated":true}]}}