{"id":34984,"date":"2023-08-01T03:04:10","date_gmt":"2023-08-01T03:04:10","guid":{"rendered":"https:\/\/puntoapunto.com.ar\/?p=348899"},"modified":"2023-08-01T03:04:10","modified_gmt":"2023-08-01T03:04:10","slug":"economia-y-elecciones-que-desafios-ven-los-empresarios-en-la-macro","status":"publish","type":"post","link":"http:\/\/nuevacordoba.net\/index.php\/2023\/08\/01\/economia-y-elecciones-que-desafios-ven-los-empresarios-en-la-macro\/","title":{"rendered":"Econom\u00eda y elecciones: qu\u00e9 desaf\u00edos ven los empresarios en la macro"},"content":{"rendered":"<div class=\"g g-36\">\n<div class=\"g-dyn a-12 c-1\"><a class=\"gofollow\" data-track=\"MTIsMzYsMSw2MA==\" href=\"https:\/\/hospitalprivado.com.ar\/landing-trasplante.html\" target=\"_blank\" rel=\"noopener\"><img class=\"lazyload\" src=\"http:\/\/nuevacordoba.net\/wp-content\/uploads\/2023\/08\/economia-y-elecciones-que-desafios-ven-los-empresarios-en-la-macro.png\"><\/a><\/div>\n<\/div>\n<p>M\u00e1s all\u00e1 de cu\u00e1l sea el escenario pol\u00edtico de la Argentina post elecciones presidenciales de octubre, <strong>la mayor\u00eda de los empresarios locales&nbsp;sigue manteniendo casi la misma agenda de preocupaciones<\/strong>&nbsp;con relaci\u00f3n a la econom\u00eda del pa\u00eds y a sus negocios para los pr\u00f3ximos 12 meses.\n<\/p>\n<p>En este sentido, el principal problema de negocios que advierten los ejecutivos en la actualidad&nbsp;<strong>es la incertidumbre econ\u00f3mica<\/strong>&nbsp;que deriva de preocupaciones por la econom\u00eda local o internacional y las finanzas p\u00fablicas, entre otros aspectos.\n<\/p>\n<p>La segunda inc\u00f3gnita a futuro tiene que ver con el personal. Es decir, con<a href=\"https:\/\/puntoapunto.com.ar\/radiografia-del-mercado-laboral-perspectivas-y-estrategias-para-retener-talentos\/\" target=\"_blank\" rel=\"noopener\">&nbsp;<strong>encontrar, contratar, retener y capacitar trabajadores<\/strong><\/a>, mientras que el tercer problema se refiere a temas financieros como el cr\u00e9dito, flujo de caja y rentabilidad.\n<\/p>\n<p>Los mayores costos derivados de&nbsp;<strong>servicios como la energ\u00eda o de aumento de la materia prima&nbsp;<\/strong>y suba de salarios figura en el cuarto puesto como preocupaci\u00f3n para el 2024, as\u00ed como los posibles escenarios de crecimiento demasiado lento o demasiado r\u00e1pido.\n<\/p>\n<p>Los datos figuran en el llamado <a href=\"https:\/\/vistage.com.ar\/wp-content\/uploads\/2023\/07\/Vistage_Indice-Confianza_Q2.pdf\" target=\"_blank\" rel=\"noopener\"><strong>\u00abInforme de Confianza Q2 2023\u00bb<\/strong><\/a>, elaborado en base a las opiniones de<strong>&nbsp;casi 300 empresarios locales<\/strong>&nbsp;y que se resumen en el <a href=\"https:\/\/vistage.com.ar\/\" target=\"_blank\" rel=\"noopener\">\u00cdndice de Confianza Vistage<\/a>.<\/p>\n<p>Se trata de una encuesta que naci\u00f3 en Estados Unidos y que se posicion\u00f3 como el \u00fanico y mayor informe general de las proyecciones de CEOs y l\u00edderes de peque\u00f1as y medianas empresas en ese pa\u00eds.\n<\/p>\n<p>En Argentina, comenz\u00f3 a realizarse en el 2006 y, desde entonces, Vistage consulta trimestralmente a los altos ejecutivos para conocer sus proyecciones y confianza en los negocios.\n<\/p>\n<p><strong>Elecciones, econom\u00eda y empresas<\/strong>\n<\/p>\n<p>En este \u00faltimo caso, el informe est\u00e1 te\u00f1ido de pol\u00edtica derivada de la cercan\u00eda de los comicios nacionales. De hecho, una de las principales preguntas que los empresarios debieron responder tiene que ver con&nbsp;<strong>las expectativas que tienen para la marcha de la econom\u00eda en 2024<\/strong>, a partir de las propuestas de los principales pre candidatos a presidentes.\n<\/p>\n<p>En este sentido, el 46% de los consultados se mostr\u00f3 m\u00e1s optimista, aunque&nbsp;existe otro 54% que refleja mayor pesimismo o se mantiene igual en su percepci\u00f3n.\n<\/p>\n<p><img loading=\"lazy\" decoding=\"async\" alt width=\"1024\" height=\"344\" data-sizes=\"(max-width: 1024px) 100vw, 1024px\" class=\"aligncenter wp-image-348901 size-large lazyload\" src=\"http:\/\/nuevacordoba.net\/wp-content\/uploads\/2023\/08\/economia-y-elecciones-que-desafios-ven-los-empresarios-en-la-macro.jpg\" srcset=\"http:\/\/nuevacordoba.net\/wp-content\/uploads\/2023\/08\/economia-y-elecciones-que-desafios-ven-los-empresarios-en-la-macro.jpg 1024w, http:\/\/nuevacordoba.net\/wp-content\/uploads\/2023\/08\/economia-y-elecciones-que-desafios-ven-los-empresarios-en-la-macro-1.jpg 300w, http:\/\/nuevacordoba.net\/wp-content\/uploads\/2023\/08\/economia-y-elecciones-que-desafios-ven-los-empresarios-en-la-macro-2.jpg 768w, http:\/\/nuevacordoba.net\/wp-content\/uploads\/2023\/08\/economia-y-elecciones-que-desafios-ven-los-empresarios-en-la-macro-3.jpg 750w, http:\/\/nuevacordoba.net\/wp-content\/uploads\/2023\/08\/economia-y-elecciones-que-desafios-ven-los-empresarios-en-la-macro-4.jpg 1140w, http:\/\/nuevacordoba.net\/wp-content\/uploads\/2023\/08\/economia-y-elecciones-que-desafios-ven-los-empresarios-en-la-macro-5.jpg 1280w\">\n<\/p>\n<p>En cuanto a c\u00f3mo se preparan las empresas para ingresar al per\u00edodo desde el punto de vista patrimonial,&nbsp;<strong>un 44% admiti\u00f3 contar con un mix de pesos y d\u00f3lares<\/strong>; otro 5% en pesos ajustados por CER; un 4% en plazo fijo y el 47% no tuvo pruritos a la hora de reconocer que se encuentran dolarizados.\n<\/p>\n<p>Es que el 52% de quienes respondieron a la encuesta de Vistage aseguraron que&nbsp;<strong>la econom\u00eda local empeorar\u00e1 en los pr\u00f3ximos 12 meses<\/strong>, contra un 33% que se mantendr\u00e1 como en la actualidad y s\u00f3lo un 15% que mejorar\u00e1.\n<\/p>\n<p>De hecho&nbsp;estiman una inflaci\u00f3n del 127%&nbsp;y un tipo de cambio oficial de $457 por d\u00f3lar,&nbsp;escenario que deriva en que un 57% de las empresas no piense en realizar nuevas inversiones y otro 19% admita que las reducir\u00e1 mientras que un 24% analiza alg\u00fan tipo de incremento.\n<\/p>\n<p><strong>Empresarios anticipan menores ganancias<\/strong>\n<\/p>\n<p>A partir de la percepci\u00f3n negativa sobre los n\u00fameros macro, los CEOs locales entienden que&nbsp;<strong>la rentabilidad de sus compa\u00f1\u00edas se mantendr\u00e1 igual o disminuir\u00e1<\/strong>&nbsp;(39% y 42% respectivamente), contra un 19% de optimistas.\n<\/p>\n<p>Lo mismo ocurre con el volumen de unidades vendidas durante el pr\u00f3ximo a\u00f1o ya que un 37% augura que se mantendr\u00e1n en los niveles actuales; un 28% que disminuir\u00e1n y un 35% que aumentar\u00e1n.\n<\/p>\n<p>Con respecto a la inversi\u00f3n en activos fijos en para los pr\u00f3ximos 12 meses el \u00cdndice Vistage refleja tambi\u00e9n un cierto pesimismo en el sector empresario, ya que&nbsp;<strong>un 57% sostuvo que se mantendr\u00e1 igual;<\/strong> un 19% que se reducir\u00e1 y otro 24% que aumentar\u00e1.\n<\/p>\n<p>Los porcentajes son similares a la hora de analizar cu\u00e1l ser\u00e1 el comportamiento del mercado laboral si se analiza que el 55% de los consultados asegura que su fuerza de trabajo se mantendr\u00e1 como hasta ahora; un 11% que ser\u00e1 menor y otro 34% que ser\u00e1 mayor.\n<\/p>\n<p><strong>Para las empresas, la inflaci\u00f3n no ceder\u00e1<\/strong>\n<\/p>\n<p>\u00ab\u00bfC\u00f3mo cree que se comportar\u00e1n los precios de los productos\/servicios que comercializa en los pr\u00f3ximos 12 meses?\u00bb fue otra de las preguntas que debieron responder los hombres de negocios.&nbsp;Seguramente influenciados por la disparada de la inflaci\u00f3n y la imposibilidad mostrada por el actual gobierno para controlarla,&nbsp;<strong>un 76% argument\u00f3 que aumentar\u00e1n;<\/strong>&nbsp;un 16% que se mantendr\u00e1n iguales y solamente un 8% que disminuir\u00e1n.\n<\/p>\n<div id=\"inread\" class=\"ad-slot\" data-adtype=\"sizes\" data-sizes=\"640x90,320x50,320x100,300x100,300x50\" data-refresh=\"20\" data-lazyload=\"0\" data-adzonerun=\"1\" data-google-query-id=\"CJ-sjoTKuYADFZFPuAQdVMUK0g\" readability=\"11\">\n<p>Este escenario deriva en que, a la hora de analizar c\u00f3mo se comportar\u00e1 la facturaci\u00f3n de las empresas en los pr\u00f3ximos 12 meses,&nbsp;<strong>el 51% de los ejecutivos considera que aumentar\u00e1; un 32% que se mantendr\u00e1 igual y un 17% que disminuir\u00e1.<\/strong>\n<\/p>\n<\/div>\n","protected":false},"excerpt":{"rendered":"<p>M\u00e1s all\u00e1 de cu\u00e1l sea el escenario pol\u00edtico de la Argentina post elecciones presidenciales de octubre, la mayor\u00eda de los empresarios locales&nbsp;sigue manteniendo casi la misma agenda de preocupaciones&nbsp;con relaci\u00f3n a la econom\u00eda del pa\u00eds y a sus negocios para los pr\u00f3ximos 12 meses. En este sentido, el principal problema de negocios que advierten los [&hellip;]<\/p>\n","protected":false},"author":1,"featured_media":34985,"comment_status":"open","ping_status":"closed","sticky":false,"template":"","format":"standard","meta":[],"categories":[14],"tags":[],"_links":{"self":[{"href":"http:\/\/nuevacordoba.net\/index.php\/wp-json\/wp\/v2\/posts\/34984"}],"collection":[{"href":"http:\/\/nuevacordoba.net\/index.php\/wp-json\/wp\/v2\/posts"}],"about":[{"href":"http:\/\/nuevacordoba.net\/index.php\/wp-json\/wp\/v2\/types\/post"}],"author":[{"embeddable":true,"href":"http:\/\/nuevacordoba.net\/index.php\/wp-json\/wp\/v2\/users\/1"}],"replies":[{"embeddable":true,"href":"http:\/\/nuevacordoba.net\/index.php\/wp-json\/wp\/v2\/comments?post=34984"}],"version-history":[{"count":0,"href":"http:\/\/nuevacordoba.net\/index.php\/wp-json\/wp\/v2\/posts\/34984\/revisions"}],"wp:featuredmedia":[{"embeddable":true,"href":"http:\/\/nuevacordoba.net\/index.php\/wp-json\/wp\/v2\/media\/34985"}],"wp:attachment":[{"href":"http:\/\/nuevacordoba.net\/index.php\/wp-json\/wp\/v2\/media?parent=34984"}],"wp:term":[{"taxonomy":"category","embeddable":true,"href":"http:\/\/nuevacordoba.net\/index.php\/wp-json\/wp\/v2\/categories?post=34984"},{"taxonomy":"post_tag","embeddable":true,"href":"http:\/\/nuevacordoba.net\/index.php\/wp-json\/wp\/v2\/tags?post=34984"}],"curies":[{"name":"wp","href":"https:\/\/api.w.org\/{rel}","templated":true}]}}