{"id":34994,"date":"2023-08-01T13:14:20","date_gmt":"2023-08-01T13:14:20","guid":{"rendered":"https:\/\/cordoba.gob.ar\/?p=49395"},"modified":"2023-08-01T13:14:20","modified_gmt":"2023-08-01T13:14:20","slug":"vacaciones-de-invierno-cordoba-capital-sigue-siendo-la-elegida-por-los-turistas","status":"publish","type":"post","link":"http:\/\/nuevacordoba.net\/index.php\/2023\/08\/01\/vacaciones-de-invierno-cordoba-capital-sigue-siendo-la-elegida-por-los-turistas\/","title":{"rendered":"Vacaciones de invierno: C\u00f3rdoba capital sigue siendo la elegida por los turistas"},"content":{"rendered":"<div><img src=\"http:\/\/nuevacordoba.net\/wp-content\/uploads\/2023\/08\/vacaciones-de-invierno-cordoba-capital-sigue-siendo-la-elegida-por-los-turistas.jpg\" class=\"ff-og-image-inserted\"><\/div>\n<hr>\n<p>Seg\u00fan datos proporcionados por el Observatorio Tur\u00edstico Municipal, la capital provincial registr\u00f3 sostenidos \u00edndices de ocupaci\u00f3n durante las tres semanas de vacaciones, con picos que llegaron al 77%. Los datos son satisfactorios si se tienen en cuenta tambi\u00e9n la particularidad de este nuevo per\u00edodo, que encuentra a la ciudad con m\u00e1s hoteles abiertos.<\/p>\n<p>Al respecto, el Secretario de Gobierno y Gesti\u00f3n General de Gabinete, Miguel Siciliano afirm\u00f3: <em>\u201cC\u00f3rdoba Capital una vez m\u00e1s demuestra que se sigue consolidando como la capital del turismo del interior del pa\u00eds, gracias al trabajo mancomunado de Municipio, Provincia y Sector Privado. Los miles de ciudadanos recorriendo y visitando nuestra ciudad hacen que se mueva la econom\u00eda local, y esa es una prioridad que siempre nos planteamos en la gesti\u00f3n. Porque una ciudad tur\u00edstica es una ciudad que genera empleo\u201d<\/em>.<\/p>\n<p>En la primera semana, desarrollada del 10 al 16 de julio, los \u00edndices llegaron al 77% en los establecimientos de 1 estrella, y un 75% entre los hoteles de 4 estrellas, alcanzando un promedio superior al 72%.<\/p>\n<p>Durante el segundo tramo del receso invernal, el r\u00e9cord se mantuvo, con niveles que treparon por encima del 70% en los alojamientos de 1, 3 estrellas, hostels y aparts hotel, con un promedio de pernoctaci\u00f3n de 2 noches. Por su parte, en la tercera semana se registraron picos del 71%, en los hoteles de 2 estrellas.<\/p>\n<p>Es importante resaltar que al buen movimiento que tuvieron los establecimientos hoteleros se le suman las personas que arriban a la ciudad por el d\u00eda, o se hospedan en casas de familias.<\/p>\n<p>En ese sentido, el Director de Turismo y Promoci\u00f3n, Pancho Marchiaro resalt\u00f3 que los alentadores \u00edndices de ocupaci\u00f3n demuestran que <em>\u201cestamos viviendo el triunfo del turismo en la ciudad de C\u00f3rdoba con un r\u00e9cord hist\u00f3rico que sostiene la tendencia del a\u00f1o pasado. Este es el mejor a\u00f1o del turismo y se empiezan a ver los resultados del trabajo en conjunto con el sector privado\u201d<\/em>.<\/p>\n<p>Consultado sobre el resumen de la temporada, Guillermo Natal\u00ed, referente gastron\u00f3mico y presidente de la C\u00e1mara Gastron\u00f3mica de C\u00f3rdoba destac\u00f3 que <em>\u201cdesde los primeros y hasta los \u00faltimos d\u00edas de julio tuvimos turismo, con picos de mayor intensidad, pero con un flujo constante de gente, con la presencia de turistas de otras provincias e incluso extranjeros. Esta temporada puede catalogarse como exitosa\u201d<\/em>.<\/p>\n<p>En cuanto a las procedencias, los principales turistas fueron argentinos, provenientes de las provincias de Buenos Aires, Mendoza, CABA, Santa Fe y del interior provincial.<\/p>\n<p>Tambi\u00e9n, respecto al movimiento tur\u00edstico, el empresario Ramiro Rodriguez, propietario de Hotel Azur afirm\u00f3 haber tenido una temporada muy buena <em>\u201ctanto en t\u00e9rminos de ocupaci\u00f3n del hotel, como as\u00ed tambi\u00e9n para nuestras propuestas de spa y gastronom\u00eda, observamos que la ocupaci\u00f3n y el movimiento se dieron durante los fines de semana, y se mantuvieron de manera continua durante los d\u00edas de semana\u201d<\/em>.<\/p>\n","protected":false},"excerpt":{"rendered":"<p>Seg\u00fan datos proporcionados por el Observatorio Tur\u00edstico Municipal, la capital provincial registr\u00f3 sostenidos \u00edndices de ocupaci\u00f3n durante las tres semanas de vacaciones, con picos que llegaron al 77%. Los datos son satisfactorios si se tienen en cuenta tambi\u00e9n la particularidad de este nuevo per\u00edodo, que encuentra a la ciudad con m\u00e1s hoteles abiertos. Al respecto, [&hellip;]<\/p>\n","protected":false},"author":1,"featured_media":34995,"comment_status":"closed","ping_status":"closed","sticky":false,"template":"","format":"standard","meta":[],"categories":[14],"tags":[],"_links":{"self":[{"href":"http:\/\/nuevacordoba.net\/index.php\/wp-json\/wp\/v2\/posts\/34994"}],"collection":[{"href":"http:\/\/nuevacordoba.net\/index.php\/wp-json\/wp\/v2\/posts"}],"about":[{"href":"http:\/\/nuevacordoba.net\/index.php\/wp-json\/wp\/v2\/types\/post"}],"author":[{"embeddable":true,"href":"http:\/\/nuevacordoba.net\/index.php\/wp-json\/wp\/v2\/users\/1"}],"replies":[{"embeddable":true,"href":"http:\/\/nuevacordoba.net\/index.php\/wp-json\/wp\/v2\/comments?post=34994"}],"version-history":[{"count":0,"href":"http:\/\/nuevacordoba.net\/index.php\/wp-json\/wp\/v2\/posts\/34994\/revisions"}],"wp:featuredmedia":[{"embeddable":true,"href":"http:\/\/nuevacordoba.net\/index.php\/wp-json\/wp\/v2\/media\/34995"}],"wp:attachment":[{"href":"http:\/\/nuevacordoba.net\/index.php\/wp-json\/wp\/v2\/media?parent=34994"}],"wp:term":[{"taxonomy":"category","embeddable":true,"href":"http:\/\/nuevacordoba.net\/index.php\/wp-json\/wp\/v2\/categories?post=34994"},{"taxonomy":"post_tag","embeddable":true,"href":"http:\/\/nuevacordoba.net\/index.php\/wp-json\/wp\/v2\/tags?post=34994"}],"curies":[{"name":"wp","href":"https:\/\/api.w.org\/{rel}","templated":true}]}}