{"id":34996,"date":"2023-08-01T17:01:12","date_gmt":"2023-08-01T17:01:12","guid":{"rendered":"https:\/\/puntoapunto.com.ar\/?p=348950"},"modified":"2023-08-01T17:01:12","modified_gmt":"2023-08-01T17:01:12","slug":"schiaretti-este-es-el-fin-de-ciclo-del-kirchnerismo-y-la-cara-del-fracaso-es-massa","status":"publish","type":"post","link":"http:\/\/nuevacordoba.net\/index.php\/2023\/08\/01\/schiaretti-este-es-el-fin-de-ciclo-del-kirchnerismo-y-la-cara-del-fracaso-es-massa\/","title":{"rendered":"Schiaretti: \u00abeste es el fin de ciclo del kirchnerismo y la cara del fracaso es Massa\u00bb"},"content":{"rendered":"<div class=\"g g-36\">\n<div class=\"g-dyn a-12 c-1\"><a class=\"gofollow\" data-track=\"MTIsMzYsMSw2MA==\" href=\"https:\/\/hospitalprivado.com.ar\/landing-trasplante.html\" target=\"_blank\" rel=\"noopener\"><img class=\"lazyload\" src=\"http:\/\/nuevacordoba.net\/wp-content\/uploads\/2023\/08\/schiaretti-este-es-el-fin-de-ciclo-del-kirchnerismo-y-la-cara-del-fracaso-es-massa.png\"><\/a><\/div>\n<\/div>\n<p>&nbsp;\n<\/p>\n<p>En la recta final de cara a las PASO del 13 de agosto el gobernador y precandidato a presidente Juan Schiaretti dialog\u00f3 con medios de C\u00f3rdoba. Se refiri\u00f3 a los aspectos medulares de su plataforma de gobierno y remarc\u00f3 que el pa\u00eds debe ir a una administraci\u00f3n federal que priorice una mirada productiva del interior.\n<\/p>\n<p>Tambi\u00e9n hizo menci\u00f3n al gobierno nacional, a la performance de Massa al frente de Econom\u00eda \u2013\u201cfracas\u00f3 como Ministro\u201d- y remarc\u00f3 que despu\u00e9s de la primera vuelta del 22 de octubre est\u00e1 dispuesto a dialogar con quien tenga una visi\u00f3n similar del rumbo que busca para el pa\u00eds.\n<\/p>\n<p>En el plano estrictamente pol\u00edtico y electoral Schiaretti dej\u00f3 algunas definiciones de peso. Entre otras cosas remarc\u00f3:\n<\/p>\n<p>\u201cLos que gobiernan el pa\u00eds miran todo desde el Amba, por eso 85% de los subsidios se quedan ah\u00ed y 15% van al resto. Esa mirada centralista que se tiene del pa\u00eds es la que hay que cambiar. Por eso nosotros planteamos que necesitamos un presidente que sea del interior y que mire todo el pa\u00eds y con federalismo\u201d.<\/p>\n<p><strong>-\u00bfLe preocupa el desembarco de Massa en C\u00f3rdoba y el apoyo de algunos dirigentes?<\/strong><br \/>-El peronismo de C\u00f3rdoba no tiene nada que ver con Massa, el peronismo de C\u00f3rdoba nunca pudo ser colonizado por el kirchnerismo, somos un peronismo federal, progresista, republicano, que respeta las instituciones. Creo que este es el final del ciclo del kirchnerismo y la cara del fracaso de este gobierno es su candidato a presidente, su ministro Massa. Hace un a\u00f1o que es ministro de Econom\u00eda, y en un a\u00f1o la inflaci\u00f3n pas\u00f3 de 65% a 140% anual, el d\u00f3lar de $240 a $550, es la prueba evidente del fracaso.\n<\/p>\n<p>No nos preocupa lo que pueda armar el kirchnerismo, nosotros fuimos los que nos plantamos ante el kirchnerismo, siempre estuvimos a la cabeza de enfrentarlos. El kirchnerismo ven\u00eda por C\u00f3rdoba y nosotros lo enfrentamos.\n<\/p>\n<p><strong>-\u00bfUsted estuvo dialogando para un armado con Horacio Rodr\u00edguez Larreta, pero si en las PASO gana Bulrrich, se sentar\u00eda a negociar con Bullrich?<br \/><\/strong>-La crisis de Argentina exige que haya un gobierno de unidad nacional y creo que de las grandes crisis se sale con acuerdos. Estamos en una situaci\u00f3n que exige eso. Esto es algo que seguramente hablaremos despu\u00e9s del 22 de octubre, hasta ah\u00ed nosotros estamos compitiendo, despu\u00e9s del 22 de octubre estamos dispuestos a aquellos que coinciden con nuestra mirada a formar un gobierno de unidad nacional. Quien va a ser el candidato de las otras fuerzas lo define la gente, pero sea quien sea el candidato de Cambiemos tenemos la disposici\u00f3n para hablar. No hay duda que la mayor afinidad hoy la tengo con el radicalismo, tienen planteos parecidos a los nuestros.\n<\/p>\n<p>Tenemos afinidad con el radicalismo, ellos lo expresaron en un documento de su Convenci\u00f3n, tambi\u00e9n con sectores del PRO y de la Coalici\u00f3n C\u00edvica. Y con infinitos sectores del peronismo no kirchnerista. Creo que es algo que se debe hablar y despu\u00e9s de la primera vuelta se puede hacer, como hicieron los uruguayos y son el sustento del gobierno de Lacalle Pou.\n<\/p>\n<p>Volviendo al concepto de la grieta cerr\u00f3: \u201cac\u00e1 lo anormal es la maldita grieta, que invent\u00f3 Cristina, Macri entr\u00f3 en la grieta porque cre\u00eda que era su negocio, fracas\u00f3, y ls argentinos estamos peor que antes. Esto que tenemos no es normal, lo normal es poder acordar, poder trabajar, poder dialogar con los que piensen distinto. Con los que quieran un pa\u00eds normal nosotros estamos dispuestos a dialogar despu\u00e9s de la primera vuelta. Esa es nuestra disposici\u00f3n\u201d. <\/p>\n","protected":false},"excerpt":{"rendered":"<p>&nbsp; En la recta final de cara a las PASO del 13 de agosto el gobernador y precandidato a presidente Juan Schiaretti dialog\u00f3 con medios de C\u00f3rdoba. Se refiri\u00f3 a los aspectos medulares de su plataforma de gobierno y remarc\u00f3 que el pa\u00eds debe ir a una administraci\u00f3n federal que priorice una mirada productiva del [&hellip;]<\/p>\n","protected":false},"author":1,"featured_media":34997,"comment_status":"open","ping_status":"closed","sticky":false,"template":"","format":"standard","meta":[],"categories":[12,14],"tags":[],"_links":{"self":[{"href":"http:\/\/nuevacordoba.net\/index.php\/wp-json\/wp\/v2\/posts\/34996"}],"collection":[{"href":"http:\/\/nuevacordoba.net\/index.php\/wp-json\/wp\/v2\/posts"}],"about":[{"href":"http:\/\/nuevacordoba.net\/index.php\/wp-json\/wp\/v2\/types\/post"}],"author":[{"embeddable":true,"href":"http:\/\/nuevacordoba.net\/index.php\/wp-json\/wp\/v2\/users\/1"}],"replies":[{"embeddable":true,"href":"http:\/\/nuevacordoba.net\/index.php\/wp-json\/wp\/v2\/comments?post=34996"}],"version-history":[{"count":0,"href":"http:\/\/nuevacordoba.net\/index.php\/wp-json\/wp\/v2\/posts\/34996\/revisions"}],"wp:featuredmedia":[{"embeddable":true,"href":"http:\/\/nuevacordoba.net\/index.php\/wp-json\/wp\/v2\/media\/34997"}],"wp:attachment":[{"href":"http:\/\/nuevacordoba.net\/index.php\/wp-json\/wp\/v2\/media?parent=34996"}],"wp:term":[{"taxonomy":"category","embeddable":true,"href":"http:\/\/nuevacordoba.net\/index.php\/wp-json\/wp\/v2\/categories?post=34996"},{"taxonomy":"post_tag","embeddable":true,"href":"http:\/\/nuevacordoba.net\/index.php\/wp-json\/wp\/v2\/tags?post=34996"}],"curies":[{"name":"wp","href":"https:\/\/api.w.org\/{rel}","templated":true}]}}