{"id":34998,"date":"2023-08-01T18:06:23","date_gmt":"2023-08-01T18:06:23","guid":{"rendered":"https:\/\/www.bbc.com\/mundo\/articles\/ckk9vx192k5o"},"modified":"2023-08-01T18:06:23","modified_gmt":"2023-08-01T18:06:23","slug":"naufus-ramirez-figueroa-el-reconocido-artista-que-llora-con-una-manta-a-su-hermano-de-2-anos-muerto-en-la-guerra-civil-de-guatemala","status":"publish","type":"post","link":"http:\/\/nuevacordoba.net\/index.php\/2023\/08\/01\/naufus-ramirez-figueroa-el-reconocido-artista-que-llora-con-una-manta-a-su-hermano-de-2-anos-muerto-en-la-guerra-civil-de-guatemala\/","title":{"rendered":"Naufus Ram\u00edrez-Figueroa, el reconocido artista que llora con una manta a su hermano de 2 a\u00f1os muerto en la guerra civil de Guatemala"},"content":{"rendered":"<div dir=\"ltr\" class=\"bbc-1ka88fa ebmt73l0\">\n<figure class=\"bbc-1qdcvv9 e1aczekt0\">\n<div dir=\"ltr\" class=\"bbc-172p16q ebmt73l0\">\n<div dir=\"ltr\" class=\"bbc-189y18v ebmt73l0\" readability=\"6.5\">\n<div data-e2e=\"image-placeholder\" class=\"bbc-997y1y eihqrxw0\" readability=\"8\"><img loading=\"lazy\" sizes=\"(min-width: 1008px) 760px, 100vw\" srcset=\"http:\/\/nuevacordoba.net\/wp-content\/uploads\/2023\/08\/naufus-ramirez-figueroa-el-reconocido-artista-que-llora-con-una-manta-a-su-hermano-de-2-anos-muerto-en-la-guerra-civil-de-guatemala-6.jpg 240w, http:\/\/nuevacordoba.net\/wp-content\/uploads\/2023\/08\/naufus-ramirez-figueroa-el-reconocido-artista-que-llora-con-una-manta-a-su-hermano-de-2-anos-muerto-en-la-guerra-civil-de-guatemala-7.jpg 320w, http:\/\/nuevacordoba.net\/wp-content\/uploads\/2023\/08\/naufus-ramirez-figueroa-el-reconocido-artista-que-llora-con-una-manta-a-su-hermano-de-2-anos-muerto-en-la-guerra-civil-de-guatemala-8.jpg 480w, http:\/\/nuevacordoba.net\/wp-content\/uploads\/2023\/08\/naufus-ramirez-figueroa-el-reconocido-artista-que-llora-con-una-manta-a-su-hermano-de-2-anos-muerto-en-la-guerra-civil-de-guatemala-9.jpg 624w, http:\/\/nuevacordoba.net\/wp-content\/uploads\/2023\/08\/naufus-ramirez-figueroa-el-reconocido-artista-que-llora-con-una-manta-a-su-hermano-de-2-anos-muerto-en-la-guerra-civil-de-guatemala-10.jpg 800w\" src=\"http:\/\/nuevacordoba.net\/wp-content\/uploads\/2023\/08\/naufus-ramirez-figueroa-el-reconocido-artista-que-llora-con-una-manta-a-su-hermano-de-2-anos-muerto-en-la-guerra-civil-de-guatemala.jpg\" alt=\"Naufus sostienen una manta con hielo dentro.\" width=\"1200\" height=\"675\" class=\"e3vrtyk0 bbc-rb7xa0 e1mo64ex0\"><\/p>\n<p role=\"text\" class=\"bbc-1s1cxbv ewbcsnk0\"><span class=\"bbc-m04vo2\">Fuente de la imagen, <\/span><span lang=\"en-GB\">Naufus Ram\u00edrez-Figueroa<\/span><\/p>\n<\/div>\n<\/div>\n<div dir=\"ltr\" class=\"bbc-3edg7g ebmt73l0\" readability=\"6\"><figcaption dir=\"ltr\" class=\"bbc-rhuvwm e6i104o0\" readability=\"2\"><span class=\"bbc-m04vo2\">Pie de foto, <\/span><\/p>\n<p>Naufus en el Cementerio General de Guatemala.<\/p>\n<\/figcaption><\/div>\n<\/div>\n<\/figure>\n<\/div>\n<section role=\"region\" aria-labelledby=\"article-byline\" class=\"bbc-1vjaf6b\"><strong id=\"article-byline\" aria-hidden=\"true\" class=\"bbc-m04vo2\">Article information<\/strong><\/p>\n<ul role=\"list\" class=\"bbc-1rvtlej\">\n<li><span role=\"text\"><span class=\"bbc-m04vo2\">Author, <\/span><span class=\"bbc-1ypcc2\">Alejandro Mill\u00e1n <\/span><\/span><\/li>\n<li><span role=\"text\"><span class=\"bbc-m04vo2\">Role, <!-- --> <\/span><span class=\"bbc-1y5sx98\">BBC News Mundo<\/span><\/span><\/li>\n<li class=\"bbc-v8pmqw\">\n<p><time datetime=\"2023-08-01\" class=\"bbc-1dafq0j e1mklfmt0\">5 horas<\/time><\/p>\n<\/li>\n<\/ul>\n<\/section>\n<div dir=\"ltr\" class=\"bbc-19j92fr ebmt73l0\" readability=\"8\">\n<p dir=\"ltr\" class=\"bbc-hhl7in e17g058b0\"><b>El video comienza y se puede apreciar a un hombre de pie que sostiene en las manos una especie de cobija para beb\u00e9 amarilla en medio de un cementerio. <\/b><\/p>\n<\/div>\n<div dir=\"ltr\" class=\"bbc-19j92fr ebmt73l0\" readability=\"7\">\n<p dir=\"ltr\" class=\"bbc-hhl7in e17g058b0\">Es Naufus Ram\u00edrez-Figueroa. Nacido en Ciudad de Guatemala en 1978. Renombrado artista.<\/p>\n<\/div>\n<div dir=\"ltr\" class=\"bbc-19j92fr ebmt73l0\" readability=\"7\">\n<p dir=\"ltr\" class=\"bbc-hhl7in e17g058b0\">De los hilos del tejido se desprende agua. Agua que parecen l\u00e1grimas. <\/p>\n<\/div>\n<div dir=\"ltr\" class=\"bbc-19j92fr ebmt73l0\" readability=\"13\">\n<p dir=\"ltr\" class=\"bbc-hhl7in e17g058b0\">Hace m\u00e1s de tres d\u00e9cadas, en medio de la feroz guerra civil que azotaba a Guatemala (1960-1996), uno de los hermanos de Naufus, de apenas 2 a\u00f1os de edad, muri\u00f3 debido a la falta de atenci\u00f3n m\u00e9dica que hab\u00eda en medio del conflicto. <\/p>\n<\/div>\n<div dir=\"ltr\" class=\"bbc-19j92fr ebmt73l0\" readability=\"11\">\n<p dir=\"ltr\" class=\"bbc-hhl7in e17g058b0\">Es una de las tantas dif\u00edciles experiencias que marcaron su infancia y que \u00e9l, con una alabada sensibilidad, convierte en obras art\u00edsticas que lo han llevado a recibir importantes reconocimientos alrededor del mundo. <\/p>\n<\/div>\n<div dir=\"ltr\" class=\"bbc-19j92fr ebmt73l0\" readability=\"14\">\n<p dir=\"ltr\" class=\"bbc-hhl7in e17g058b0\">\u201cRam\u00edrez-Figueroa explora el entramado de la historia y le da forma a trav\u00e9s de la lente de su propio desplazamiento durante y despu\u00e9s de la guerra civil de Guatemala. Y, tomando prestado los lenguajes del folclore, la ciencia ficci\u00f3n y el teatro, reformula eventos hist\u00f3ricos y protagonistas\u201d, rese\u00f1\u00f3 sobre \u00e9l el famoso museo de Guggenheim. <\/p>\n<\/div>\n<div dir=\"ltr\" class=\"bbc-19j92fr ebmt73l0\" readability=\"11\">\n<p dir=\"ltr\" class=\"bbc-hhl7in e17g058b0\">Actualmente tres video-performances que hablan sobre las huellas del conflicto en su vida, incluido en el que sostiene una manta en medio de un cementerio durante la noche, hacen parte de la exposici\u00f3n \u201cArte y Sociedad\u201d que se expone en el prestigioso museo Tate Modern de Londres. <\/p>\n<\/div>\n<div dir=\"ltr\" class=\"bbc-19j92fr ebmt73l0\" readability=\"9\">\n<p dir=\"ltr\" class=\"bbc-hhl7in e17g058b0\">Aunque Ram\u00edrez-Figueroa tuvo que exiliarse con su familia y vivi\u00f3 en Canad\u00e1 y Alemania durante varios a\u00f1os, hoy reside en Guatemala. <\/p>\n<\/div>\n<div dir=\"ltr\" class=\"bbc-19j92fr ebmt73l0\" readability=\"7\">\n<p dir=\"ltr\" class=\"bbc-hhl7in e17g058b0\">BBC Mundo habl\u00f3 con \u00e9l de las obras que exhibe en la capital inglesa.<\/p>\n<\/div>\n<div dir=\"ltr\" class=\"bbc-1ka88fa ebmt73l0\">\n<figure class=\"bbc-1qdcvv9 e1aczekt0\">\n<div dir=\"ltr\" class=\"bbc-172p16q ebmt73l0\">\n<div dir=\"ltr\" class=\"bbc-189y18v ebmt73l0\" readability=\"6.5\">\n<div data-e2e=\"image-placeholder\" class=\"bbc-997y1y eihqrxw0\" readability=\"8\"><noscript><img loading=\"lazy\" sizes=\"(min-width: 1008px) 760px, 100vw\" srcset=\"http:\/\/nuevacordoba.net\/wp-content\/uploads\/2023\/08\/naufus-ramirez-figueroa-el-reconocido-artista-que-llora-con-una-manta-a-su-hermano-de-2-anos-muerto-en-la-guerra-civil-de-guatemala-11.jpg 240w, http:\/\/nuevacordoba.net\/wp-content\/uploads\/2023\/08\/naufus-ramirez-figueroa-el-reconocido-artista-que-llora-con-una-manta-a-su-hermano-de-2-anos-muerto-en-la-guerra-civil-de-guatemala-12.jpg 320w, http:\/\/nuevacordoba.net\/wp-content\/uploads\/2023\/08\/naufus-ramirez-figueroa-el-reconocido-artista-que-llora-con-una-manta-a-su-hermano-de-2-anos-muerto-en-la-guerra-civil-de-guatemala-13.jpg 480w, http:\/\/nuevacordoba.net\/wp-content\/uploads\/2023\/08\/naufus-ramirez-figueroa-el-reconocido-artista-que-llora-con-una-manta-a-su-hermano-de-2-anos-muerto-en-la-guerra-civil-de-guatemala-14.jpg 624w, http:\/\/nuevacordoba.net\/wp-content\/uploads\/2023\/08\/naufus-ramirez-figueroa-el-reconocido-artista-que-llora-con-una-manta-a-su-hermano-de-2-anos-muerto-en-la-guerra-civil-de-guatemala-15.jpg 800w\" src=\"http:\/\/nuevacordoba.net\/wp-content\/uploads\/2023\/08\/naufus-ramirez-figueroa-el-reconocido-artista-que-llora-con-una-manta-a-su-hermano-de-2-anos-muerto-en-la-guerra-civil-de-guatemala-1.jpg\" alt=\"Naufus Ram\u00edrez\" width=\"821\" height=\"548\" class=\"e3vrtyk0 bbc-rb7xa0 e1mo64ex0\"><\/noscript><\/p>\n<p role=\"text\" class=\"bbc-1s1cxbv ewbcsnk0\"><span class=\"bbc-m04vo2\">Fuente de la imagen, <\/span><span lang=\"en-GB\">Getty Images<\/span><\/p>\n<\/div>\n<\/div>\n<div dir=\"ltr\" class=\"bbc-3edg7g ebmt73l0\" readability=\"6\"><figcaption dir=\"ltr\" class=\"bbc-rhuvwm e6i104o0\" readability=\"2\"><span class=\"bbc-m04vo2\">Pie de foto, <\/span><\/p>\n<p>Naufus Ram\u00edrez-Figueroa es uno de los artistas guatemaltecos m\u00e1s reconocidos en el mundo. <\/p>\n<\/figcaption><\/div>\n<\/div>\n<\/figure>\n<\/div>\n<div dir=\"ltr\" class=\"bbc-1ka88fa ebmt73l0\">\n<figure class=\"bbc-1qdcvv9 e1aczekt0\">\n<div dir=\"ltr\" class=\"bbc-172p16q ebmt73l0\">\n<div dir=\"ltr\" class=\"bbc-189y18v ebmt73l0\">\n<div data-e2e=\"image-placeholder\" class=\"bbc-997y1y eihqrxw0\"><noscript><img loading=\"lazy\" sizes=\"(min-width: 1008px) 760px, 100vw\" srcset=\"http:\/\/nuevacordoba.net\/wp-content\/uploads\/2023\/08\/naufus-ramirez-figueroa-el-reconocido-artista-que-llora-con-una-manta-a-su-hermano-de-2-anos-muerto-en-la-guerra-civil-de-guatemala-16.jpg 240w, http:\/\/nuevacordoba.net\/wp-content\/uploads\/2023\/08\/naufus-ramirez-figueroa-el-reconocido-artista-que-llora-con-una-manta-a-su-hermano-de-2-anos-muerto-en-la-guerra-civil-de-guatemala-17.jpg 320w, http:\/\/nuevacordoba.net\/wp-content\/uploads\/2023\/08\/naufus-ramirez-figueroa-el-reconocido-artista-que-llora-con-una-manta-a-su-hermano-de-2-anos-muerto-en-la-guerra-civil-de-guatemala-18.jpg 464w\" src=\"http:\/\/nuevacordoba.net\/wp-content\/uploads\/2023\/08\/naufus-ramirez-figueroa-el-reconocido-artista-que-llora-con-una-manta-a-su-hermano-de-2-anos-muerto-en-la-guerra-civil-de-guatemala-2.jpg\" alt=\"L\u00ednea\" width=\"464\" height=\"2\" class=\"e3vrtyk0 bbc-rb7xa0 e1mo64ex0\"><\/noscript><\/div>\n<\/div>\n<\/div>\n<\/figure>\n<\/div>\n<div dir=\"ltr\" class=\"bbc-19j92fr ebmt73l0\" readability=\"7\">\n<p dir=\"ltr\" class=\"bbc-hhl7in e17g058b0\"><b>\u00bfC\u00f3mo surge la obra que grabas en el cementerio? <\/b><\/p>\n<\/div>\n<div dir=\"ltr\" class=\"bbc-19j92fr ebmt73l0\" readability=\"13\">\n<p dir=\"ltr\" class=\"bbc-hhl7in e17g058b0\">Esa es una performance que hice en el Cementerio General de Guatemala, que es bastante particular, porque hay unos callejones anchos, que uno sabe que son donde est\u00e1n enterradas las personalidades y las familias de alcurnia del pa\u00eds y otros son lugares estrechos llenos de nichos que uno sabe que es donde entierran a los m\u00e1s pobres. <\/p>\n<\/div>\n<div dir=\"ltr\" class=\"bbc-19j92fr ebmt73l0\" readability=\"12\">\n<p dir=\"ltr\" class=\"bbc-hhl7in e17g058b0\">Ese trabajo, que se llama \u201cLa vida en su boca, la muerte acuna su brazo\u201d, dur\u00f3 una noche entera y soy yo sosteniendo una manta amarilla que cubr\u00eda un pedazo de hielo que se iba a derritiendo y el agua iba cayendo en el piso. Como l\u00e1grimas.<\/p>\n<\/div>\n<div dir=\"ltr\" class=\"bbc-19j92fr ebmt73l0\" readability=\"8\">\n<p dir=\"ltr\" class=\"bbc-hhl7in e17g058b0\">Como habl\u00e1bamos, esta historia tiene algo personal. <\/p>\n<\/div>\n<div dir=\"ltr\" class=\"bbc-19j92fr ebmt73l0\" readability=\"13\">\n<p dir=\"ltr\" class=\"bbc-hhl7in e17g058b0\">Mi hermano de 2 a\u00f1os muri\u00f3 durante la guerra civil de Guatemala, y tuvimos que enterrarlo all\u00ed, donde hay muchos osarios, que tienen la particularidad de que no son lugares permanentes. O sea, se alquilan por cierta cantidad de a\u00f1os o de meses y despu\u00e9s los sacan. <\/p>\n<\/div>\n<div dir=\"ltr\" class=\"bbc-19j92fr ebmt73l0\" readability=\"10\">\n<p dir=\"ltr\" class=\"bbc-hhl7in e17g058b0\">Lo que pas\u00f3 es que nosotros pusimos los restos de mi hermano all\u00ed, y ahora no sabemos d\u00f3nde est\u00e1n, porque nos tuvimos que ir del pa\u00eds y cuando regresamos no pudimos recuperarlos. <\/p>\n<\/div>\n<div dir=\"ltr\" class=\"bbc-19j92fr ebmt73l0\" readability=\"7\">\n<p dir=\"ltr\" class=\"bbc-hhl7in e17g058b0\">No sabemos si est\u00e1n con otros restos o los sacaron. <\/p>\n<\/div>\n<div dir=\"ltr\" class=\"bbc-19j92fr ebmt73l0\" readability=\"9\">\n<p dir=\"ltr\" class=\"bbc-hhl7in e17g058b0\">La reflexi\u00f3n que intento hacer parte de c\u00f3mo la memoria nos ayuda con el tema de la p\u00e9rdida, porque mi hermano termin\u00f3 perdido para la familia. <\/p>\n<\/div>\n<div dir=\"ltr\" class=\"bbc-19j92fr ebmt73l0\" readability=\"8\">\n<p dir=\"ltr\" class=\"bbc-hhl7in e17g058b0\"><b>Uno de los principales temas de tu obra es la visibilizaci\u00f3n de lo que para muchos es invisible. \u00bfC\u00f3mo y qu\u00e9 quieres visibilizar cuando pintas a una persona de azul en uno de tus videos?<\/b><\/p>\n<\/div>\n<div dir=\"ltr\" class=\"bbc-19j92fr ebmt73l0\" readability=\"11\">\n<p dir=\"ltr\" class=\"bbc-hhl7in e17g058b0\">En esa performance, que llam\u00e9 \u00abAbstracci\u00f3n Azul\u00bb, pinto de azul a esa persona en medio de un campo que est\u00e1 totalmente quemado, negro. <\/p>\n<\/div>\n<div dir=\"ltr\" class=\"bbc-19j92fr ebmt73l0\" readability=\"11\">\n<p dir=\"ltr\" class=\"bbc-hhl7in e17g058b0\">Cuando estaba en la academia de arte, ese tono de azul lo utilizab\u00e1mos en los videos para transparentar las cosas que no quer\u00edamos que aparecieran despu\u00e9s, como los <i class=\"bbc-h1y5j7 eih42320\">green screen<\/i> que ahora se usan en la filmaci\u00f3n de las pel\u00edculas. <\/p>\n<\/div>\n<div dir=\"ltr\" class=\"bbc-19j92fr ebmt73l0\" readability=\"9\">\n<p dir=\"ltr\" class=\"bbc-hhl7in e17g058b0\">Me pareci\u00f3 que era el tono preciso para pintar a esa persona muy cerca de un aeropuerto militar abandonado, que durante la guerra civil fue utilizado para desaparecer a militantes. <\/p>\n<\/div>\n<div dir=\"ltr\" class=\"bbc-19j92fr ebmt73l0\" readability=\"10\">\n<p dir=\"ltr\" class=\"bbc-hhl7in e17g058b0\">O sea, se estima que en los terrenos donde grabamos este video hay personas que fueron desaparecidas, asesinadas y enterradas all\u00ed por las fuerzas del gobierno. <\/p>\n<\/div>\n<div dir=\"ltr\" class=\"bbc-19j92fr ebmt73l0\" readability=\"12\">\n<p dir=\"ltr\" class=\"bbc-hhl7in e17g058b0\">Mi intenci\u00f3n b\u00e1sica es hacer memoria p\u00fablica, pero hacerla desde una est\u00e9tica diferente, donde haya una presencia visual importante, como la manta en el cementerio o esta persona pintada de azul en medio de un campo quemado. <\/p>\n<\/div>\n<div dir=\"ltr\" class=\"bbc-19j92fr ebmt73l0\" readability=\"10\">\n<p dir=\"ltr\" class=\"bbc-hhl7in e17g058b0\">Y claro, por eso la gente me pregunta porque hablo tanto del conflicto. Y es que creo que han quedado muchas cosas sin contar, sin visibilizar. <\/p>\n<\/div>\n<div dir=\"ltr\" class=\"bbc-19j92fr ebmt73l0\" readability=\"7\">\n<p dir=\"ltr\" class=\"bbc-hhl7in e17g058b0\"><b>Yo tambi\u00e9n te hago esa pregunta: \u00bfpor qu\u00e9 insistir tanto? <\/b><\/p>\n<\/div>\n<div dir=\"ltr\" class=\"bbc-19j92fr ebmt73l0\" readability=\"11\">\n<p dir=\"ltr\" class=\"bbc-hhl7in e17g058b0\">Creo que la intenci\u00f3n siempre ha sido intentar ver de un modo diferente esos asuntos, que no sea en blanco y negro, estilo documental, etc\u00e9tera. <\/p>\n<\/div>\n<div dir=\"ltr\" class=\"bbc-19j92fr ebmt73l0\" readability=\"12\">\n<p dir=\"ltr\" class=\"bbc-hhl7in e17g058b0\">A ver, esa historia de la guerra y posguerra, el exilio, ha marcado a tantas generaciones de mi familia que comenc\u00e9 a buscar la forma de entenderlo, de c\u00f3mo pod\u00eda comprender lo que hab\u00eda pasado. <\/p>\n<\/div>\n<div dir=\"ltr\" class=\"bbc-19j92fr ebmt73l0\" readability=\"12\">\n<p dir=\"ltr\" class=\"bbc-hhl7in e17g058b0\">Por eso hablo tanto de eso, porque son muchos elementos. No son solo los a\u00f1os de la guerra, tambi\u00e9n est\u00e1 la invasi\u00f3n de la CIA en el 54, que se extiende al trato de los pueblos originarios de Guatemala. Y a eso hay que sumarle el inter\u00e9s de las empresas extranjeras en el pa\u00eds. <\/p>\n<\/div>\n<div dir=\"ltr\" class=\"bbc-19j92fr ebmt73l0\" readability=\"12\">\n<p dir=\"ltr\" class=\"bbc-hhl7in e17g058b0\">O sea, de lo que hablo en mis obras surge del conflicto, pero se extiende a lo que se puede entender como nuestra posici\u00f3n de pol\u00edtica econ\u00f3mica hacia el mundo, que no es otra cosa que tener para perder: damos nuestra materia prima a los pa\u00edses extranjeros y nos quedamos con casi nada. <\/p>\n<\/div>\n<div dir=\"ltr\" class=\"bbc-1ka88fa ebmt73l0\">\n<figure class=\"bbc-1qdcvv9 e1aczekt0\">\n<div dir=\"ltr\" class=\"bbc-172p16q ebmt73l0\">\n<div dir=\"ltr\" class=\"bbc-189y18v ebmt73l0\" readability=\"6.5\">\n<div data-e2e=\"image-placeholder\" class=\"bbc-997y1y eihqrxw0\" readability=\"8\"><noscript><img loading=\"lazy\" sizes=\"(min-width: 1008px) 760px, 100vw\" srcset=\"http:\/\/nuevacordoba.net\/wp-content\/uploads\/2023\/08\/naufus-ramirez-figueroa-el-reconocido-artista-que-llora-con-una-manta-a-su-hermano-de-2-anos-muerto-en-la-guerra-civil-de-guatemala-19.jpg 240w, http:\/\/nuevacordoba.net\/wp-content\/uploads\/2023\/08\/naufus-ramirez-figueroa-el-reconocido-artista-que-llora-con-una-manta-a-su-hermano-de-2-anos-muerto-en-la-guerra-civil-de-guatemala-20.jpg 320w, http:\/\/nuevacordoba.net\/wp-content\/uploads\/2023\/08\/naufus-ramirez-figueroa-el-reconocido-artista-que-llora-con-una-manta-a-su-hermano-de-2-anos-muerto-en-la-guerra-civil-de-guatemala-21.jpg 480w, http:\/\/nuevacordoba.net\/wp-content\/uploads\/2023\/08\/naufus-ramirez-figueroa-el-reconocido-artista-que-llora-con-una-manta-a-su-hermano-de-2-anos-muerto-en-la-guerra-civil-de-guatemala-22.jpg 624w, http:\/\/nuevacordoba.net\/wp-content\/uploads\/2023\/08\/naufus-ramirez-figueroa-el-reconocido-artista-que-llora-con-una-manta-a-su-hermano-de-2-anos-muerto-en-la-guerra-civil-de-guatemala-23.jpg 800w\" src=\"http:\/\/nuevacordoba.net\/wp-content\/uploads\/2023\/08\/naufus-ramirez-figueroa-el-reconocido-artista-que-llora-con-una-manta-a-su-hermano-de-2-anos-muerto-en-la-guerra-civil-de-guatemala-3.jpg\" alt=\"Hombre pintado de azul. \" width=\"800\" height=\"450\" class=\"e3vrtyk0 bbc-rb7xa0 e1mo64ex0\"><\/noscript><\/p>\n<p role=\"text\" class=\"bbc-1s1cxbv ewbcsnk0\"><span class=\"bbc-m04vo2\">Fuente de la imagen, <\/span><span lang=\"en-GB\">Naufus Ram\u00edrez-Figueroa<\/span><\/p>\n<\/div>\n<\/div>\n<div dir=\"ltr\" class=\"bbc-3edg7g ebmt73l0\" readability=\"7\"><figcaption dir=\"ltr\" class=\"bbc-rhuvwm e6i104o0\" readability=\"4\"><span class=\"bbc-m04vo2\">Pie de foto, <\/span><\/p>\n<p>En la obra de Raufus, una pintura azul que sirve para transparentar en los videos tambi\u00e9n sirve para visualizar los rigores de la guerra. <\/p>\n<\/figcaption><\/div>\n<\/div>\n<\/figure>\n<\/div>\n<div dir=\"ltr\" class=\"bbc-19j92fr ebmt73l0\" readability=\"10\">\n<p dir=\"ltr\" class=\"bbc-hhl7in e17g058b0\"><b>Hay otra performance, \u00abPrint Sleep\u00bb, donde pintas las camas donde las personas duermen y se quedan con esas marcas&#8230; <\/b><\/p>\n<\/div>\n<div dir=\"ltr\" class=\"bbc-19j92fr ebmt73l0\" readability=\"12\">\n<p dir=\"ltr\" class=\"bbc-hhl7in e17g058b0\">Ese trabajo surge, de nuevo, de algo personal: es resultado de una comisi\u00f3n que hice durante mi residencia en Berl\u00edn, donde parto de una pr\u00e1ctica de tortura que se llama parrilla y que se us\u00f3 a lo largo de toda Am\u00e9rica Latina durante varios a\u00f1os de gobiernos opresivos. <\/p>\n<\/div>\n<div dir=\"ltr\" class=\"bbc-19j92fr ebmt73l0\" readability=\"8\">\n<p dir=\"ltr\" class=\"bbc-hhl7in e17g058b0\">La llamaban as\u00ed porque pasaban electricidad a trav\u00e9s de los catres de metal donde las personas estaban siendo torturadas. Y pues dejaba marcas. <\/p>\n<\/div>\n<div dir=\"ltr\" class=\"bbc-19j92fr ebmt73l0\" readability=\"10\">\n<p dir=\"ltr\" class=\"bbc-hhl7in e17g058b0\">Una de las v\u00edctimas de este sistema de tortura fue mi t\u00edo, que fue militante durante los a\u00f1os 80, y termin\u00f3 siendo asesinado por el gobierno.<\/p>\n<\/div>\n<div dir=\"ltr\" class=\"bbc-19j92fr ebmt73l0\" readability=\"7\">\n<p dir=\"ltr\" class=\"bbc-hhl7in e17g058b0\">Recuerdo que cuando recuperamos su cad\u00e1ver ten\u00eda las marcas de lo que le hab\u00edan hecho. <\/p>\n<\/div>\n<div dir=\"ltr\" class=\"bbc-19j92fr ebmt73l0\" readability=\"13\">\n<p dir=\"ltr\" class=\"bbc-hhl7in e17g058b0\">Pero cuando present\u00e9 esta obra en Holanda, no mencion\u00e9 lo de la parrilla, porque no quer\u00eda limitar la experiencia a la tortura en Guatemala, un pa\u00eds tan peque\u00f1o, con el que dudo que haya tanta empat\u00eda. <\/p>\n<\/div>\n<div dir=\"ltr\" class=\"bbc-19j92fr ebmt73l0\" readability=\"14\">\n<p dir=\"ltr\" class=\"bbc-hhl7in e17g058b0\">En general, me ha funcionado mejor en mi obra no dar detalles como ese. Despu\u00e9s de mudarme muchas veces, de ser desplazado interno, de tener que irme de mi pa\u00eds, tengo historias para contar, pero no toda circunstancia da para que alguien te escuche. <\/p>\n<\/div>\n<div dir=\"ltr\" class=\"bbc-19j92fr ebmt73l0\" readability=\"10\">\n<p dir=\"ltr\" class=\"bbc-hhl7in e17g058b0\">Por eso ampl\u00edo muchos de mis trabajos. Por eso a este lo llam\u00e9 \u201cPrint Sleep\u201d, porque los sue\u00f1os tambi\u00e9n nos dejan marcas en la mente, el lugar donde dormimos nos deja marcas en el cuerpo. <\/p>\n<\/div>\n<div dir=\"ltr\" class=\"bbc-19j92fr ebmt73l0\" readability=\"7\">\n<p dir=\"ltr\" class=\"bbc-hhl7in e17g058b0\">Pero el origen s\u00ed es esa t\u00e9cnica horrible que se us\u00f3 en esos a\u00f1os oscuros. <\/p>\n<\/div>\n<div dir=\"ltr\" class=\"e18mih2h1 bbc-9m7iam ebmt73l0\">\n<figure class=\"bbc-1qdcvv9 e1aczekt0\">\n<div dir=\"ltr\" class=\"bbc-vx18wi ebmt73l0\">\n<div dir=\"ltr\" class=\"bbc-rprdln ebmt73l0\" readability=\"6.5\">\n<div data-e2e=\"image-placeholder\" class=\"bbc-997y1y eihqrxw0\" readability=\"8\"><noscript><img loading=\"lazy\" sizes=\"(min-width: 1008px) 760px, 100vw\" srcset=\"http:\/\/nuevacordoba.net\/wp-content\/uploads\/2023\/08\/naufus-ramirez-figueroa-el-reconocido-artista-que-llora-con-una-manta-a-su-hermano-de-2-anos-muerto-en-la-guerra-civil-de-guatemala-24.jpg 240w, http:\/\/nuevacordoba.net\/wp-content\/uploads\/2023\/08\/naufus-ramirez-figueroa-el-reconocido-artista-que-llora-con-una-manta-a-su-hermano-de-2-anos-muerto-en-la-guerra-civil-de-guatemala-25.jpg 320w, http:\/\/nuevacordoba.net\/wp-content\/uploads\/2023\/08\/naufus-ramirez-figueroa-el-reconocido-artista-que-llora-con-una-manta-a-su-hermano-de-2-anos-muerto-en-la-guerra-civil-de-guatemala-26.jpg 480w, http:\/\/nuevacordoba.net\/wp-content\/uploads\/2023\/08\/naufus-ramirez-figueroa-el-reconocido-artista-que-llora-con-una-manta-a-su-hermano-de-2-anos-muerto-en-la-guerra-civil-de-guatemala-27.jpg 624w, http:\/\/nuevacordoba.net\/wp-content\/uploads\/2023\/08\/naufus-ramirez-figueroa-el-reconocido-artista-que-llora-con-una-manta-a-su-hermano-de-2-anos-muerto-en-la-guerra-civil-de-guatemala-28.jpg 700w\" src=\"http:\/\/nuevacordoba.net\/wp-content\/uploads\/2023\/08\/naufus-ramirez-figueroa-el-reconocido-artista-que-llora-con-una-manta-a-su-hermano-de-2-anos-muerto-en-la-guerra-civil-de-guatemala-4.jpg\" alt=\"Hombre pintado sobre una cama\" width=\"700\" height=\"1050\" class=\"e3vrtyk0 bbc-rb7xa0 e1mo64ex0\"><\/noscript><\/p>\n<p role=\"text\" class=\"bbc-1s1cxbv ewbcsnk0\"><span class=\"bbc-m04vo2\">Fuente de la imagen, <\/span><span lang=\"en-GB\">Naufus Ram\u00edrez-Figueroa<\/span><\/p>\n<\/div>\n<\/div>\n<div dir=\"ltr\" class=\"bbc-3edg7g ebmt73l0\" readability=\"6\"><figcaption dir=\"ltr\" class=\"bbc-rhuvwm e6i104o0\" readability=\"2\"><span class=\"bbc-m04vo2\">Pie de foto, <\/span><\/p>\n<p>Las marcas de la guerra en la obra de Naufus Ram\u00edrez-Figueora. <\/p>\n<\/figcaption><\/div>\n<\/div>\n<\/figure>\n<\/div>\n<div dir=\"ltr\" class=\"bbc-19j92fr ebmt73l0\" readability=\"8\">\n<p dir=\"ltr\" class=\"bbc-hhl7in e17g058b0\"><b>Has dicho en varias ocasiones que buscas crear la sensaci\u00f3n de algo&#8230; \u00bfC\u00f3mo se crea la sensaci\u00f3n de un pa\u00eds?<\/b><\/p>\n<\/div>\n<div dir=\"ltr\" class=\"bbc-19j92fr ebmt73l0\" readability=\"7\">\n<p dir=\"ltr\" class=\"bbc-hhl7in e17g058b0\">Creo que habr\u00eda que aclarar que hablar de Guatemala entera es un poco dif\u00edcil. <\/p>\n<\/div>\n<div dir=\"ltr\" class=\"bbc-19j92fr ebmt73l0\" readability=\"10\">\n<p dir=\"ltr\" class=\"bbc-hhl7in e17g058b0\">Yo no pretendo contar el pa\u00eds, lo que intento es crear empat\u00eda humana, y ver si alguien m\u00e1s responde. <\/p>\n<\/div>\n<div dir=\"ltr\" class=\"bbc-19j92fr ebmt73l0\" readability=\"8\">\n<p dir=\"ltr\" class=\"bbc-hhl7in e17g058b0\">Al vivir tanto tiempo afuera, te das cuenta de que muchos lugares tienen historias similares. <\/p>\n<\/div>\n<div dir=\"ltr\" class=\"bbc-19j92fr ebmt73l0\" readability=\"13\">\n<p dir=\"ltr\" class=\"bbc-hhl7in e17g058b0\">Entonces, no importa de d\u00f3nde venga ese relato, si de \u00c1frica o de Argentina, sino lo que produce escucharlo, c\u00f3mo te afecta, c\u00f3mo te identificas con eso a varios niveles.<\/p>\n<\/div>\n<div dir=\"ltr\" class=\"bbc-19j92fr ebmt73l0\" readability=\"9\">\n<p dir=\"ltr\" class=\"bbc-hhl7in e17g058b0\">Hay muchas personas que han vivido lo mismo que yo, y esperaban o esperan la paz en sus pa\u00edses para poder regresar. <\/p>\n<\/div>\n<div dir=\"ltr\" class=\"bbc-19j92fr ebmt73l0\" readability=\"9\">\n<p dir=\"ltr\" class=\"bbc-hhl7in e17g058b0\"><b>Los niveles de inversi\u00f3n social de Guatemala son los m\u00e1s bajos del continente, el hambre alcanza al 50% de los ni\u00f1os. \u00bfT\u00fa como artista c\u00f3mo te relaciones con esta crisis?<\/b><\/p>\n<\/div>\n<div dir=\"ltr\" class=\"bbc-19j92fr ebmt73l0\" readability=\"8\">\n<p dir=\"ltr\" class=\"bbc-hhl7in e17g058b0\">Mi madre trabaja desde hace ya varias d\u00e9cadas en proyectos comunitarios y puedo ver la lucha y el sufrimiento que viven muchas personas para poder pasar la vida. <\/p>\n<\/div>\n<div dir=\"ltr\" class=\"bbc-19j92fr ebmt73l0\" readability=\"7\">\n<p dir=\"ltr\" class=\"bbc-hhl7in e17g058b0\">No es un tema totalmente desconocido para m\u00ed. <\/p>\n<\/div>\n<div dir=\"ltr\" class=\"bbc-19j92fr ebmt73l0\" readability=\"12\">\n<p dir=\"ltr\" class=\"bbc-hhl7in e17g058b0\">La p\u00e9rdida de mi hermano tuvo que ver un poco con esas circunstancias, que se dieron en el conflicto, s\u00ed, pero a\u00fan contin\u00faan, como la falta de acceso a un doctor. <\/p>\n<\/div>\n<div dir=\"ltr\" class=\"bbc-19j92fr ebmt73l0\" readability=\"13\">\n<p dir=\"ltr\" class=\"bbc-hhl7in e17g058b0\">Ahora, me siento un poco incapaz de representarlo. Como que no le veo la utilidad a mi profesi\u00f3n de estos temas cr\u00edticos, que me parece necesitan ser resueltos por otras v\u00edas, como por ejemplo, el tema de que los ricos no quieran pagar impuestos. <\/p>\n<\/div>\n<div dir=\"ltr\" class=\"bbc-19j92fr ebmt73l0\" readability=\"9\">\n<p dir=\"ltr\" class=\"bbc-hhl7in e17g058b0\">Creo que lo que me pasa es que me cuesta entender la situaci\u00f3n actual, me pregunto si realmente este es pa\u00eds no es suficiente para que haya tantos guatemaltecos que deciden migrar.<\/p>\n<\/div>\n<div dir=\"ltr\" class=\"bbc-19j92fr ebmt73l0\" readability=\"12\">\n<p dir=\"ltr\" class=\"bbc-hhl7in e17g058b0\">Y lo que veo es que Guatemala tiene de todo, suelos f\u00e9rtiles, dos costas en distintos oc\u00e9anos, recursos naturales, pero no tenemos qui\u00e9n lo defienda. <\/p>\n<\/div>\n<div dir=\"ltr\" class=\"bbc-19j92fr ebmt73l0\" readability=\"9\">\n<p dir=\"ltr\" class=\"bbc-hhl7in e17g058b0\">No puede ser que despu\u00e9s de tantos a\u00f1os, la soluci\u00f3n siga siendo irse a Estados Unidos o a Europa. <\/p>\n<\/div>\n<div dir=\"ltr\" class=\"bbc-19j92fr ebmt73l0\" readability=\"10\">\n<p dir=\"ltr\" class=\"bbc-hhl7in e17g058b0\">Esa incomprensi\u00f3n me dificulta buscar la forma de generar simpat\u00eda, sensaciones, convertirlo en una obra.<\/p>\n<\/div>\n<div dir=\"ltr\" class=\"bbc-1ka88fa ebmt73l0\">\n<figure class=\"bbc-1qdcvv9 e1aczekt0\">\n<div dir=\"ltr\" class=\"bbc-172p16q ebmt73l0\">\n<div dir=\"ltr\" class=\"bbc-189y18v ebmt73l0\">\n<div data-e2e=\"image-placeholder\" class=\"bbc-997y1y eihqrxw0\"><noscript><img loading=\"lazy\" sizes=\"(min-width: 1008px) 760px, 100vw\" srcset=\"http:\/\/nuevacordoba.net\/wp-content\/uploads\/2023\/08\/naufus-ramirez-figueroa-el-reconocido-artista-que-llora-con-una-manta-a-su-hermano-de-2-anos-muerto-en-la-guerra-civil-de-guatemala-29.jpg 240w, http:\/\/nuevacordoba.net\/wp-content\/uploads\/2023\/08\/naufus-ramirez-figueroa-el-reconocido-artista-que-llora-con-una-manta-a-su-hermano-de-2-anos-muerto-en-la-guerra-civil-de-guatemala-30.jpg 320w, http:\/\/nuevacordoba.net\/wp-content\/uploads\/2023\/08\/naufus-ramirez-figueroa-el-reconocido-artista-que-llora-con-una-manta-a-su-hermano-de-2-anos-muerto-en-la-guerra-civil-de-guatemala-31.jpg 464w\" src=\"http:\/\/nuevacordoba.net\/wp-content\/uploads\/2023\/08\/naufus-ramirez-figueroa-el-reconocido-artista-que-llora-con-una-manta-a-su-hermano-de-2-anos-muerto-en-la-guerra-civil-de-guatemala-5.jpg\" alt=\"L\u00ednea\" width=\"464\" height=\"2\" class=\"e3vrtyk0 bbc-rb7xa0 e1mo64ex0\"><\/noscript><\/div>\n<\/div>\n<\/div>\n<\/figure>\n<\/div>\n<div dir=\"ltr\" class=\"bbc-19j92fr ebmt73l0\" readability=\"8\">\n<p dir=\"ltr\" class=\"bbc-hhl7in e17g058b0\">Recuerda que puedes recibir notificaciones de BBC News Mundo. Descarga la \u00faltima versi\u00f3n de nuestra app y act\u00edvalas para no perderte nuestro mejor contenido.<\/p>\n<\/div>\n","protected":false},"excerpt":{"rendered":"<p>Fuente de la imagen, Naufus Ram\u00edrez-Figueroa Pie de foto, Naufus en el Cementerio General de Guatemala. Article information Author, Alejandro Mill\u00e1n Role, BBC News Mundo 5 horas El video comienza y se puede apreciar a un hombre de pie que sostiene en las manos una especie de cobija para beb\u00e9 amarilla en medio de un [&hellip;]<\/p>\n","protected":false},"author":1,"featured_media":34999,"comment_status":"closed","ping_status":"closed","sticky":false,"template":"","format":"standard","meta":[],"categories":[13],"tags":[],"_links":{"self":[{"href":"http:\/\/nuevacordoba.net\/index.php\/wp-json\/wp\/v2\/posts\/34998"}],"collection":[{"href":"http:\/\/nuevacordoba.net\/index.php\/wp-json\/wp\/v2\/posts"}],"about":[{"href":"http:\/\/nuevacordoba.net\/index.php\/wp-json\/wp\/v2\/types\/post"}],"author":[{"embeddable":true,"href":"http:\/\/nuevacordoba.net\/index.php\/wp-json\/wp\/v2\/users\/1"}],"replies":[{"embeddable":true,"href":"http:\/\/nuevacordoba.net\/index.php\/wp-json\/wp\/v2\/comments?post=34998"}],"version-history":[{"count":0,"href":"http:\/\/nuevacordoba.net\/index.php\/wp-json\/wp\/v2\/posts\/34998\/revisions"}],"wp:featuredmedia":[{"embeddable":true,"href":"http:\/\/nuevacordoba.net\/index.php\/wp-json\/wp\/v2\/media\/34999"}],"wp:attachment":[{"href":"http:\/\/nuevacordoba.net\/index.php\/wp-json\/wp\/v2\/media?parent=34998"}],"wp:term":[{"taxonomy":"category","embeddable":true,"href":"http:\/\/nuevacordoba.net\/index.php\/wp-json\/wp\/v2\/categories?post=34998"},{"taxonomy":"post_tag","embeddable":true,"href":"http:\/\/nuevacordoba.net\/index.php\/wp-json\/wp\/v2\/tags?post=34998"}],"curies":[{"name":"wp","href":"https:\/\/api.w.org\/{rel}","templated":true}]}}